{"id":30764,"date":"2023-07-10T17:01:47","date_gmt":"2023-07-10T21:31:47","guid":{"rendered":"https:\/\/elmundodelosnegocios.com.do\/v1\/?p=30764"},"modified":"2023-07-10T17:05:07","modified_gmt":"2023-07-10T21:35:07","slug":"avanza-rd-en-la-transformacion-del-sector-energetico-cumpliendo-con-pacto-electrico","status":"publish","type":"post","link":"https:\/\/elmundodelosnegocios.com.do\/v1\/avanza-rd-en-la-transformacion-del-sector-energetico-cumpliendo-con-pacto-electrico\/","title":{"rendered":"Avanza RD en la transformaci\u00f3n del sector energ\u00e9tico cumpliendo con Pacto El\u00e9ctrico"},"content":{"rendered":"\n<p>Santo Domingo.-&nbsp;<strong>El ministro de Energ\u00eda y Minas (MEM), Antonio Almonte,<\/strong>&nbsp;present\u00f3 ante el&nbsp;<strong>Consejo Econ\u00f3mico y Social<\/strong>&nbsp;los avances y las transformaciones institucionales que ha experimentado el sector el\u00e9ctrico&nbsp;<strong>tras la firma del Pacto El\u00e9ctrico<\/strong>, contribuyendo as\u00ed a lograr un&nbsp;<strong>servicio m\u00e1s estable, robusto y a menor costo.<\/strong><\/p>\n\n\n<div class=\"wp-block-image\">\n<figure class=\"aligncenter size-large\"><img loading=\"lazy\" decoding=\"async\" width=\"1024\" height=\"576\" src=\"https:\/\/elmundodelosnegocios.com.do\/v1\/wp-content\/uploads\/2023\/07\/4-1-1024x576.jpg\" alt=\"\" class=\"wp-image-30765\" srcset=\"https:\/\/elmundodelosnegocios.com.do\/v1\/wp-content\/uploads\/2023\/07\/4-1-1024x576.jpg 1024w, https:\/\/elmundodelosnegocios.com.do\/v1\/wp-content\/uploads\/2023\/07\/4-1-300x169.jpg 300w, https:\/\/elmundodelosnegocios.com.do\/v1\/wp-content\/uploads\/2023\/07\/4-1-768x432.jpg 768w, https:\/\/elmundodelosnegocios.com.do\/v1\/wp-content\/uploads\/2023\/07\/4-1.jpg 1300w\" sizes=\"auto, (max-width: 1024px) 100vw, 1024px\" \/><\/figure>\n<\/div>\n\n\n<p>Durante su amplia exposici\u00f3n, el ministro Almonte expres\u00f3 que hasta el momento han cumplido con alrededor de un&nbsp;<strong>50 % de los puntos consensuados<\/strong>&nbsp;en la firma del Pacto, estimando que al final de los&nbsp;<strong>seis a\u00f1os<\/strong>&nbsp;previstos para la implementaci\u00f3n del acuerdo, se hayan cumplido&nbsp;<strong>casi todos los compromisos y acciones<\/strong>&nbsp;para la transformaci\u00f3n del sistema el\u00e9ctrico nacional.&nbsp;<\/p>\n\n\n\n<p><em>\u201cLo importante en todo esto es que, como se ve, hay un buen avance en el cumplimiento de los compromisos, pero faltan otros, y esos que faltan se est\u00e1n trabajando, porque hay puntos de ese pacto que requieren tiempo. Tenemos un horizonte de seis a\u00f1os de pacto y todav\u00eda nos faltan cuatro, lo que quiere decir que vamos a buen ritmo\u201d,<\/em>&nbsp;dijo.<\/p>\n\n\n\n<p>Explic\u00f3 que los compromisos del acuerdo est\u00e1n distribuidos entre&nbsp;<strong>todas las instituciones del Estado vinculadas al sector el\u00e9ctrico<\/strong>&nbsp;y que, en el caso del&nbsp;<strong>Ministerio de Energ\u00eda y Minas<\/strong>, este ha cumplido&nbsp;<strong>16 compromisos de los 24 que le fueron asignados<\/strong>&nbsp;en el documento firmado el 25 de febrero del 2021.<\/p>\n\n\n\n<p><em>\u201cHay muchas cosas que se han cumplido. Es posible que haya faltado explicaci\u00f3n a la sociedad por parte nuestra, pero son muchas cosas que se han hecho y que se est\u00e1n cumpliendo y tenemos un monitoreo; adem\u00e1s, hemos entregado al CES las evidencias de las cosas que hemos logrado\u201d,<\/em>&nbsp;agreg\u00f3.<\/p>\n\n\n<div class=\"wp-block-image\">\n<figure class=\"aligncenter\"><img decoding=\"async\" src=\"https:\/\/presidencia.gob.do\/sites\/default\/files\/inline-images\/Reuni%C3%B3n%20avances%20del%20Pacto%20El%C3%A9ctrico.jpg\" alt=\"\"\/><\/figure>\n<\/div>\n\n\n<p>Resalt\u00f3 que&nbsp;<strong>la actual gesti\u00f3n, encabezada por el presidente Luis Abinader<\/strong>, logr\u00f3 desde su primer trimestre abastecer en un&nbsp;<strong>98 % la demanda de electricidad de la poblaci\u00f3n<\/strong>, siendo uno de los puntos cumplidos del pacto.&nbsp;<em>\u201cAntes de nosotros llegar al Gobierno, ten\u00edamos un 85 % el abastecimiento de la demanda y el restante 15 % se distribu\u00eda en apagones diarios en diferentes puntos del pa\u00eds\u201d.<\/em><\/p>\n\n\n\n<p>Entre los puntos cumplidos, Almonte se\u00f1al\u00f3 que han logrado una gran participaci\u00f3n en el sistema el\u00e9ctrico de&nbsp;<strong>m\u00e1s de 970 megavatios de energ\u00edas renovables,<\/strong>&nbsp;lo que ha diversificado la matriz de generaci\u00f3n, produciendo&nbsp;<strong>energ\u00eda a menor precio y amigable con el medioambiente.<\/strong><\/p>\n\n\n\n<p>Reiter\u00f3 que en la actualidad se encuentran en construcci\u00f3n&nbsp;<strong>16 nuevos proyectos de energ\u00edas limpias<\/strong>&nbsp;y entrar\u00e1n al sistema en el transcurso del a\u00f1o. La energ\u00eda producida ayudar\u00e1 al pa\u00eds a&nbsp;<strong>reducir la dependencia de la importaci\u00f3n de combustibles f\u00f3siles<\/strong>&nbsp;para garantizar la seguridad energ\u00e9tica.<\/p>\n\n\n\n<p>En cuanto a las transformaciones institucionales para mejorar el sistema el\u00e9ctrico, Almonte cit\u00f3 la&nbsp;<strong>eliminaci\u00f3n de la CDEEE, la creaci\u00f3n de la Empresa Generadora Punta Catalina y la transformaci\u00f3n de la UERS<\/strong>, que ahora es una direcci\u00f3n del MEM. Los cambios se produjeron con base en la&nbsp;<strong>Ley n\u00fam. 355-22<\/strong>, que dispone la supresi\u00f3n de la CDEEE y se hicieron en menos de dos a\u00f1os.&nbsp;<\/p>\n\n\n\n<p>Tambi\u00e9n se\u00f1al\u00f3 la emisi\u00f3n del&nbsp;<strong>Decreto&nbsp;<\/strong><a href=\"https:\/\/presidencia.gob.do\/decretos\/158-23\"><strong>158-23<\/strong><\/a><strong>&nbsp;sobre Ahorro y Eficiencia Energ\u00e9tica,<\/strong>&nbsp;para modificar el reglamento de la Ley de Incentivos a las Energ\u00edas Renovables.<\/p>\n\n\n\n<p>El ministro mostr\u00f3 tambi\u00e9n al Congreso un anteproyecto de ley para la&nbsp;<strong>actualizaci\u00f3n del<\/strong>&nbsp;<strong>marco legal del mercado el\u00e9ctrico dominicano.<\/strong><\/p>\n\n\n\n<p>Asimismo, expres\u00f3 que uno de los retos que tiene el Gobierno en materia el\u00e9ctrica es&nbsp;<strong>reducir significativamente el d\u00e9ficit de las Empresas Distribuidoras de Electricidad (EDE)<\/strong>, en las cuales hay que hacer inversiones en materiales, contadores, transformadores y equipos para reducir las p\u00e9rdidas el\u00e9ctricas y, por consiguiente, elevar&nbsp;<strong>el nivel de cobranza<\/strong>&nbsp;a los consumidores.<\/p>\n\n\n\n<p><em>\u201cEn el a\u00f1o pasado, hubo una subida de los precios de los combustibles por el conflicto b\u00e9lico entre Rusia y Ucrania y las EDE compraban la energ\u00eda a las generadoras m\u00e1s cara, pero esas alzas las distribuidoras no se la transfirieron a sus clientes (la poblaci\u00f3n), es decir, que vend\u00edan la energ\u00eda al mismo precio que les compraban a las generadoras; eso le provoc\u00f3 un d\u00e9ficit\u201d,<\/em>&nbsp;sostuvo Almonte durante su exposici\u00f3n en el edificio del CES, la cual se realiz\u00f3 de forma presencial y virtual.<\/p>\n\n\n\n<p>El funcionario manifest\u00f3 que, aunque el Pacto El\u00e9ctrico establece un&nbsp;<strong>aumento gradual de la factura el\u00e9ctrica&nbsp;<\/strong>para que las EDE puedan ser autosuficientes, el&nbsp;<strong>Gobierno fren\u00f3 esas alzas para evitar inflaci\u00f3n&nbsp;<\/strong>en los precios de los productos y que esto no desencadenara en una crisis.<\/p>\n\n\n\n<p>Explic\u00f3 que el sistema el\u00e9ctrico est\u00e1 inmerso en la transici\u00f3n energ\u00e9tica con fuentes renovables y tiene en plan la&nbsp;<strong>colocaci\u00f3n de paneles solares en las instituciones del Estado<\/strong>, a fin reducir la dependencia de los combustibles f\u00f3siles, lo que se traducir\u00e1 en un ahorro en la compra de energ\u00eda.<\/p>\n\n\n\n<p>El ministro Almonte estuvo acompa\u00f1ado por los viceministros&nbsp;<strong>Alfonso Rodr\u00edguez y Rafael G\u00f3mez<\/strong>, as\u00ed como&nbsp;<strong>Freddy Lara<\/strong>, asesor del MEM.<\/p>\n\n\n\n<p>Tambi\u00e9n se dieron cita, Rafael Toribio, presidente del CES; Elisa Elena Gonz\u00e1lez, asesora t\u00e9cnica, y Juli\u00e1n Mart\u00ednez, entre otros representantes del sector laboral, empresarial y social.<\/p>\n","protected":false},"excerpt":{"rendered":"<p>Santo Domingo.-&nbsp;El ministro de Energ\u00eda y Minas (MEM), Antonio Almonte,&nbsp;present\u00f3 ante el&nbsp;Consejo Econ\u00f3mico y Social&nbsp;los avances y las transformaciones institucionales que ha experimentado el sector el\u00e9ctrico&nbsp;tras la firma del Pacto&hellip; <\/p>\n","protected":false},"author":2,"featured_media":30765,"comment_status":"closed","ping_status":"closed","sticky":false,"template":"","format":"standard","meta":{"fifu_image_url":"","fifu_image_alt":"","footnotes":""},"categories":[182],"tags":[],"class_list":["post-30764","post","type-post","status-publish","format-standard","has-post-thumbnail","hentry","category-energia"],"_links":{"self":[{"href":"https:\/\/elmundodelosnegocios.com.do\/v1\/wp-json\/wp\/v2\/posts\/30764","targetHints":{"allow":["GET"]}}],"collection":[{"href":"https:\/\/elmundodelosnegocios.com.do\/v1\/wp-json\/wp\/v2\/posts"}],"about":[{"href":"https:\/\/elmundodelosnegocios.com.do\/v1\/wp-json\/wp\/v2\/types\/post"}],"author":[{"embeddable":true,"href":"https:\/\/elmundodelosnegocios.com.do\/v1\/wp-json\/wp\/v2\/users\/2"}],"replies":[{"embeddable":true,"href":"https:\/\/elmundodelosnegocios.com.do\/v1\/wp-json\/wp\/v2\/comments?post=30764"}],"version-history":[{"count":0,"href":"https:\/\/elmundodelosnegocios.com.do\/v1\/wp-json\/wp\/v2\/posts\/30764\/revisions"}],"wp:featuredmedia":[{"embeddable":true,"href":"https:\/\/elmundodelosnegocios.com.do\/v1\/wp-json\/wp\/v2\/media\/30765"}],"wp:attachment":[{"href":"https:\/\/elmundodelosnegocios.com.do\/v1\/wp-json\/wp\/v2\/media?parent=30764"}],"wp:term":[{"taxonomy":"category","embeddable":true,"href":"https:\/\/elmundodelosnegocios.com.do\/v1\/wp-json\/wp\/v2\/categories?post=30764"},{"taxonomy":"post_tag","embeddable":true,"href":"https:\/\/elmundodelosnegocios.com.do\/v1\/wp-json\/wp\/v2\/tags?post=30764"}],"curies":[{"name":"wp","href":"https:\/\/api.w.org\/{rel}","templated":true}]}}