{"id":30857,"date":"2023-07-17T09:53:48","date_gmt":"2023-07-17T14:23:48","guid":{"rendered":"https:\/\/elmundodelosnegocios.com.do\/v1\/?p=30857"},"modified":"2023-07-17T09:53:49","modified_gmt":"2023-07-17T14:23:49","slug":"director-de-la-dgapp-estima-que-alianzas-publico-privadas-generaran-mas-de-25000-empleos","status":"publish","type":"post","link":"https:\/\/elmundodelosnegocios.com.do\/v1\/director-de-la-dgapp-estima-que-alianzas-publico-privadas-generaran-mas-de-25000-empleos\/","title":{"rendered":"Director de la DGAPP estima que alianzas p\u00fablico-privadas generar\u00e1n m\u00e1s de 25,000 empleos"},"content":{"rendered":"\n<p>Santo Domingo. &#8211; El director general de Alianzas P\u00fablico Privadas<strong>&nbsp;(DGAPP), Sigmund Freund Mena<\/strong>, estim\u00f3 que los&nbsp;<strong>proyectos en ejecuci\u00f3n, licitaci\u00f3n y estructuraci\u00f3n<\/strong>&nbsp;bajo dicha modalidad estar\u00e1n generando&nbsp;<strong>m\u00e1s de 25,000 empleos<\/strong>&nbsp;al completarse el 100 % de estos proyectos, logrando un&nbsp;<strong>gran impacto social y econ\u00f3mico<\/strong>&nbsp;en las comunidades aleda\u00f1as y con ello su desarrollo.<\/p>\n\n\n<div class=\"wp-block-image\">\n<figure class=\"aligncenter size-large\"><img loading=\"lazy\" decoding=\"async\" width=\"1024\" height=\"576\" src=\"https:\/\/elmundodelosnegocios.com.do\/v1\/wp-content\/uploads\/2023\/07\/1-1-1024x576.jpg\" alt=\"\" class=\"wp-image-30858\" srcset=\"https:\/\/elmundodelosnegocios.com.do\/v1\/wp-content\/uploads\/2023\/07\/1-1-1024x576.jpg 1024w, https:\/\/elmundodelosnegocios.com.do\/v1\/wp-content\/uploads\/2023\/07\/1-1-300x169.jpg 300w, https:\/\/elmundodelosnegocios.com.do\/v1\/wp-content\/uploads\/2023\/07\/1-1-768x432.jpg 768w, https:\/\/elmundodelosnegocios.com.do\/v1\/wp-content\/uploads\/2023\/07\/1-1.jpg 1300w\" sizes=\"auto, (max-width: 1024px) 100vw, 1024px\" \/><\/figure>\n<\/div>\n\n\n<p>El funcionario proyect\u00f3 que la&nbsp;<strong>inversi\u00f3n total de los proyectos de las APP<\/strong>&nbsp;en los cuatro a\u00f1os de Gobierno del Presidente Luis Abinader ascender\u00e1n a aproximadamente&nbsp;<strong>USD 2,500 millones<\/strong>&nbsp;en provincias como Pedernales, Saman\u00e1, Santiago, Puerto Plata y otras zonas del pa\u00eds.<\/p>\n\n\n\n<p>Defini\u00f3 que entre los sectores prioritarios para el desarrollo de este mecanismo de inversi\u00f3n se encuentran el&nbsp;<strong>transporte, telecomunicaciones, infraestructuras, puertos, movilidad urbana y electricidad<\/strong>, entre otros.<\/p>\n\n\n\n<p>Freund habl\u00f3 de estos temas al ser entrevistado en el programa televisivo DGII 360 que cada semana se transmite a trav\u00e9s de Color Visi\u00f3n (s\u00e1bados 8:00-9:00 de la ma\u00f1ana), CTT (s\u00e1bados 8:00-9:00 de la ma\u00f1ana), y se retransmite por RTVD canal 4 (9:00-10:00 de la ma\u00f1ana), Sur TV canal 57 (9:00-10:00 de la ma\u00f1ana) y Nuevo Diario TV (lunes 4:00-5:00 de la tarde).<\/p>\n\n\n\n<p>Explic\u00f3 que uno de los sectores que el presidente ha identificado como prioritario<strong>&nbsp;<\/strong>es el de<strong>&nbsp;agua potable&nbsp;<\/strong>y relacionados con el mismo hay proyectos eficientes, \u00fatiles que pueden ser ejecutados de manera viable en la Rep\u00fablica Dominicana.&nbsp;<\/p>\n\n\n\n<p><em>\u201cLa finalidad de los proyectos de las APP es crear un impacto social, econ\u00f3mico y de desarrollo en las comunidades mediante la atracci\u00f3n de inversi\u00f3n local y extranjera, y la generaci\u00f3n de empleos\u201d<\/em>, sostuvo Freund, quien puntualiz\u00f3 que las&nbsp;<strong>APP deben ser un reflejo de lo que el Gobierno Central quiere desarrollar<\/strong>&nbsp;<strong>como visi\u00f3n de pa\u00eds en materia de infraestructura y servicios p\u00fablicos.<\/strong><\/p>\n\n\n\n<figure class=\"wp-block-image\"><img decoding=\"async\" src=\"https:\/\/presidencia.gob.do\/sites\/default\/files\/inline-images\/FAR_4247.jpg\" alt=\"\"\/><\/figure>\n\n\n\n<p><strong>Saman\u00e1<\/strong><\/p>\n\n\n\n<p>En cuanto al proyecto para la conversi\u00f3n en una&nbsp;<strong>terminal de cruceros del puerto Duarte, en Arroyo Barril<\/strong>, de la provincia de Saman\u00e1, Freund dijo que tiene una inversi\u00f3n de&nbsp;<strong>USD 60 millones<\/strong>&nbsp;y que la iniciativa impulsar\u00e1 un mayor dinamismo econ\u00f3mico en la zona.<\/p>\n\n\n\n<p>Asimismo, el funcionario manifest\u00f3 que adem\u00e1s de la terminal, el proyecto tiene contemplada una&nbsp;<strong>zona de esparcimiento y diversi\u00f3n para los cruceristas.<\/strong><\/p>\n\n\n\n<p><strong>Pedernales<\/strong><\/p>\n\n\n\n<p>Apunt\u00f3 que el&nbsp;<strong>Plan de Desarrollo de Pedernales<\/strong>&nbsp;tiene una inversi\u00f3n total de&nbsp;<strong>USD 1,300 millones<\/strong>&nbsp;y en la primera fase llevan cerca de USD 150 millones en a\u00f1o y medio.&nbsp;<\/p>\n\n\n\n<p><strong>\u201cEste proyecto va a impactar favorablemente a toda la regi\u00f3n Sur del pa\u00eds\u201d<\/strong>, expres\u00f3 Freund.<\/p>\n\n\n\n<p><strong>Autopista del \u00c1mbar<\/strong><\/p>\n\n\n\n<p>En cuanto al proyecto de la&nbsp;<strong>Autopista del \u00c1mbar,<\/strong>&nbsp;que unir\u00e1 a Santiago con Puerto Plata, el funcionario record\u00f3 que se encuentra en licitaci\u00f3n y tendr\u00e1 una inversi\u00f3n de&nbsp;<strong>USD 400 millones<\/strong>.&nbsp;<\/p>\n\n\n\n<p><strong>Garant\u00edas<\/strong><\/p>\n\n\n\n<p>Freund garantiz\u00f3 que&nbsp;<strong>la ley que crea las APP, as\u00ed como las normativas complementarias, protegen la inversi\u00f3n local y extranjera<\/strong>, lo que resulta atractivo para muchos inversionistas que han mostrado inter\u00e9s en este tipo de proyectos.<\/p>\n\n\n\n<p><em>\u201cCon solo dos a\u00f1os -desarrollando proyectos de Alianzas P\u00fablica-Privadas- la Rep\u00fablica Dominicana se encuentra en el octavo lugar en cuanto a seguridad jur\u00eddica, confianza, credibilidad y fortaleza en las relaciones\u201d,<\/em>&nbsp;afirm\u00f3.<\/p>\n\n\n\n<p>Indic\u00f3 que no se reciben proyectos que no cumplan con los requerimientos y estudios preliminares que determinen su&nbsp;<strong>factibilidad e impacto social<\/strong>&nbsp;y para ello cuentan con una gu\u00eda, disponible en su p\u00e1gina web, que establece los&nbsp;<strong>requisitos para el desarrollo de una APP.<\/strong><\/p>\n","protected":false},"excerpt":{"rendered":"<p>Santo Domingo. &#8211; El director general de Alianzas P\u00fablico Privadas&nbsp;(DGAPP), Sigmund Freund Mena, estim\u00f3 que los&nbsp;proyectos en ejecuci\u00f3n, licitaci\u00f3n y estructuraci\u00f3n&nbsp;bajo dicha modalidad estar\u00e1n generando&nbsp;m\u00e1s de 25,000 empleos&nbsp;al completarse el&hellip; <\/p>\n","protected":false},"author":2,"featured_media":30858,"comment_status":"closed","ping_status":"closed","sticky":false,"template":"","format":"standard","meta":{"fifu_image_url":"","fifu_image_alt":"","footnotes":""},"categories":[62],"tags":[],"class_list":["post-30857","post","type-post","status-publish","format-standard","has-post-thumbnail","hentry","category-economia"],"_links":{"self":[{"href":"https:\/\/elmundodelosnegocios.com.do\/v1\/wp-json\/wp\/v2\/posts\/30857","targetHints":{"allow":["GET"]}}],"collection":[{"href":"https:\/\/elmundodelosnegocios.com.do\/v1\/wp-json\/wp\/v2\/posts"}],"about":[{"href":"https:\/\/elmundodelosnegocios.com.do\/v1\/wp-json\/wp\/v2\/types\/post"}],"author":[{"embeddable":true,"href":"https:\/\/elmundodelosnegocios.com.do\/v1\/wp-json\/wp\/v2\/users\/2"}],"replies":[{"embeddable":true,"href":"https:\/\/elmundodelosnegocios.com.do\/v1\/wp-json\/wp\/v2\/comments?post=30857"}],"version-history":[{"count":0,"href":"https:\/\/elmundodelosnegocios.com.do\/v1\/wp-json\/wp\/v2\/posts\/30857\/revisions"}],"wp:featuredmedia":[{"embeddable":true,"href":"https:\/\/elmundodelosnegocios.com.do\/v1\/wp-json\/wp\/v2\/media\/30858"}],"wp:attachment":[{"href":"https:\/\/elmundodelosnegocios.com.do\/v1\/wp-json\/wp\/v2\/media?parent=30857"}],"wp:term":[{"taxonomy":"category","embeddable":true,"href":"https:\/\/elmundodelosnegocios.com.do\/v1\/wp-json\/wp\/v2\/categories?post=30857"},{"taxonomy":"post_tag","embeddable":true,"href":"https:\/\/elmundodelosnegocios.com.do\/v1\/wp-json\/wp\/v2\/tags?post=30857"}],"curies":[{"name":"wp","href":"https:\/\/api.w.org\/{rel}","templated":true}]}}