{"id":30863,"date":"2023-07-17T10:03:12","date_gmt":"2023-07-17T14:33:12","guid":{"rendered":"https:\/\/elmundodelosnegocios.com.do\/v1\/?p=30863"},"modified":"2023-07-17T10:03:14","modified_gmt":"2023-07-17T14:33:14","slug":"infotep-entrega-titulos-a-77-auxiliares-de-enfermeria-de-la-provincia-pedernales","status":"publish","type":"post","link":"https:\/\/elmundodelosnegocios.com.do\/v1\/infotep-entrega-titulos-a-77-auxiliares-de-enfermeria-de-la-provincia-pedernales\/","title":{"rendered":"INFOTEP entrega t\u00edtulos a 77 auxiliares de enfermer\u00eda de la provincia Pedernales"},"content":{"rendered":"\n<p>Santo Domingo. &#8211; El Instituto Nacional de Formaci\u00f3n T\u00e9cnico Profesional&nbsp;<strong>(INFOTEP)<\/strong>&nbsp;entreg\u00f3 t\u00edtulos a&nbsp;<strong>77 personas que concluyeron el curso de auxiliar de Enfermer\u00eda<\/strong>, en la provincia de Pedernales.<\/p>\n\n\n<div class=\"wp-block-image\">\n<figure class=\"aligncenter size-large\"><img loading=\"lazy\" decoding=\"async\" width=\"1024\" height=\"576\" src=\"https:\/\/elmundodelosnegocios.com.do\/v1\/wp-content\/uploads\/2023\/07\/Una-representacion-de-las-egresadas-1024x576.jpeg\" alt=\"\" class=\"wp-image-30864\" srcset=\"https:\/\/elmundodelosnegocios.com.do\/v1\/wp-content\/uploads\/2023\/07\/Una-representacion-de-las-egresadas-1024x576.jpeg 1024w, https:\/\/elmundodelosnegocios.com.do\/v1\/wp-content\/uploads\/2023\/07\/Una-representacion-de-las-egresadas-300x169.jpeg 300w, https:\/\/elmundodelosnegocios.com.do\/v1\/wp-content\/uploads\/2023\/07\/Una-representacion-de-las-egresadas-768x432.jpeg 768w, https:\/\/elmundodelosnegocios.com.do\/v1\/wp-content\/uploads\/2023\/07\/Una-representacion-de-las-egresadas.jpeg 1300w\" sizes=\"auto, (max-width: 1024px) 100vw, 1024px\" \/><\/figure>\n<\/div>\n\n\n<p>El contenido de la carrera t\u00e9cnica incluy\u00f3 formaci\u00f3n humana, introducci\u00f3n al Sistema Nacional de Salud, matem\u00e1tica b\u00e1sica, fundamentos de anatom\u00eda, introducci\u00f3n a la enfermer\u00eda y humanizaci\u00f3n del cuidado.<\/p>\n\n\n\n<p>Los egresados tambi\u00e9n recibieron formaci\u00f3n en introducci\u00f3n a la inform\u00e1tica, ingl\u00e9s, enfermer\u00eda cl\u00ednica, salud mental, enfermer\u00eda quir\u00fargica, enfermer\u00eda obst\u00e9trica, enfermer\u00eda comunitaria y enfermer\u00eda cl\u00ednica.<\/p>\n\n\n\n<p><strong>El director general del INFOTEP, Rafael Santos Bad\u00eda<\/strong>, inform\u00f3 que, en 2022, en la provincia de Pedernales se ofrecieron capacitaciones en cuidados de enfermer\u00eda, auxiliar de enfermer\u00eda, camarero de bar y restaurantes, plomer\u00eda, tapicer\u00eda, alba\u00f1iler\u00eda, capit\u00e1n de bar, refrigeraci\u00f3n, belleza, peluquer\u00eda, cocina e ingl\u00e9s.<\/p>\n\n\n\n<p>Expres\u00f3 que la&nbsp;<strong>estrategia del gobierno que preside Luis Abinader<\/strong>&nbsp;es que el desarrollo de&nbsp;<strong>la regi\u00f3n Sur y&nbsp;<\/strong>el polo tur\u00edstico de<strong>&nbsp;Pedernales<\/strong>, sea una oportunidad para el&nbsp;<strong>bienestar de su gente<\/strong>&nbsp;y eso solo se lograr\u00e1 con la&nbsp;<strong>capacitaci\u00f3n de los ciudadanos y ciudadanas que habitan en la zona.<\/strong><\/p>\n\n\n\n<p>En representaci\u00f3n de las graduandas, habl\u00f3 Mar\u00eda P\u00e9rez V\u00e1squez, quien expres\u00f3 su agradecimiento al INFOTEP por brindarles tan privilegiada oportunidad de formarse y a la vez demostrarles que los sue\u00f1os s\u00ed se hacen posible. Tambi\u00e9n agradeci\u00f3 a cada uno de los docentes por facilitarles las herramientas necesarias para su formaci\u00f3n y la oportunidad de ser&nbsp;<strong>profesionales competentes, preparados y exitosos.&nbsp;<\/strong><\/p>\n\n\n\n<p><em>\u201cHoy es una fecha especial y, sin dudas, memorable para todos nosotros, puesto que hoy culmina una etapa importante en nuestro camino, pero a la vez es el inicio de un futuro mejor\u201d,<\/em>&nbsp;expres\u00f3 Reyes V\u00e1squez.<\/p>\n\n\n\n<p>En la actividad estuvieron&nbsp;<strong>Carlos Peguero<\/strong>, viceministro de Cooperaci\u00f3n Internacional del Ministerio de Turismo;&nbsp;<strong>Efra\u00edn Hirujo<\/strong>, asesor del Ministerio de Obras P\u00fablicas para el Desarrollo de los Fideicomisos y empresario de Zonas Francas en la provincia Pedernales. Tambi\u00e9n, por el INFOTEP estuvieron&nbsp;<strong>Maira Morla<\/strong>, subdirectora general del INFOTEP, y&nbsp;<strong>Santa Cuevas<\/strong>&nbsp;directora Regional Sur, as\u00ed como otros directivos de la instituci\u00f3n.<\/p>\n\n\n\n<p><strong>Capacitaciones<\/strong>&nbsp;<\/p>\n\n\n\n<p>Otras capacitaciones impartidas en Pedernales el a\u00f1o pasado fueron sobre emprendimiento, servicios auxiliares de contabilidad, instalaciones el\u00e9ctricas residenciales e industriales, recepci\u00f3n de hoteler\u00eda y servicio al cliente para hoteles y restaurantes.<\/p>\n\n\n\n<p>Asimismo, en los meses de enero a junio de este a\u00f1o se est\u00e1n ofreciendo&nbsp;<strong>74 acciones formativas a favor de 1,219 participantes<\/strong>.<\/p>\n\n\n\n<p><strong>Con las empresas<\/strong>&nbsp;<\/p>\n\n\n\n<p><strong>En alianza con Ege-Haina<\/strong>, en estos momentos se ejecuta en la provincia un programa de&nbsp;<strong>Responsabilidad Social Corporativa,&nbsp;<\/strong>que impacta a las comunidades de Juancho, La Colina, Oviedo y Enriquillo.<\/p>\n\n\n\n<p>Los participantes se forman en las \u00e1reas de electricidad, refrigeraci\u00f3n, ingl\u00e9s, hoteler\u00eda, turismo, gastronom\u00eda, contabilidad y plomer\u00eda.<\/p>\n\n\n\n<p>Tambi\u00e9n se realiza la apertura de los&nbsp;<strong>programas 14\/24 y Sup\u00e9rate<\/strong>, mientras que con&nbsp;<strong>ITM,<\/strong>&nbsp;empresa responsable de la construcci\u00f3n del puerto de Cabo Rojo, se est\u00e1 coordinando un amplio programa de&nbsp;<strong>capacitaci\u00f3n para las personas que est\u00e1n laborando en las actividades del puerto.<\/strong><\/p>\n\n\n\n<p>En la regi\u00f3n Enriquillo fueron asistidas, en 2022,&nbsp;<strong>183 empresas<\/strong>&nbsp;entre peque\u00f1as, medianas y grandes, adem\u00e1s de capacitar a&nbsp;<strong>2,307 gerentes y mandos medios y 6,356 trabajadores.<\/strong>&nbsp;<\/p>\n\n\n\n<p>En este mismo per\u00edodo realizaron la capacitaci\u00f3n de&nbsp;<strong>Emprendimiento para Pymes 141 j\u00f3venes y adultos.<\/strong><\/p>\n","protected":false},"excerpt":{"rendered":"<p>Santo Domingo. &#8211; El Instituto Nacional de Formaci\u00f3n T\u00e9cnico Profesional&nbsp;(INFOTEP)&nbsp;entreg\u00f3 t\u00edtulos a&nbsp;77 personas que concluyeron el curso de auxiliar de Enfermer\u00eda, en la provincia de Pedernales. El contenido de la&hellip; <\/p>\n","protected":false},"author":2,"featured_media":30864,"comment_status":"closed","ping_status":"closed","sticky":false,"template":"","format":"standard","meta":{"fifu_image_url":"","fifu_image_alt":"","footnotes":""},"categories":[80],"tags":[],"class_list":["post-30863","post","type-post","status-publish","format-standard","has-post-thumbnail","hentry","category-salud"],"_links":{"self":[{"href":"https:\/\/elmundodelosnegocios.com.do\/v1\/wp-json\/wp\/v2\/posts\/30863","targetHints":{"allow":["GET"]}}],"collection":[{"href":"https:\/\/elmundodelosnegocios.com.do\/v1\/wp-json\/wp\/v2\/posts"}],"about":[{"href":"https:\/\/elmundodelosnegocios.com.do\/v1\/wp-json\/wp\/v2\/types\/post"}],"author":[{"embeddable":true,"href":"https:\/\/elmundodelosnegocios.com.do\/v1\/wp-json\/wp\/v2\/users\/2"}],"replies":[{"embeddable":true,"href":"https:\/\/elmundodelosnegocios.com.do\/v1\/wp-json\/wp\/v2\/comments?post=30863"}],"version-history":[{"count":0,"href":"https:\/\/elmundodelosnegocios.com.do\/v1\/wp-json\/wp\/v2\/posts\/30863\/revisions"}],"wp:featuredmedia":[{"embeddable":true,"href":"https:\/\/elmundodelosnegocios.com.do\/v1\/wp-json\/wp\/v2\/media\/30864"}],"wp:attachment":[{"href":"https:\/\/elmundodelosnegocios.com.do\/v1\/wp-json\/wp\/v2\/media?parent=30863"}],"wp:term":[{"taxonomy":"category","embeddable":true,"href":"https:\/\/elmundodelosnegocios.com.do\/v1\/wp-json\/wp\/v2\/categories?post=30863"},{"taxonomy":"post_tag","embeddable":true,"href":"https:\/\/elmundodelosnegocios.com.do\/v1\/wp-json\/wp\/v2\/tags?post=30863"}],"curies":[{"name":"wp","href":"https:\/\/api.w.org\/{rel}","templated":true}]}}