{"id":30875,"date":"2023-07-17T21:04:15","date_gmt":"2023-07-18T01:34:15","guid":{"rendered":"https:\/\/elmundodelosnegocios.com.do\/v1\/?p=30875"},"modified":"2023-07-17T21:04:18","modified_gmt":"2023-07-18T01:34:18","slug":"vicepresidenta-pena-y-directivos-mived-supervisan-construccion-uasd","status":"publish","type":"post","link":"https:\/\/elmundodelosnegocios.com.do\/v1\/vicepresidenta-pena-y-directivos-mived-supervisan-construccion-uasd\/","title":{"rendered":"Vicepresidenta Pe\u00f1a y directivos MIVED supervisan construcci\u00f3n UASD"},"content":{"rendered":"\n<p>Azua, R.D. Julio 17, 2023.- La Vicepresidenta de la Republica, Raquel Pe\u00f1a, junto a directivos del Ministerio de Vivienda y Edificaciones, recorrieron la construcci\u00f3n del nuevo recinto de la Universidad Aut\u00f3noma Santo Domingo (UASD) en Azua.<\/p>\n\n\n<div class=\"wp-block-image\">\n<figure class=\"aligncenter size-large\"><img loading=\"lazy\" decoding=\"async\" width=\"1024\" height=\"578\" src=\"https:\/\/elmundodelosnegocios.com.do\/v1\/wp-content\/uploads\/2023\/07\/IMG_7865-1024x578.jpg\" alt=\"\" class=\"wp-image-30876\" srcset=\"https:\/\/elmundodelosnegocios.com.do\/v1\/wp-content\/uploads\/2023\/07\/IMG_7865-1024x578.jpg 1024w, https:\/\/elmundodelosnegocios.com.do\/v1\/wp-content\/uploads\/2023\/07\/IMG_7865-300x169.jpg 300w, https:\/\/elmundodelosnegocios.com.do\/v1\/wp-content\/uploads\/2023\/07\/IMG_7865-768x433.jpg 768w, https:\/\/elmundodelosnegocios.com.do\/v1\/wp-content\/uploads\/2023\/07\/IMG_7865-1536x866.jpg 1536w, https:\/\/elmundodelosnegocios.com.do\/v1\/wp-content\/uploads\/2023\/07\/IMG_7865.jpg 2048w\" sizes=\"auto, (max-width: 1024px) 100vw, 1024px\" \/><\/figure>\n<\/div>\n\n\n<p>Construida sobre una extensi\u00f3n de m\u00e1s de 9 mil metros cuadrados, el nuevo plantel educativo impactar\u00e1 a un total de 1,900 estudiantes en sus 41 nuevas aulas. De igual forma contar\u00e1 con 6 unidades de laboratorio, entre ellos f\u00edsica, qu\u00edmica, biolog\u00eda e inform\u00e1tica.<\/p>\n\n\n<div class=\"wp-block-image\">\n<figure class=\"aligncenter size-full\"><img loading=\"lazy\" decoding=\"async\" width=\"996\" height=\"560\" src=\"https:\/\/elmundodelosnegocios.com.do\/v1\/wp-content\/uploads\/2023\/07\/2d8ed643-a3d7-4ee0-a8bb-8808ab83b456.jpg\" alt=\"\" class=\"wp-image-30877\" srcset=\"https:\/\/elmundodelosnegocios.com.do\/v1\/wp-content\/uploads\/2023\/07\/2d8ed643-a3d7-4ee0-a8bb-8808ab83b456.jpg 996w, https:\/\/elmundodelosnegocios.com.do\/v1\/wp-content\/uploads\/2023\/07\/2d8ed643-a3d7-4ee0-a8bb-8808ab83b456-300x169.jpg 300w, https:\/\/elmundodelosnegocios.com.do\/v1\/wp-content\/uploads\/2023\/07\/2d8ed643-a3d7-4ee0-a8bb-8808ab83b456-768x432.jpg 768w\" sizes=\"auto, (max-width: 996px) 100vw, 996px\" \/><\/figure>\n<\/div>\n\n\n<p>Durante el recorrido, la Vicepresidenta, extern\u00f3 sus felicitaciones al Ministerio de la Vivienda y Edificaciones y colaboradores que han trabajado en la construcci\u00f3n de esta casa de altos estudios.<\/p>\n\n\n\n<p>Adem\u00e1s, resalt\u00f3 que el objetivo es que el pueblo de Azua reciba en enero el centro UASD. \u201cEste va hacer el regalo de reyes para toda la juventud azuana\u201d.<\/p>\n\n\n\n<p>Con una inversi\u00f3n de alrededor de 983 millones de pesos, el nuevo centro universitario contar\u00e1 con un edificio administrativo de 3 niveles, 2 edificios de aulas, uno con 16 aulas divididas en 3 niveles y 2 laboratorios y otro edificio con 20 aulas y 4 laboratorios distribuidos en 3 niveles por igual.<\/p>\n\n\n\n<p>Tambi\u00e9n el recinto contar\u00e1 con auditorio, biblioteca y 5 aulas de postgrado. La obra, adem\u00e1s de beneficiar a los j\u00f3venes estudiantes de la zona, impulsar\u00e1 la econom\u00eda de la provincia con la generaci\u00f3n de m\u00e1s de 700 empleos directos e indirectos.<\/p>\n\n\n\n<p>El Ing. Danny Santos, Viceministro de Construcci\u00f3n del MIVED, expres\u00f3 que \u201cel MIVED se encuentra trabajando conjuntamente las nuevas sedes UASD, tanto en la provincia de Azua, el municipio de Ban\u00ed, como en las provincias de Cotu\u00ed, Neyba y Santiago Rodr\u00edguez, Hato Mayor, como parte del programa de expansi\u00f3n de la educaci\u00f3n superior que realiza el gobierno central\u201d.<\/p>\n\n\n\n<p>Junto a la Vicepresidenta, Raquel Pe\u00f1a, y los directivos del MIVED, estuvieron presentes la gobernadora provincial, \u00c1ngela P\u00e9rez D\u00edaz; la senadora de la provincia de Azua, L\u00eda Ynocencia D\u00edaz Santana, el director del centro UASD, Marcial Figuereo, el vicerrector Radhames Silverio, entre otras autoridades gubernamentales e invitados de la provincia.<\/p>\n","protected":false},"excerpt":{"rendered":"<p>Azua, R.D. Julio 17, 2023.- La Vicepresidenta de la Republica, Raquel Pe\u00f1a, junto a directivos del Ministerio de Vivienda y Edificaciones, recorrieron la construcci\u00f3n del nuevo recinto de la Universidad&hellip; <\/p>\n","protected":false},"author":2,"featured_media":30876,"comment_status":"closed","ping_status":"closed","sticky":false,"template":"","format":"standard","meta":{"fifu_image_url":"","fifu_image_alt":"","footnotes":""},"categories":[69],"tags":[],"class_list":["post-30875","post","type-post","status-publish","format-standard","has-post-thumbnail","hentry","category-construccion"],"_links":{"self":[{"href":"https:\/\/elmundodelosnegocios.com.do\/v1\/wp-json\/wp\/v2\/posts\/30875","targetHints":{"allow":["GET"]}}],"collection":[{"href":"https:\/\/elmundodelosnegocios.com.do\/v1\/wp-json\/wp\/v2\/posts"}],"about":[{"href":"https:\/\/elmundodelosnegocios.com.do\/v1\/wp-json\/wp\/v2\/types\/post"}],"author":[{"embeddable":true,"href":"https:\/\/elmundodelosnegocios.com.do\/v1\/wp-json\/wp\/v2\/users\/2"}],"replies":[{"embeddable":true,"href":"https:\/\/elmundodelosnegocios.com.do\/v1\/wp-json\/wp\/v2\/comments?post=30875"}],"version-history":[{"count":0,"href":"https:\/\/elmundodelosnegocios.com.do\/v1\/wp-json\/wp\/v2\/posts\/30875\/revisions"}],"wp:featuredmedia":[{"embeddable":true,"href":"https:\/\/elmundodelosnegocios.com.do\/v1\/wp-json\/wp\/v2\/media\/30876"}],"wp:attachment":[{"href":"https:\/\/elmundodelosnegocios.com.do\/v1\/wp-json\/wp\/v2\/media?parent=30875"}],"wp:term":[{"taxonomy":"category","embeddable":true,"href":"https:\/\/elmundodelosnegocios.com.do\/v1\/wp-json\/wp\/v2\/categories?post=30875"},{"taxonomy":"post_tag","embeddable":true,"href":"https:\/\/elmundodelosnegocios.com.do\/v1\/wp-json\/wp\/v2\/tags?post=30875"}],"curies":[{"name":"wp","href":"https:\/\/api.w.org\/{rel}","templated":true}]}}