{"id":30887,"date":"2023-07-18T09:35:27","date_gmt":"2023-07-18T14:05:27","guid":{"rendered":"https:\/\/elmundodelosnegocios.com.do\/v1\/?p=30887"},"modified":"2023-07-18T09:39:55","modified_gmt":"2023-07-18T14:09:55","slug":"presidente-abinader-reclama-union-europea-celac-aborden-juntos-desafios-de-la-pobreza","status":"publish","type":"post","link":"https:\/\/elmundodelosnegocios.com.do\/v1\/presidente-abinader-reclama-union-europea-celac-aborden-juntos-desafios-de-la-pobreza\/","title":{"rendered":"Presidente Abinader reclama Uni\u00f3n Europea-CELAC aborden juntos desaf\u00edos de la pobreza"},"content":{"rendered":"\n<p>Bruselas, B\u00e9lgica.- El presidente Luis Abinader reclam\u00f3 a la Uni\u00f3n Europea (UE) y a la Comunidad de Estados Latinoamericanos y Caribe\u00f1os (CELAC) abordar juntos los desaf\u00edos de la pobreza persistente y la desigualdad.<\/p>\n\n\n<div class=\"wp-block-image\">\n<figure class=\"aligncenter size-large\"><img loading=\"lazy\" decoding=\"async\" width=\"1024\" height=\"576\" src=\"https:\/\/elmundodelosnegocios.com.do\/v1\/wp-content\/uploads\/2023\/07\/1-3-1024x576.jpeg\" alt=\"\" class=\"wp-image-30888\" srcset=\"https:\/\/elmundodelosnegocios.com.do\/v1\/wp-content\/uploads\/2023\/07\/1-3-1024x576.jpeg 1024w, https:\/\/elmundodelosnegocios.com.do\/v1\/wp-content\/uploads\/2023\/07\/1-3-300x169.jpeg 300w, https:\/\/elmundodelosnegocios.com.do\/v1\/wp-content\/uploads\/2023\/07\/1-3-768x432.jpeg 768w, https:\/\/elmundodelosnegocios.com.do\/v1\/wp-content\/uploads\/2023\/07\/1-3.jpeg 1300w\" sizes=\"auto, (max-width: 1024px) 100vw, 1024px\" \/><\/figure>\n<\/div>\n\n\n<p>En un discurso pronunciado frente al liderazgo de ambas regiones, el mandatario dominicano tambi\u00e9n se mostr\u00f3 partidario de tomar las medidas que fomenten el empoderamiento econ\u00f3mico y pol\u00edtico de las mujeres.<\/p>\n\n\n\n<p>En ambos sentidos, dijo que se debe prestar especial atenci\u00f3n a la participaci\u00f3n y contribuci\u00f3n de las mujeres al desarrollo econ\u00f3mico, as\u00ed como a la participaci\u00f3n de los sectores m\u00e1s desfavorecidos.<\/p>\n\n\n\n<p>\u201cNadie puede quedar al margen\u201d, proclam\u00f3 el presidente Abinader.<\/p>\n\n\n\n<p>El presidente dominicano se refiri\u00f3 a la necesidad de fortalecer la colaboraci\u00f3n entre UE-CELAC en la Organizaci\u00f3n Mundial del Comercio (OMC), que contribuya a la reforma de la organizaci\u00f3n.<\/p>\n\n\n\n<p>Sostuvo que di\u00e1logos como el de la Cumbre Uni\u00f3n Europea-CELAC, brindan la oportunidad de abordar abiertamente los temas de finanzas para el desarrollo, reestructuraci\u00f3n de la deuda y previsi\u00f3n de liquidez para detener la crisis de la deuda.<\/p>\n\n\n\n<p>El mandatario sostuvo que ambas regiones deben trabajar juntas por un crecimiento sostenible e inclusive, que promueva la igualdad y cohesi\u00f3n social.<\/p>\n\n\n\n<p>\u201cSomos socios comerciales y de inversi\u00f3n, y nuestras acciones conjuntas ya cubren una amplia gama de prioridades como la transici\u00f3n verde y digital justa, la econom\u00eda sostenible e inclusiva y el desarrollo humano, incluidas la salud y la educaci\u00f3n, as\u00ed como la investigaci\u00f3n, innovaci\u00f3n y desarrollo,\u201d signific\u00f3 el presidente Abinader.<\/p>\n\n\n\n<p>En ese sentido, consider\u00f3 imperativo potenciar los recursos de las facilidades incluidas en el Global Gateway, vinculando los socios regionales como el BID, la CAF, el BCIE, el CDB, agencias l\u00edderes en el proceso de cofinanciar proyectos junto al BEI y la banca europea, como el Banco Africano de Desarrollo en la facilidad africana con la comisi\u00f3n europea.<\/p>\n\n\n\n<p>El presidente Abinader record\u00f3 que las dos regiones est\u00e1n conectadas por una de las redes m\u00e1s importantes de acuerdos comerciales, de asociaciones bilaterales y regionales del mundo, lo cual les ha beneficiado profundamente. C\u00f3mo apunt\u00f3, \u201c estos acuerdos son un motor clave para el crecimiento y generaci\u00f3n de empleos\u201d.<\/p>\n\n\n\n<p>Puntualiz\u00f3 que la Uni\u00f3n Europea y la CELAC tambi\u00e9n comparten inter\u00e9s por un orden comercial multilateral fuerte y por una Organizaci\u00f3n Mundial del Comercio reformada, con un mecanismo de resoluci\u00f3n de disputas aplicable a todos los miembros.<\/p>\n\n\n\n<p>El presidente Abinader se mostr\u00f3 esperanzado en que se construya, sobre una visi\u00f3n como de multilateralismo, sociedades cohesionadas y compromiso sostenido con el desarrollo.<\/p>\n\n\n\n<p>\u201cLa estrecha cooperaci\u00f3n continua entre nuestras regiones contribuir\u00e1 a\u00fan m\u00e1s a lograr nuestros compromisos multilaterales compartidos, incluida la Agenda 2030, el Acuerdo de Par\u00eds sobre Cambio Clim\u00e1tico, el Convenio sobre la Diversidad Biol\u00f3gica y otros compromisos globales relevantes\u201d, precis\u00f3 el presidente Abinader en su discurso.<\/p>\n","protected":false},"excerpt":{"rendered":"<p>Bruselas, B\u00e9lgica.- El presidente Luis Abinader reclam\u00f3 a la Uni\u00f3n Europea (UE) y a la Comunidad de Estados Latinoamericanos y Caribe\u00f1os (CELAC) abordar juntos los desaf\u00edos de la pobreza persistente&hellip; <\/p>\n","protected":false},"author":2,"featured_media":30888,"comment_status":"closed","ping_status":"closed","sticky":false,"template":"","format":"standard","meta":{"fifu_image_url":"","fifu_image_alt":"","footnotes":""},"categories":[254],"tags":[],"class_list":["post-30887","post","type-post","status-publish","format-standard","has-post-thumbnail","hentry","category-relaciones-internacionales"],"_links":{"self":[{"href":"https:\/\/elmundodelosnegocios.com.do\/v1\/wp-json\/wp\/v2\/posts\/30887","targetHints":{"allow":["GET"]}}],"collection":[{"href":"https:\/\/elmundodelosnegocios.com.do\/v1\/wp-json\/wp\/v2\/posts"}],"about":[{"href":"https:\/\/elmundodelosnegocios.com.do\/v1\/wp-json\/wp\/v2\/types\/post"}],"author":[{"embeddable":true,"href":"https:\/\/elmundodelosnegocios.com.do\/v1\/wp-json\/wp\/v2\/users\/2"}],"replies":[{"embeddable":true,"href":"https:\/\/elmundodelosnegocios.com.do\/v1\/wp-json\/wp\/v2\/comments?post=30887"}],"version-history":[{"count":0,"href":"https:\/\/elmundodelosnegocios.com.do\/v1\/wp-json\/wp\/v2\/posts\/30887\/revisions"}],"wp:featuredmedia":[{"embeddable":true,"href":"https:\/\/elmundodelosnegocios.com.do\/v1\/wp-json\/wp\/v2\/media\/30888"}],"wp:attachment":[{"href":"https:\/\/elmundodelosnegocios.com.do\/v1\/wp-json\/wp\/v2\/media?parent=30887"}],"wp:term":[{"taxonomy":"category","embeddable":true,"href":"https:\/\/elmundodelosnegocios.com.do\/v1\/wp-json\/wp\/v2\/categories?post=30887"},{"taxonomy":"post_tag","embeddable":true,"href":"https:\/\/elmundodelosnegocios.com.do\/v1\/wp-json\/wp\/v2\/tags?post=30887"}],"curies":[{"name":"wp","href":"https:\/\/api.w.org\/{rel}","templated":true}]}}