{"id":30893,"date":"2023-07-18T09:41:35","date_gmt":"2023-07-18T14:11:35","guid":{"rendered":"https:\/\/elmundodelosnegocios.com.do\/v1\/?p=30893"},"modified":"2023-07-18T09:41:37","modified_gmt":"2023-07-18T14:11:37","slug":"presidenta-union-europea-define-a-rd-como-su-principal-socio-comercial","status":"publish","type":"post","link":"https:\/\/elmundodelosnegocios.com.do\/v1\/presidenta-union-europea-define-a-rd-como-su-principal-socio-comercial\/","title":{"rendered":"Presidenta Uni\u00f3n Europea define a RD como su principal socio comercial"},"content":{"rendered":"\n<p>Bruselas, B\u00e9lgica.-&nbsp;<strong>La presidenta de la Uni\u00f3n Europea<\/strong>&nbsp;defini\u00f3 a la&nbsp;<strong>Rep\u00fablica Dominicana como el<\/strong>&nbsp;<strong>principal socio comercial<\/strong>&nbsp;de esta comunidad.<\/p>\n\n\n<div class=\"wp-block-image\">\n<figure class=\"aligncenter size-large\"><img loading=\"lazy\" decoding=\"async\" width=\"1024\" height=\"576\" src=\"https:\/\/elmundodelosnegocios.com.do\/v1\/wp-content\/uploads\/2023\/07\/3-1024x576.jpeg\" alt=\"\" class=\"wp-image-30894\" srcset=\"https:\/\/elmundodelosnegocios.com.do\/v1\/wp-content\/uploads\/2023\/07\/3-1024x576.jpeg 1024w, https:\/\/elmundodelosnegocios.com.do\/v1\/wp-content\/uploads\/2023\/07\/3-300x169.jpeg 300w, https:\/\/elmundodelosnegocios.com.do\/v1\/wp-content\/uploads\/2023\/07\/3-768x432.jpeg 768w, https:\/\/elmundodelosnegocios.com.do\/v1\/wp-content\/uploads\/2023\/07\/3.jpeg 1300w\" sizes=\"auto, (max-width: 1024px) 100vw, 1024px\" \/><\/figure>\n<\/div>\n\n\n<p>La funcionaria de alto cargo de la UE se pronunci\u00f3 en esos t\u00e9rminos a trav\u00e9s de un tweet y&nbsp;<strong>luego de reunirse con el presidente Abinader.<\/strong><\/p>\n\n\n\n<p><em>\u201cRep\u00fablica Dominicana es el mayor socio comercial de la UE en el Caribe. Le asegur\u00e9 a Luis Abinader nuestro apoyo a una transici\u00f3n verde que beneficie a todos. #GlobalGateway est\u00e1 listo para entregar inversiones para infraestructura vital\u201d,<\/em>&nbsp;escribi\u00f3&nbsp;<strong>la se\u00f1ora Ursula von der Leyen.<\/strong><\/p>\n\n\n\n<p>La presidenta de la Comisi\u00f3n Europea antes de su tweet hab\u00eda tenido una&nbsp;<strong>reuni\u00f3n bilateral<\/strong>&nbsp;con el presidente Abinader&nbsp;<strong>por espacio de media hora<\/strong>.<\/p>\n\n\n\n<p>En la reuni\u00f3n, acompa\u00f1aron al mandatario dominicano, el canciller&nbsp;<strong>Roberto \u00c1lvarez,<\/strong>&nbsp;el vicecanciller&nbsp;<strong>Rub\u00e9n Sili\u00e9<\/strong>&nbsp;y el embajador dominicano en B\u00e9lgica,&nbsp;<strong>Iv\u00e1n Ogando<\/strong>.<\/p>\n","protected":false},"excerpt":{"rendered":"<p>Bruselas, B\u00e9lgica.-&nbsp;La presidenta de la Uni\u00f3n Europea&nbsp;defini\u00f3 a la&nbsp;Rep\u00fablica Dominicana como el&nbsp;principal socio comercial&nbsp;de esta comunidad. La funcionaria de alto cargo de la UE se pronunci\u00f3 en esos t\u00e9rminos a&hellip; <\/p>\n","protected":false},"author":2,"featured_media":30894,"comment_status":"closed","ping_status":"closed","sticky":false,"template":"","format":"standard","meta":{"fifu_image_url":"","fifu_image_alt":"","footnotes":""},"categories":[254],"tags":[],"class_list":["post-30893","post","type-post","status-publish","format-standard","has-post-thumbnail","hentry","category-relaciones-internacionales"],"_links":{"self":[{"href":"https:\/\/elmundodelosnegocios.com.do\/v1\/wp-json\/wp\/v2\/posts\/30893","targetHints":{"allow":["GET"]}}],"collection":[{"href":"https:\/\/elmundodelosnegocios.com.do\/v1\/wp-json\/wp\/v2\/posts"}],"about":[{"href":"https:\/\/elmundodelosnegocios.com.do\/v1\/wp-json\/wp\/v2\/types\/post"}],"author":[{"embeddable":true,"href":"https:\/\/elmundodelosnegocios.com.do\/v1\/wp-json\/wp\/v2\/users\/2"}],"replies":[{"embeddable":true,"href":"https:\/\/elmundodelosnegocios.com.do\/v1\/wp-json\/wp\/v2\/comments?post=30893"}],"version-history":[{"count":0,"href":"https:\/\/elmundodelosnegocios.com.do\/v1\/wp-json\/wp\/v2\/posts\/30893\/revisions"}],"wp:featuredmedia":[{"embeddable":true,"href":"https:\/\/elmundodelosnegocios.com.do\/v1\/wp-json\/wp\/v2\/media\/30894"}],"wp:attachment":[{"href":"https:\/\/elmundodelosnegocios.com.do\/v1\/wp-json\/wp\/v2\/media?parent=30893"}],"wp:term":[{"taxonomy":"category","embeddable":true,"href":"https:\/\/elmundodelosnegocios.com.do\/v1\/wp-json\/wp\/v2\/categories?post=30893"},{"taxonomy":"post_tag","embeddable":true,"href":"https:\/\/elmundodelosnegocios.com.do\/v1\/wp-json\/wp\/v2\/tags?post=30893"}],"curies":[{"name":"wp","href":"https:\/\/api.w.org\/{rel}","templated":true}]}}