{"id":30896,"date":"2023-07-18T11:46:41","date_gmt":"2023-07-18T16:16:41","guid":{"rendered":"https:\/\/elmundodelosnegocios.com.do\/v1\/?p=30896"},"modified":"2023-07-18T11:46:43","modified_gmt":"2023-07-18T16:16:43","slug":"certifican-sala-de-lactancia-materna-en-el-aeropuerto-internacional-del-cibao","status":"publish","type":"post","link":"https:\/\/elmundodelosnegocios.com.do\/v1\/certifican-sala-de-lactancia-materna-en-el-aeropuerto-internacional-del-cibao\/","title":{"rendered":"Certifican sala de lactancia materna en el Aeropuerto Internacional del Cibao"},"content":{"rendered":"\n<p>Santiago. &#8211;&nbsp;<strong>Una sala de lactancia materna<\/strong>&nbsp;fue certificada en el&nbsp;<strong>Aeropuerto Internacional del Cibao<\/strong>&nbsp;y empresas afiliadas, durante un acto encabezado por el&nbsp;<strong>ministro de Salud P\u00fablica, doctor Daniel Rivera, funcionarios del Ministerio de Trabajo y miembros del Consejo de Administraci\u00f3n<\/strong>&nbsp;de la entidad a\u00e9rea.&nbsp;<\/p>\n\n\n\n<figure class=\"wp-block-image alignwide size-large\"><img loading=\"lazy\" decoding=\"async\" width=\"1024\" height=\"576\" src=\"https:\/\/elmundodelosnegocios.com.do\/v1\/wp-content\/uploads\/2023\/07\/5-1024x576.jpeg\" alt=\"\" class=\"wp-image-30897\" srcset=\"https:\/\/elmundodelosnegocios.com.do\/v1\/wp-content\/uploads\/2023\/07\/5-1024x576.jpeg 1024w, https:\/\/elmundodelosnegocios.com.do\/v1\/wp-content\/uploads\/2023\/07\/5-300x169.jpeg 300w, https:\/\/elmundodelosnegocios.com.do\/v1\/wp-content\/uploads\/2023\/07\/5-768x432.jpeg 768w, https:\/\/elmundodelosnegocios.com.do\/v1\/wp-content\/uploads\/2023\/07\/5.jpeg 1300w\" sizes=\"auto, (max-width: 1024px) 100vw, 1024px\" \/><\/figure>\n\n\n\n<p>En la actividad se develiz\u00f3 la placa de la&nbsp;<strong>\u201cSala Amiga de la Familia Lactante\u201d,&nbsp;<\/strong>cumpliendo con el proceso de evaluaci\u00f3n que contempl\u00f3&nbsp;<strong>capacitaci\u00f3n al personal<\/strong>&nbsp;del Aeropuerto, adem\u00e1s de la&nbsp;<strong>supervisi\u00f3n de la operaci\u00f3n en la sala de lactancia<\/strong>&nbsp;por parte de las autoridades del&nbsp;<strong>Programa Nacional de Lactancia Materna<\/strong>&nbsp;del Ministerio de Salud P\u00fablica.&nbsp;<\/p>\n\n\n\n<p>Al destacar la importancia de estas salas para las madres lactantes,&nbsp;<strong>el doctor Daniel Rivera felicit\u00f3<\/strong>&nbsp;<strong>al Aeropuerto<\/strong>&nbsp;por esta iniciativa y&nbsp;<strong>por servir de ejemplo<\/strong>&nbsp;a otras empresas.<\/p>\n\n\n\n<p><em>\u201cFelicitamos esta iniciativa, porque contribuye a aumentar la tasa de lactancia materna exclusiva en el pa\u00eds; ya contamos con decenas de estas salas tanto en el sector p\u00fablico como privado y queremos seguir promoviendo la leche materna como un componente vital para el desarrollo de los beb\u00e9s y las madres\u201d<\/em>&nbsp;dijo el funcionario.<\/p>\n\n\n\n<p>De su lado, la&nbsp;<strong>directora de Igualdad de Oportunidades y No Discriminaci\u00f3n del Ministerio de Trabajo, Yissell Villar<\/strong>, manifest\u00f3 la utilidad de salas de lactancia en el&nbsp;<strong>entorno laboral<\/strong>&nbsp;y aplaudi\u00f3 al Aeropuerto por pensar en sus trabajadoras y madres lactantes al sumarse a este proyecto.&nbsp;<\/p>\n\n\n\n<p><strong>El ingeniero F\u00e9lix Garc\u00eda<\/strong>, presidente del Consejo de Administraci\u00f3n del Aeropuerto Cibao, indic\u00f3 que este logro reafirma el compromiso de la administraci\u00f3n de la terminal a\u00e9rea de gestionar&nbsp;<strong>acciones que favorezcan la calidad de vida, los derechos y el bienestar de sus colaboradores y visitantes.&nbsp;<\/strong><\/p>\n\n\n\n<p>La sala de lactancia materna del Aeropuerto Cibao fue inaugurada en agosto del a\u00f1o 2022 con el objetivo de&nbsp;<strong>fomentar la lactancia materna de las trabajadoras y viajeras<\/strong>&nbsp;en un lugar ambientado para tales fines, en donde se sientan c\u00f3modas y puedan relajarse mientras producen el alimento para sus beb\u00e9s.&nbsp;<\/p>\n\n\n\n<p>Este espacio cuenta con cub\u00edculos independientes y privados, mobiliario adecuado, m\u00fasica ambiental, equipo de refrigeraci\u00f3n para la correcta preservaci\u00f3n de la leche materna y un \u00e1rea de lavado e higienizaci\u00f3n, por lo que se une de esta manera a las instituciones y empresas que cumplen con las&nbsp;<strong>normas de higiene y seguridad.<\/strong><\/p>\n","protected":false},"excerpt":{"rendered":"<p>Santiago. &#8211;&nbsp;Una sala de lactancia materna&nbsp;fue certificada en el&nbsp;Aeropuerto Internacional del Cibao&nbsp;y empresas afiliadas, durante un acto encabezado por el&nbsp;ministro de Salud P\u00fablica, doctor Daniel Rivera, funcionarios del Ministerio de&hellip; <\/p>\n","protected":false},"author":2,"featured_media":30897,"comment_status":"closed","ping_status":"closed","sticky":false,"template":"","format":"standard","meta":{"fifu_image_url":"","fifu_image_alt":"","footnotes":""},"categories":[80],"tags":[],"class_list":["post-30896","post","type-post","status-publish","format-standard","has-post-thumbnail","hentry","category-salud"],"_links":{"self":[{"href":"https:\/\/elmundodelosnegocios.com.do\/v1\/wp-json\/wp\/v2\/posts\/30896","targetHints":{"allow":["GET"]}}],"collection":[{"href":"https:\/\/elmundodelosnegocios.com.do\/v1\/wp-json\/wp\/v2\/posts"}],"about":[{"href":"https:\/\/elmundodelosnegocios.com.do\/v1\/wp-json\/wp\/v2\/types\/post"}],"author":[{"embeddable":true,"href":"https:\/\/elmundodelosnegocios.com.do\/v1\/wp-json\/wp\/v2\/users\/2"}],"replies":[{"embeddable":true,"href":"https:\/\/elmundodelosnegocios.com.do\/v1\/wp-json\/wp\/v2\/comments?post=30896"}],"version-history":[{"count":0,"href":"https:\/\/elmundodelosnegocios.com.do\/v1\/wp-json\/wp\/v2\/posts\/30896\/revisions"}],"wp:featuredmedia":[{"embeddable":true,"href":"https:\/\/elmundodelosnegocios.com.do\/v1\/wp-json\/wp\/v2\/media\/30897"}],"wp:attachment":[{"href":"https:\/\/elmundodelosnegocios.com.do\/v1\/wp-json\/wp\/v2\/media?parent=30896"}],"wp:term":[{"taxonomy":"category","embeddable":true,"href":"https:\/\/elmundodelosnegocios.com.do\/v1\/wp-json\/wp\/v2\/categories?post=30896"},{"taxonomy":"post_tag","embeddable":true,"href":"https:\/\/elmundodelosnegocios.com.do\/v1\/wp-json\/wp\/v2\/tags?post=30896"}],"curies":[{"name":"wp","href":"https:\/\/api.w.org\/{rel}","templated":true}]}}