{"id":30916,"date":"2023-07-19T10:54:56","date_gmt":"2023-07-19T15:24:56","guid":{"rendered":"https:\/\/elmundodelosnegocios.com.do\/v1\/?p=30916"},"modified":"2023-07-19T10:54:58","modified_gmt":"2023-07-19T15:24:58","slug":"exponen-ante-la-onu-la-estrategia-de-superate-vinculada-al-cumplimiento-de-los-objetivos-de-desarrollo-sostenible","status":"publish","type":"post","link":"https:\/\/elmundodelosnegocios.com.do\/v1\/exponen-ante-la-onu-la-estrategia-de-superate-vinculada-al-cumplimiento-de-los-objetivos-de-desarrollo-sostenible\/","title":{"rendered":"Exponen ante la ONU la estrategia de Sup\u00e9rate vinculada al cumplimiento de los Objetivos de Desarrollo Sostenible"},"content":{"rendered":"\n<p>Nueva York, EE.UU.- La directora general del&nbsp;<strong>programa social Sup\u00e9rate<\/strong>&nbsp;particip\u00f3 en el panel&nbsp;<strong>\u201cIniciativas de Desarrollo Social para el Cumplimiento de los ODS\u201d<\/strong>, que se llev\u00f3 a cabo en el marco del&nbsp;<strong>Foro Pol\u00edtico de Alto Nivel 2023<\/strong>&nbsp;de la Organizaci\u00f3n de las Naciones Unidas&nbsp;<strong>(ONU)<\/strong>.<\/p>\n\n\n<div class=\"wp-block-image\">\n<figure class=\"aligncenter size-large\"><img loading=\"lazy\" decoding=\"async\" width=\"1024\" height=\"576\" src=\"https:\/\/elmundodelosnegocios.com.do\/v1\/wp-content\/uploads\/2023\/07\/unnamed-1-1-1024x576.jpg\" alt=\"\" class=\"wp-image-30917\" srcset=\"https:\/\/elmundodelosnegocios.com.do\/v1\/wp-content\/uploads\/2023\/07\/unnamed-1-1-1024x576.jpg 1024w, https:\/\/elmundodelosnegocios.com.do\/v1\/wp-content\/uploads\/2023\/07\/unnamed-1-1-300x169.jpg 300w, https:\/\/elmundodelosnegocios.com.do\/v1\/wp-content\/uploads\/2023\/07\/unnamed-1-1-768x432.jpg 768w, https:\/\/elmundodelosnegocios.com.do\/v1\/wp-content\/uploads\/2023\/07\/unnamed-1-1.jpg 1300w\" sizes=\"auto, (max-width: 1024px) 100vw, 1024px\" \/><\/figure>\n<\/div>\n\n\n<p>Reyes comparti\u00f3 las l\u00edneas de trabajo de Sup\u00e9rate en materia de&nbsp;<strong>protecci\u00f3n social, a favor de las personas en mayor situaci\u00f3n de vulnerabilidad<\/strong>&nbsp;en la Rep\u00fablica Dominicana.&nbsp;<\/p>\n\n\n\n<p>La funcionaria mostr\u00f3 ejemplos de ejecutorias de&nbsp;<strong>pol\u00edticas p\u00fablicas concretas<\/strong>&nbsp;que han beneficiado a un mill\u00f3n y medio de familias, motivando al&nbsp;<strong>logro de varios de los Objetivos de Desarrollo Sostenible (ODS).<\/strong><\/p>\n\n\n\n<p><em>\u201cEn cooperaci\u00f3n con la Organizaci\u00f3n de las Naciones Unidas para la Alimentaci\u00f3n y la Agricultura (FAO), el Ministerio de Econom\u00eda Planificaci\u00f3n y Desarrollo (MEPyD), varias entidades del Gobierno, el sector privado y la cooperaci\u00f3n internacional, hemos logrado que una comunidad de agricultores en Villa Poppy comiencen a trabajar con una agricultura inteligente y una metodolog\u00eda con resultados constatados. Adem\u00e1s, los hemos vinculado con un mercado directo sin intermediarios, evento que ha impactado significativamente en los ingresos de las familias y la venta efectiva de lo que se produce en esta localidad\u00bb,<\/em>&nbsp;explic\u00f3.&nbsp;<\/p>\n\n\n\n<figure class=\"wp-block-image\"><img decoding=\"async\" src=\"https:\/\/presidencia.gob.do\/sites\/default\/files\/inline-images\/IMG_2361.jpeg\" alt=\"\"\/><\/figure>\n\n\n\n<p>Reyes resalt\u00f3 que dicho modelo se trata de un piloto&nbsp;<strong>promotor de cadenas de valor y agricultura clim\u00e1ticamente sostenible<\/strong>&nbsp;en el que Sup\u00e9rate ha trabajado con miras a ser expandido en todo el territorio.&nbsp;<\/p>\n\n\n\n<p>Otra de las acciones expuestas fue la creaci\u00f3n del&nbsp;<strong>Bono de Emergencia<\/strong>, como una respuesta anticipada por parte del Gobierno&nbsp;<strong>ante los cambios clim\u00e1ticos y sus efectos,<\/strong>&nbsp;<em>\u201cpara tener una soluci\u00f3n anticipada con el apoyo de la sociedad civil y la protecci\u00f3n social, para poder dar respuestas r\u00e1pidas y \u00e1giles y un acompa\u00f1amiento a las familias que son afectadas, estrategia que prev\u00e9 y evita impactos que incrementen la pobreza y, luego de la atenci\u00f3n a la emergencia, que haya una continuidad en ese esfuerzo\u201d,<\/em>&nbsp;manifest\u00f3.&nbsp;<\/p>\n\n\n\n<p>La directora de Sup\u00e9rate se\u00f1al\u00f3 que, tras el paso de la tormenta Fiona,&nbsp;<strong>esta herramienta permiti\u00f3 impactar a 35,000 familias en menos de 40 d\u00edas<\/strong>; los afectados por los da\u00f1os recibieron un&nbsp;<strong>subsidio focalizado directo<\/strong>&nbsp;que fue implementado mediante un manual operativo, con el acompa\u00f1amiento del&nbsp;<strong>Programa Mundial de Alimentos (PMA) y el Banco Mundial.&nbsp;<\/strong><\/p>\n\n\n\n<p>Dicha herramienta, que da respuesta a algo inesperado y que por tanto no depende de lo que se tenga dise\u00f1ado, destaca como una de las primeras en la regi\u00f3n, dirigida a la&nbsp;<strong>necesidad de generar resiliencia en nuestros pa\u00edses.&nbsp;<\/strong><\/p>\n\n\n\n<p><em>\u201cGracias a las alianzas con el PMA y el Banco Mundial, el Gobierno pudo impactar, con una inversi\u00f3n de unos 500 millones de pesos, a esas familias recibiendo un subsidio temporal por cuatro meses dependiendo del nivel de da\u00f1os de las familias, para as\u00ed conectarlos a una recuperaci\u00f3n r\u00e1pida en esta situaci\u00f3n inesperada\u201d.&nbsp;<\/em><\/p>\n\n\n\n<p>Durante su exposici\u00f3n, Gloria Reyes tambi\u00e9n destac\u00f3 el incremento del desarrollo de las pol\u00edticas de protecci\u00f3n social bajo una&nbsp;<strong>l\u00ednea de inclusi\u00f3n productiva&nbsp;<\/strong>para todas las familias, teniendo el Gobierno presente que dentro de las estrategias para el logro de una protecci\u00f3n social adaptativa y universal, se debe reconocer que hay diversas situaciones que caracterizan la pobreza, como la&nbsp;<strong>pobreza estructural coyuntural<\/strong>, etc.&nbsp;<\/p>\n\n\n\n<p>As\u00ed mismo,&nbsp;<strong>present\u00f3 el trabajo realizado junto al sector privado<\/strong>, con el que se han creado oportunidades de&nbsp;<strong>vinculaci\u00f3n al empleo formal&nbsp;<\/strong>para las y los participantes del programa, por lo que Sup\u00e9rate puede presentar ejemplos a la sociedad de que&nbsp;<em>\u201clas personas que son parte de los programas sociales reciben acompa\u00f1amiento y formaci\u00f3n del Gobierno, pero que tambi\u00e9n el sector privado aporta en ese esfuerzo de abrir oportunidades de empleabilidad\u201d.<\/em><\/p>\n\n\n\n<p>Gloria Reyes destac\u00f3 que todas estas acciones repercutieron en la&nbsp;<strong>reducci\u00f3n de la pobreza en el pa\u00eds en un 2.9 %<\/strong>, en el a\u00f1o 2022. El componente de&nbsp;<strong>los subsidios junto al incremento del empleo<\/strong>&nbsp;en el pa\u00eds son elementos que permitieron esta reducci\u00f3n significativa.&nbsp;&nbsp;<\/p>\n\n\n\n<p><strong>Sobre el evento<\/strong><\/p>\n\n\n\n<p>Este evento fue organizado por la&nbsp;<strong>Misi\u00f3n Permanente de la Rep\u00fablica Dominicana ante la ONU<\/strong>, en colaboraci\u00f3n con las misiones permanentes de&nbsp;<strong>Costa Rica<\/strong>&nbsp;y&nbsp;<strong>Panam\u00e1&nbsp;<\/strong>ante las Naciones Unidas, y el Programa de las Naciones Unidas para el Desarrollo&nbsp;<strong>(PNUD).<\/strong><\/p>\n\n\n\n<p>El objetivo del encuentro es incentivar el di\u00e1logo sobre el&nbsp;<strong>impacto significativo de las iniciativas sociales en el cumplimiento de los ODS<\/strong>, tomando en cuenta que estas iniciativas pueden abordar los desaf\u00edos sociales, econ\u00f3micos y ambientales, a nivel local, nacional e internacional.<\/p>\n","protected":false},"excerpt":{"rendered":"<p>Nueva York, EE.UU.- La directora general del&nbsp;programa social Sup\u00e9rate&nbsp;particip\u00f3 en el panel&nbsp;\u201cIniciativas de Desarrollo Social para el Cumplimiento de los ODS\u201d, que se llev\u00f3 a cabo en el marco del&nbsp;Foro&hellip; <\/p>\n","protected":false},"author":2,"featured_media":30917,"comment_status":"closed","ping_status":"closed","sticky":false,"template":"","format":"standard","meta":{"fifu_image_url":"","fifu_image_alt":"","footnotes":""},"categories":[254],"tags":[],"class_list":["post-30916","post","type-post","status-publish","format-standard","has-post-thumbnail","hentry","category-relaciones-internacionales"],"_links":{"self":[{"href":"https:\/\/elmundodelosnegocios.com.do\/v1\/wp-json\/wp\/v2\/posts\/30916","targetHints":{"allow":["GET"]}}],"collection":[{"href":"https:\/\/elmundodelosnegocios.com.do\/v1\/wp-json\/wp\/v2\/posts"}],"about":[{"href":"https:\/\/elmundodelosnegocios.com.do\/v1\/wp-json\/wp\/v2\/types\/post"}],"author":[{"embeddable":true,"href":"https:\/\/elmundodelosnegocios.com.do\/v1\/wp-json\/wp\/v2\/users\/2"}],"replies":[{"embeddable":true,"href":"https:\/\/elmundodelosnegocios.com.do\/v1\/wp-json\/wp\/v2\/comments?post=30916"}],"version-history":[{"count":0,"href":"https:\/\/elmundodelosnegocios.com.do\/v1\/wp-json\/wp\/v2\/posts\/30916\/revisions"}],"wp:featuredmedia":[{"embeddable":true,"href":"https:\/\/elmundodelosnegocios.com.do\/v1\/wp-json\/wp\/v2\/media\/30917"}],"wp:attachment":[{"href":"https:\/\/elmundodelosnegocios.com.do\/v1\/wp-json\/wp\/v2\/media?parent=30916"}],"wp:term":[{"taxonomy":"category","embeddable":true,"href":"https:\/\/elmundodelosnegocios.com.do\/v1\/wp-json\/wp\/v2\/categories?post=30916"},{"taxonomy":"post_tag","embeddable":true,"href":"https:\/\/elmundodelosnegocios.com.do\/v1\/wp-json\/wp\/v2\/tags?post=30916"}],"curies":[{"name":"wp","href":"https:\/\/api.w.org\/{rel}","templated":true}]}}