{"id":30919,"date":"2023-07-19T13:44:52","date_gmt":"2023-07-19T18:14:52","guid":{"rendered":"https:\/\/elmundodelosnegocios.com.do\/v1\/?p=30919"},"modified":"2023-07-19T13:44:54","modified_gmt":"2023-07-19T18:14:54","slug":"rd-sera-sede-de-la-46a-reunion-de-la-comision-tecnica-de-oit-cinterfor-en-la-que-participaran-mas-de-27-paises","status":"publish","type":"post","link":"https:\/\/elmundodelosnegocios.com.do\/v1\/rd-sera-sede-de-la-46a-reunion-de-la-comision-tecnica-de-oit-cinterfor-en-la-que-participaran-mas-de-27-paises\/","title":{"rendered":"RD ser\u00e1 sede de la 46\u00aa Reuni\u00f3n de la Comisi\u00f3n T\u00e9cnica de OIT\/Cinterfor en la que participar\u00e1n m\u00e1s de 27 pa\u00edses"},"content":{"rendered":"\n<p>Santo Domingo. &#8211;&nbsp;<strong>El Ministerio de Trabajo&nbsp;<\/strong>y el Instituto Nacional de Formaci\u00f3n T\u00e9cnico Profesional&nbsp;<strong>(INFOTEP)<\/strong>&nbsp;anunciaron la celebraci\u00f3n de la&nbsp;<strong>46\u00aa Reuni\u00f3n de la Comisi\u00f3n T\u00e9cnica (RCT) de OIT\/Cinterfor<\/strong>&nbsp;en la Rep\u00fablica Dominicana, con la participaci\u00f3n de representantes de&nbsp;<strong>60 instituciones&nbsp;<\/strong>de formaci\u00f3n profesional de&nbsp;<strong>m\u00e1s de 27 pa\u00edses.<\/strong><\/p>\n\n\n<div class=\"wp-block-image\">\n<figure class=\"aligncenter size-large\"><img loading=\"lazy\" decoding=\"async\" width=\"1024\" height=\"576\" src=\"http:\/\/elmundodelosnegocios.com.do\/v1\/wp-content\/uploads\/2023\/07\/1-4-1024x576.jpeg\" alt=\"Luis Miguel De Camps, Anne Posthuma y Rafael Santos Bad\u00eda\" class=\"wp-image-30920\" srcset=\"https:\/\/elmundodelosnegocios.com.do\/v1\/wp-content\/uploads\/2023\/07\/1-4-1024x576.jpeg 1024w, https:\/\/elmundodelosnegocios.com.do\/v1\/wp-content\/uploads\/2023\/07\/1-4-300x169.jpeg 300w, https:\/\/elmundodelosnegocios.com.do\/v1\/wp-content\/uploads\/2023\/07\/1-4-768x432.jpeg 768w, https:\/\/elmundodelosnegocios.com.do\/v1\/wp-content\/uploads\/2023\/07\/1-4.jpeg 1300w\" sizes=\"auto, (max-width: 1024px) 100vw, 1024px\" \/><figcaption class=\"wp-element-caption\">Luis Miguel De Camps, Anne Posthuma y Rafael Santos Bad\u00eda<\/figcaption><\/figure>\n<\/div>\n\n\n<p>Esta trascendental actividad a celebrarse en Punta Cana del 4 al 6 de octubre, con el Ministerio de Trabajo como representante de la sede y el INFOTEP como instituci\u00f3n anfitriona, estar\u00e1 enfocada en el abordaje de la&nbsp;<strong>formaci\u00f3n profesional como eje del desarrollo econ\u00f3mico y social de los pa\u00edses participantes.<\/strong><\/p>\n\n\n\n<p>El encuentro es&nbsp;<strong>uno de los eventos m\u00e1s importantes<\/strong>&nbsp;en el \u00e1mbito de la formaci\u00f3n t\u00e9cnica profesional en&nbsp;<strong>Am\u00e9rica Latina y el Caribe<\/strong>, que re\u00fane especialistas, profesionales, representantes de instituciones especializadas en formaci\u00f3n y desarrollo del talento humano, miembros de OIT\/Cinterfor, representantes de empleadores y de trabajadores, as\u00ed como de gobiernos, junto con ministerios de Educaci\u00f3n y de Trabajo.<\/p>\n\n\n\n<p><strong>La 46\u00aa RCT de OIT\/Cinterfor<\/strong>&nbsp;coincide con el a\u00f1o de celebraci\u00f3n del<strong>&nbsp;60 aniversario de la instituci\u00f3n<\/strong>. En estas seis d\u00e9cadas, el organismo ha desempe\u00f1ado un papel fundamental en el fortalecimiento de la formaci\u00f3n profesional en la regi\u00f3n y en la&nbsp;<strong>promoci\u00f3n de pol\u00edticas y pr\u00e1cticas que fomenten el desarrollo humano y el empleo decente<\/strong>&nbsp;entre los miembros de su red de instituciones.<\/p>\n\n\n\n<p><strong>El director general del INFOTEP, Rafael Santos Bad\u00eda<\/strong>, manifest\u00f3 que, del 4 al 6 de octubre, la Rep\u00fablica Dominicana ser\u00e1 la&nbsp;<strong>capital mundial de la formaci\u00f3n t\u00e9cnica profesional&nbsp;<\/strong>y se espera que de la Reuni\u00f3n de la Comisi\u00f3n T\u00e9cnica, surjan l\u00edneas espec\u00edficas sobre los&nbsp;<strong>empleos del futuro y el futuro del empleo<\/strong>, ya que se est\u00e1 en la puerta del desarrollo de una&nbsp;<strong>cuarta revoluci\u00f3n.<\/strong><\/p>\n\n\n\n<p><em>\u201cAqu\u00ed habr\u00e1 de nacer la l\u00ednea en la que se van a mover los institutos t\u00e9cnicos profesionales a partir de los pr\u00f3ximos meses y de los pr\u00f3ximos a\u00f1os; de manera que el pa\u00eds est\u00e1 muy entusiasmado porque podremos aportar una estrategia al mundo\u201d,<\/em>&nbsp;resalt\u00f3 Santos Bad\u00eda.<\/p>\n\n\n\n<p><strong>Anne Caroline Posthuma, directora de OIT\/Cinterfor<\/strong>, destac\u00f3 que con este encuentro se espera lograr un&nbsp;<strong>evento internacional especializado y tripartito<\/strong>, con espacios de intercambio fluido, din\u00e1mico y abierto y con la actualizaci\u00f3n del&nbsp;<strong>marco conceptual y estrat\u00e9gico necesario para abordar la formaci\u00f3n profesional.<\/strong><\/p>\n\n\n\n<p>Sostuvo que tambi\u00e9n se espera conocimiento acerca de&nbsp;<strong>innovaciones, nuevas pr\u00e1cticas y lecciones aprendidas<\/strong>&nbsp;que puedan servir para la mejora de las pr\u00e1cticas institucionales, as\u00ed como acuerdo para validar el&nbsp;<strong>plan de trabajo de Cinterfor para el siguiente bienio<\/strong><\/p>\n\n\n\n<p><em>\u201cTenemos una relaci\u00f3n hist\u00f3rica y fuerte con INFOTEP, inclusive Cinterfor ha contribuido t\u00e9cnicamente a su creaci\u00f3n. Estamos muy agradecidos por el gran evento que est\u00e1n organizando, que recibir\u00e1 tantas personas del mundo del trabajo y la formaci\u00f3n profesional en Rep\u00fablica Dominicana\u201d,<\/em>&nbsp;refiri\u00f3 Posthuma.<\/p>\n\n\n\n<p>En tanto que el&nbsp;<strong>ministro de Trabajo, Luis Miguel de Camps<\/strong>, habl\u00f3 sobre&nbsp;<strong>el impacto, la importancia y la envergadura<\/strong>&nbsp;que tiene para la regi\u00f3n, y particularmente para la Rep\u00fablica Dominicana, la celebraci\u00f3n de la 46\u00aa Reuni\u00f3n de la Comisi\u00f3n T\u00e9cnica (RCT) de OIT\/Cinterfor.<\/p>\n\n\n\n<p>Sobre el papel del INFOTEP en la capacitaci\u00f3n del talento humano, expuso que&nbsp;<strong>la formaci\u00f3n de competencias es cada vez m\u00e1s importante<\/strong>&nbsp;para que el trabajador dominicano pueda tener la fuerza de trabajo con el conocimiento que los mercados regionales y mundiales as\u00ed reclaman, contribuyendo entonces en el crecimiento econ\u00f3mico y sobre todo en el desarrollo humano.<\/p>\n\n\n\n<p><em>\u201cEs importante dar a conocer que los retos de la brecha en las competencias que demanda el mercado de trabajo y las competencias que producen los sistemas formativos no son exclusivos de la Rep\u00fablica Dominicana, porque los mercados nacionales son mundiales\u201d,&nbsp;<\/em>se\u00f1al\u00f3 De Camps.<\/p>\n\n\n\n<p><strong>La Agenda<\/strong><\/p>\n\n\n\n<p>La agenda de la reuni\u00f3n contempla&nbsp;<strong>paneles, presentaciones y conversatorios<\/strong>&nbsp;en torno a temas clave de la formaci\u00f3n profesional entre los que se incluyen la adaptaci\u00f3n a los&nbsp;<strong>cambios tecnol\u00f3gicos,<\/strong>&nbsp;inclusi\u00f3n de&nbsp;<strong>grupos vulnerables<\/strong>, el fomento de&nbsp;<strong>la empleabilidad y el emprendimiento<\/strong>, el aprendizaje permanente, el di\u00e1logo social y la formaci\u00f3n dual.<\/p>\n\n\n\n<p>En el evento se espera la participaci\u00f3n del director general de la Organizaci\u00f3n Internacional del Trabajo (OIT),&nbsp;<strong>Gilbert F. Houngbo, y autoridades gubernamentales del pa\u00eds<\/strong>.<\/p>\n\n\n\n<p><strong>OIT es la \u00fanica agencia tripartita de la Organizaci\u00f3n de las Naciones Unidas (ONU).<\/strong>&nbsp;Re\u00fane a gobiernos, empleadores y trabajadores de&nbsp;<strong>187 estados miembros<\/strong>&nbsp;y tiene como finalidad establecer las normas del trabajo, formular pol\u00edticas y elaborar programas promoviendo el trabajo decente de mujeres y hombres.<\/p>\n\n\n\n<p>En 1963, la OIT cre\u00f3 el&nbsp;<strong>Centro Interamericano para el Desarrollo del Conocimiento en la Formaci\u00f3n Profesional (Cinterfor),<\/strong>&nbsp;un servicio t\u00e9cnico que responde a las necesidades de las personas, las empresas y los pa\u00edses en materia de formaci\u00f3n profesional y desarrollo de los recursos humanos. Tambi\u00e9n coordina una red de gesti\u00f3n del conocimiento de instituciones y organismos relacionados con estos temas.<\/p>\n\n\n\n<p>El INFOTEP, como instituci\u00f3n rectora de la formaci\u00f3n t\u00e9cnico profesional en el pa\u00eds, es miembro de esta red de gesti\u00f3n del conocimiento. Juntos establecen mecanismos y pol\u00edticas para impulsar el&nbsp;<strong>trabajo de calidad en Rep\u00fablica Dominicana<\/strong>&nbsp;<\/p>\n\n\n\n<p>Cinterfor colabora activamente en la&nbsp;<strong>actualizaci\u00f3n permanente<\/strong>&nbsp;de la plataforma de gesti\u00f3n del conocimiento que est\u00e1 a disposici\u00f3n del mundo de la formaci\u00f3n profesional.<\/p>\n\n\n\n<p>Las entidades miembros de OIT\/Cinterfor corresponden a los pa\u00edses de Argentina, Barbados, Bolivia, Brasil, Bahamas, Chile, Colombia, Costa Rica, Cuba, Cabo Verde, Ecuador, Espa\u00f1a, Guatemala, Honduras, Hait\u00ed, Jamaica, M\u00e9xico, Nicaragua, Panam\u00e1, Per\u00fa, Portugal, Paraguay, Surinam, El Salvador, Trinidad y Tobago, Uruguay y Rep\u00fablica Dominicana.<\/p>\n","protected":false},"excerpt":{"rendered":"<p>Santo Domingo. &#8211;&nbsp;El Ministerio de Trabajo&nbsp;y el Instituto Nacional de Formaci\u00f3n T\u00e9cnico Profesional&nbsp;(INFOTEP)&nbsp;anunciaron la celebraci\u00f3n de la&nbsp;46\u00aa Reuni\u00f3n de la Comisi\u00f3n T\u00e9cnica (RCT) de OIT\/Cinterfor&nbsp;en la Rep\u00fablica Dominicana, con la&hellip; <\/p>\n","protected":false},"author":2,"featured_media":30920,"comment_status":"closed","ping_status":"closed","sticky":false,"template":"","format":"standard","meta":{"fifu_image_url":"","fifu_image_alt":"","footnotes":""},"categories":[166],"tags":[],"class_list":["post-30919","post","type-post","status-publish","format-standard","has-post-thumbnail","hentry","category-tecnologia"],"_links":{"self":[{"href":"https:\/\/elmundodelosnegocios.com.do\/v1\/wp-json\/wp\/v2\/posts\/30919","targetHints":{"allow":["GET"]}}],"collection":[{"href":"https:\/\/elmundodelosnegocios.com.do\/v1\/wp-json\/wp\/v2\/posts"}],"about":[{"href":"https:\/\/elmundodelosnegocios.com.do\/v1\/wp-json\/wp\/v2\/types\/post"}],"author":[{"embeddable":true,"href":"https:\/\/elmundodelosnegocios.com.do\/v1\/wp-json\/wp\/v2\/users\/2"}],"replies":[{"embeddable":true,"href":"https:\/\/elmundodelosnegocios.com.do\/v1\/wp-json\/wp\/v2\/comments?post=30919"}],"version-history":[{"count":0,"href":"https:\/\/elmundodelosnegocios.com.do\/v1\/wp-json\/wp\/v2\/posts\/30919\/revisions"}],"wp:featuredmedia":[{"embeddable":true,"href":"https:\/\/elmundodelosnegocios.com.do\/v1\/wp-json\/wp\/v2\/media\/30920"}],"wp:attachment":[{"href":"https:\/\/elmundodelosnegocios.com.do\/v1\/wp-json\/wp\/v2\/media?parent=30919"}],"wp:term":[{"taxonomy":"category","embeddable":true,"href":"https:\/\/elmundodelosnegocios.com.do\/v1\/wp-json\/wp\/v2\/categories?post=30919"},{"taxonomy":"post_tag","embeddable":true,"href":"https:\/\/elmundodelosnegocios.com.do\/v1\/wp-json\/wp\/v2\/tags?post=30919"}],"curies":[{"name":"wp","href":"https:\/\/api.w.org\/{rel}","templated":true}]}}