{"id":30922,"date":"2023-07-19T13:46:53","date_gmt":"2023-07-19T18:16:53","guid":{"rendered":"https:\/\/elmundodelosnegocios.com.do\/v1\/?p=30922"},"modified":"2023-07-19T13:46:55","modified_gmt":"2023-07-19T18:16:55","slug":"mirex-inaugura-exhibicion-sobre-vida-y-obra-de-nelson-mandela","status":"publish","type":"post","link":"https:\/\/elmundodelosnegocios.com.do\/v1\/mirex-inaugura-exhibicion-sobre-vida-y-obra-de-nelson-mandela\/","title":{"rendered":"MIREX inaugura exhibici\u00f3n sobre vida y obra de Nelson Mandela"},"content":{"rendered":"\n<p>Santo Domingo. &#8211;&nbsp;<strong>El Ministerio de Relaciones Exteriores y la Embajada de la Rep\u00fablica de Sud\u00e1frica en la Habana, Cuba<\/strong>, concurrente en Rep\u00fablica Dominicana, inauguraron una exhibici\u00f3n sobre&nbsp;<strong>\u201cVida y \u00c9poca de Nelson Mandela\u201d,<\/strong>&nbsp;que se dej\u00f3 abierta al p\u00fablico en el Centro de Convenciones de MIREX del 18 al 21 julio de 2023, para conmemorar&nbsp;<strong>el D\u00eda Internacional de este l\u00edder, ganador del Premio Nobel de la Paz.<\/strong><\/p>\n\n\n<div class=\"wp-block-image\">\n<figure class=\"aligncenter size-large\"><img loading=\"lazy\" decoding=\"async\" width=\"1024\" height=\"576\" src=\"http:\/\/elmundodelosnegocios.com.do\/v1\/wp-content\/uploads\/2023\/07\/4-2-1024x576.jpg\" alt=\"\" class=\"wp-image-30923\" srcset=\"https:\/\/elmundodelosnegocios.com.do\/v1\/wp-content\/uploads\/2023\/07\/4-2-1024x576.jpg 1024w, https:\/\/elmundodelosnegocios.com.do\/v1\/wp-content\/uploads\/2023\/07\/4-2-300x169.jpg 300w, https:\/\/elmundodelosnegocios.com.do\/v1\/wp-content\/uploads\/2023\/07\/4-2-768x432.jpg 768w, https:\/\/elmundodelosnegocios.com.do\/v1\/wp-content\/uploads\/2023\/07\/4-2.jpg 1300w\" sizes=\"auto, (max-width: 1024px) 100vw, 1024px\" \/><\/figure>\n<\/div>\n\n\n<p>Con la asistencia de miembros del&nbsp;<strong>Cuerpo Diplom\u00e1tico y Consular<\/strong>&nbsp;acreditados en el pa\u00eds, adem\u00e1s de funcionarios de este Ministerio y organismos internacionales,&nbsp;<strong>el director de Gabinete del MIREX, Juan Jos\u00e9 Portorreal<\/strong>, dio las palabras de&nbsp;<strong>bienvenida<\/strong>&nbsp;a los invitados a esta inauguraci\u00f3n; de igual forma, la viceministra de Deportes y Recreaci\u00f3n, Artes y Cultura de la Rep\u00fablica de Sud\u00e1frica,&nbsp;<strong>Nocawe Noncedo Mafu<\/strong>, dedic\u00f3 unas&nbsp;<strong>palabras en nombre de su pa\u00eds<\/strong>.<\/p>\n\n\n\n<p>La exhibici\u00f3n muestra la trayectoria de vida de Nelson Mandela, (Madiba), sus inicios en 1942 como abogado y el ejercicio de su liderazgo hasta ser encarcelado en 1963, durante 27 a\u00f1os. Finalmente, su liberaci\u00f3n en 1990 y elecci\u00f3n como&nbsp;<strong>primer presidente democr\u00e1tico de Sud\u00e1frica, en 1994<\/strong>.<\/p>\n\n\n\n<p>Esta presentaci\u00f3n estar\u00e1 abierta los d\u00edas mencionados de 9:00 a.m. a 4:00 p.m. con acceso por la puerta principal de la Canciller\u00eda ubicada en la calle Hu\u00e1scar Tejada, Estancia San Ger\u00f3nimo.<\/p>\n\n\n<div class=\"wp-block-image\">\n<figure class=\"aligncenter\"><img decoding=\"async\" src=\"https:\/\/presidencia.gob.do\/sites\/default\/files\/inline-images\/53055107894_42253b3451_5k.jpg\" alt=\"\"\/><\/figure>\n<\/div>\n\n\n<p>Esta iniciativa va de la mano con el<strong>&nbsp;eje n\u00famero tres de la pol\u00edtica exterior dominicana<\/strong>, ejecutada por el canciller&nbsp;<strong>Roberto \u00c1lvarez<\/strong>, que trata sobre la promoci\u00f3n de los&nbsp;<strong>valores democr\u00e1ticos y el respeto a los derechos humanos<\/strong>&nbsp;consagrados en la Constituci\u00f3n de Rep\u00fablica Dominicana y en tratados internacionales.<\/p>\n\n\n\n<p><strong>La Asamblea General de las Naciones Unidas<\/strong>, reconociendo los valores de Nelson Mandela, as\u00ed como su contribuci\u00f3n a la cultura de la paz y la libertad&nbsp;<strong>proclam\u00f3 el 18 de julio como \u201cD\u00eda Internacional de Nelson Mandela\u201d.<\/strong>&nbsp;&nbsp;Dedic\u00f3 su vida al servicio de la humanidad a trav\u00e9s de su labor en la&nbsp;<strong>soluci\u00f3n de conflictos interraciales<\/strong>, luch\u00f3 por la&nbsp;<strong>justicia social<\/strong>&nbsp;y la promoci\u00f3n y protecci\u00f3n de los derechos humanos, por lo que mereci\u00f3 los m\u00e1s importantes reconocimientos, como el Premio Nobel de la Paz, el cual le fue entregado 1993.<\/p>\n","protected":false},"excerpt":{"rendered":"<p>Santo Domingo. &#8211;&nbsp;El Ministerio de Relaciones Exteriores y la Embajada de la Rep\u00fablica de Sud\u00e1frica en la Habana, Cuba, concurrente en Rep\u00fablica Dominicana, inauguraron una exhibici\u00f3n sobre&nbsp;\u201cVida y \u00c9poca de&hellip; <\/p>\n","protected":false},"author":2,"featured_media":30923,"comment_status":"closed","ping_status":"closed","sticky":false,"template":"","format":"standard","meta":{"fifu_image_url":"","fifu_image_alt":"","footnotes":""},"categories":[148],"tags":[],"class_list":["post-30922","post","type-post","status-publish","format-standard","has-post-thumbnail","hentry","category-cultura"],"_links":{"self":[{"href":"https:\/\/elmundodelosnegocios.com.do\/v1\/wp-json\/wp\/v2\/posts\/30922","targetHints":{"allow":["GET"]}}],"collection":[{"href":"https:\/\/elmundodelosnegocios.com.do\/v1\/wp-json\/wp\/v2\/posts"}],"about":[{"href":"https:\/\/elmundodelosnegocios.com.do\/v1\/wp-json\/wp\/v2\/types\/post"}],"author":[{"embeddable":true,"href":"https:\/\/elmundodelosnegocios.com.do\/v1\/wp-json\/wp\/v2\/users\/2"}],"replies":[{"embeddable":true,"href":"https:\/\/elmundodelosnegocios.com.do\/v1\/wp-json\/wp\/v2\/comments?post=30922"}],"version-history":[{"count":0,"href":"https:\/\/elmundodelosnegocios.com.do\/v1\/wp-json\/wp\/v2\/posts\/30922\/revisions"}],"wp:featuredmedia":[{"embeddable":true,"href":"https:\/\/elmundodelosnegocios.com.do\/v1\/wp-json\/wp\/v2\/media\/30923"}],"wp:attachment":[{"href":"https:\/\/elmundodelosnegocios.com.do\/v1\/wp-json\/wp\/v2\/media?parent=30922"}],"wp:term":[{"taxonomy":"category","embeddable":true,"href":"https:\/\/elmundodelosnegocios.com.do\/v1\/wp-json\/wp\/v2\/categories?post=30922"},{"taxonomy":"post_tag","embeddable":true,"href":"https:\/\/elmundodelosnegocios.com.do\/v1\/wp-json\/wp\/v2\/tags?post=30922"}],"curies":[{"name":"wp","href":"https:\/\/api.w.org\/{rel}","templated":true}]}}