{"id":30925,"date":"2023-07-19T14:06:19","date_gmt":"2023-07-19T18:36:19","guid":{"rendered":"https:\/\/elmundodelosnegocios.com.do\/v1\/?p=30925"},"modified":"2023-07-19T14:06:21","modified_gmt":"2023-07-19T18:36:21","slug":"comision-dominicana-en-washington-se-reune-con-legisladores-norteamericanos","status":"publish","type":"post","link":"https:\/\/elmundodelosnegocios.com.do\/v1\/comision-dominicana-en-washington-se-reune-con-legisladores-norteamericanos\/","title":{"rendered":"Comisi\u00f3n dominicana en Washington se re\u00fane con legisladores norteamericanos"},"content":{"rendered":"\n<p>Washington, D. C.-&nbsp;<strong>La comisi\u00f3n designada por el presidente Luis Abinader<\/strong>&nbsp;para tratar los efectos de la&nbsp;<strong>crisis haitiana<\/strong>&nbsp;en el pa\u00eds, plante\u00f3&nbsp;<strong>ante los legisladores del congreso norteamericano&nbsp;<\/strong>y sus equipos que la Rep\u00fablica Dominicana tiene un gran desaf\u00edo para su&nbsp;<strong>seguridad nacional<\/strong>&nbsp;ante la crisis multidimensional que afecta a Hait\u00ed, principalmente por la&nbsp;<strong>desestabilizaci\u00f3n de la paz y el orden<\/strong>&nbsp;generada por las actividades de las&nbsp;<strong>bandas criminales<\/strong>&nbsp;que controlan gran parte del pa\u00eds.&nbsp;<\/p>\n\n\n<div class=\"wp-block-image\">\n<figure class=\"aligncenter size-large\"><img loading=\"lazy\" decoding=\"async\" width=\"1024\" height=\"576\" src=\"https:\/\/elmundodelosnegocios.com.do\/v1\/wp-content\/uploads\/2023\/07\/2-2-1024x576.jpeg\" alt=\"\" class=\"wp-image-30926\" srcset=\"https:\/\/elmundodelosnegocios.com.do\/v1\/wp-content\/uploads\/2023\/07\/2-2-1024x576.jpeg 1024w, https:\/\/elmundodelosnegocios.com.do\/v1\/wp-content\/uploads\/2023\/07\/2-2-300x169.jpeg 300w, https:\/\/elmundodelosnegocios.com.do\/v1\/wp-content\/uploads\/2023\/07\/2-2-768x432.jpeg 768w, https:\/\/elmundodelosnegocios.com.do\/v1\/wp-content\/uploads\/2023\/07\/2-2.jpeg 1300w\" sizes=\"auto, (max-width: 1024px) 100vw, 1024px\" \/><\/figure>\n<\/div>\n\n\n<p>La comisi\u00f3n dominicana, que est\u00e1 integrada por&nbsp;<strong>representantes de partidos, gobierno y acad\u00e9micos,<\/strong>&nbsp;sostuvo varias reuniones en el d\u00eda de ayer, en las oficinas de la C\u00e1mara de Representantes de Estados Unidos, con algunos de sus miembros y sus equipos, quienes apoyaron la propuesta del&nbsp;<strong>gobierno de Hait\u00ed<\/strong>, el cual&nbsp;<strong>ha solicitado al<\/strong>&nbsp;<strong>Consejo de Seguridad de Naciones Unidas<\/strong>&nbsp;<strong>una fuerza internacional<\/strong>&nbsp;que asista a la polic\u00eda nacional haitiana en esa lucha, logre la pacificaci\u00f3n de su territorio y le devuelva la paz a su pueblo.&nbsp;<\/p>\n\n\n\n<p>Tambi\u00e9n se plante\u00f3 la disposici\u00f3n de asistencia en la construcci\u00f3n de un&nbsp;<strong>plan de desarrollo econ\u00f3mico a mediano y largo plazo<\/strong>&nbsp;con el apoyo de las instituciones multilaterales. Igualmente se trat\u00f3 sobre los esfuerzos para avanzar hacia la&nbsp;<strong>institucionalidad y la creaci\u00f3n de un clima pol\u00edtico estable.<\/strong><\/p>\n\n\n\n<p>La delegaci\u00f3n fue enf\u00e1tica en el respeto a la&nbsp;<strong>soberan\u00eda e integridad territorial de las dos naciones<\/strong>. Y se reafirm\u00f3 la doctrina de la pol\u00edtica exterior dominicana de que&nbsp;<strong>no existe, ni habr\u00e1 nunca, una soluci\u00f3n dominicana al problema haitiano.&nbsp;<\/strong><\/p>\n\n\n\n<p>En adici\u00f3n a esto, se explic\u00f3 con detalles el proyecto de la&nbsp;<strong>verja perimetral fronteriza<\/strong>&nbsp;que desarrolla el Gobierno dominicano para la defensa de la soberan\u00eda nacional, la integridad territorial y<strong>&nbsp;la lucha contra las bandas criminales<\/strong>. Esta verja servir\u00e1 para lograr m\u00e1s control y eficiencia en el&nbsp;<strong>comercio bilateral<\/strong>, regular los flujos migratorios para combatir el&nbsp;<strong>tr\u00e1fico de personas<\/strong>, hacer frente al&nbsp;<strong>narcotr\u00e1fico y a la venta ilegal de armas<\/strong>, adem\u00e1s de proteger&nbsp;<strong>las crianzas y los sembrad\u00edos<\/strong>&nbsp;de los ganaderos y los productores agr\u00edcolas.<\/p>\n\n\n\n<p>Se resalt\u00f3 que las autoridades haitianas han estado de acuerdo previamente con todas estas medidas, que est\u00e1n establecidas en la&nbsp;<strong>Declaraci\u00f3n Conjunta firmada entre el presidente Luis Abinader y el fenecido presidente Jovenel Moise<\/strong>, el 10 de enero de 2021.<\/p>\n\n\n\n<p>Los representantes de la C\u00e1mara Baja de los Estados Unidos presentes en el intercambio de ideas con los dominicanos en esta primera jornada de trabajo fueron los dem\u00f3cratas&nbsp;<strong>Bill Pascrell<\/strong>, de Paterson, New Jersey, y&nbsp;<strong>Adriano Espaillat<\/strong>, de New York, junto con los republicanos&nbsp;<strong>Mario D\u00edaz-Balart y Mar\u00eda Elvira Salazar<\/strong>, ambos de Florida. Tambi\u00e9n se desarrollaron reuniones con los equipos de trabajo de las dem\u00f3cratas&nbsp;<strong>Frederica Wilson<\/strong>, de Miami-Dade, y&nbsp;<strong>Susan Wild<\/strong>, de Pennsylvania.<\/p>\n\n\n\n<p>La delegaci\u00f3n dominicana est\u00e1 compuesta por el presidente de la Academia Dominicana de la Historia, Dr.<strong>&nbsp;Juan Daniel Balc\u00e1cer; Andr\u00e9s Lugo Risk<\/strong>, viceministro administrativo de la presidencia y secretario de relaciones interpartidarias del PRM;&nbsp;<strong>Jos\u00e9 Julio G\u00f3mez<\/strong>, viceministro de Relaciones Exteriores y secretario internacional del PRM; la diputada&nbsp;<strong>Lila Alburquerque<\/strong>, del PRSC, expresidenta de la C\u00e1mara de Diputados;&nbsp;<strong>Pelegr\u00edn Castillo<\/strong>, de la FNP, exministro de Energ\u00eda y Minas;&nbsp;<strong>Maritza L\u00f3pez<\/strong>, presidenta del PAL, y el asesor del Senado y exembajador en Israel,&nbsp;<strong>Alexander de la Rosa.<\/strong><\/p>\n","protected":false},"excerpt":{"rendered":"<p>Washington, D. C.-&nbsp;La comisi\u00f3n designada por el presidente Luis Abinader&nbsp;para tratar los efectos de la&nbsp;crisis haitiana&nbsp;en el pa\u00eds, plante\u00f3&nbsp;ante los legisladores del congreso norteamericano&nbsp;y sus equipos que la Rep\u00fablica Dominicana&hellip; <\/p>\n","protected":false},"author":2,"featured_media":30926,"comment_status":"closed","ping_status":"closed","sticky":false,"template":"","format":"standard","meta":{"fifu_image_url":"","fifu_image_alt":"","footnotes":""},"categories":[235],"tags":[],"class_list":["post-30925","post","type-post","status-publish","format-standard","has-post-thumbnail","hentry","category-politica-exterior"],"_links":{"self":[{"href":"https:\/\/elmundodelosnegocios.com.do\/v1\/wp-json\/wp\/v2\/posts\/30925","targetHints":{"allow":["GET"]}}],"collection":[{"href":"https:\/\/elmundodelosnegocios.com.do\/v1\/wp-json\/wp\/v2\/posts"}],"about":[{"href":"https:\/\/elmundodelosnegocios.com.do\/v1\/wp-json\/wp\/v2\/types\/post"}],"author":[{"embeddable":true,"href":"https:\/\/elmundodelosnegocios.com.do\/v1\/wp-json\/wp\/v2\/users\/2"}],"replies":[{"embeddable":true,"href":"https:\/\/elmundodelosnegocios.com.do\/v1\/wp-json\/wp\/v2\/comments?post=30925"}],"version-history":[{"count":0,"href":"https:\/\/elmundodelosnegocios.com.do\/v1\/wp-json\/wp\/v2\/posts\/30925\/revisions"}],"wp:featuredmedia":[{"embeddable":true,"href":"https:\/\/elmundodelosnegocios.com.do\/v1\/wp-json\/wp\/v2\/media\/30926"}],"wp:attachment":[{"href":"https:\/\/elmundodelosnegocios.com.do\/v1\/wp-json\/wp\/v2\/media?parent=30925"}],"wp:term":[{"taxonomy":"category","embeddable":true,"href":"https:\/\/elmundodelosnegocios.com.do\/v1\/wp-json\/wp\/v2\/categories?post=30925"},{"taxonomy":"post_tag","embeddable":true,"href":"https:\/\/elmundodelosnegocios.com.do\/v1\/wp-json\/wp\/v2\/tags?post=30925"}],"curies":[{"name":"wp","href":"https:\/\/api.w.org\/{rel}","templated":true}]}}