{"id":30928,"date":"2023-07-19T19:31:28","date_gmt":"2023-07-20T00:01:28","guid":{"rendered":"https:\/\/elmundodelosnegocios.com.do\/v1\/?p=30928"},"modified":"2023-07-19T19:31:30","modified_gmt":"2023-07-20T00:01:30","slug":"idac-saluda-inicio-de-5-nuevas-rutas-de-sky-high-dominicana-hacia-estados-unidos-venezuela-y-el-caribe","status":"publish","type":"post","link":"https:\/\/elmundodelosnegocios.com.do\/v1\/idac-saluda-inicio-de-5-nuevas-rutas-de-sky-high-dominicana-hacia-estados-unidos-venezuela-y-el-caribe\/","title":{"rendered":"IDAC saluda inicio de 5 nuevas rutas de Sky High Dominicana hacia Estados Unidos, Venezuela y el Caribe"},"content":{"rendered":"\n<p>Santo Domingo.- El director general del Instituto Dominicano de Aviaci\u00f3n Civil&nbsp;<strong>(IDAC), H\u00e9ctor Porcella,<\/strong>&nbsp;felicit\u00f3 a la l\u00ednea a\u00e9rea&nbsp;<strong>Sky High Dominicana<\/strong>&nbsp;por extender sus operaciones a&nbsp;<strong>cinco nuevos destinos<\/strong>&nbsp;de Estados Unidos, Venezuela y el Caribe en una medida que, adem\u00e1s de favorecer&nbsp;<strong>el turismo y el intercambio comercial<\/strong>, tambi\u00e9n beneficiar\u00e1 a&nbsp;<strong>los criollos residentes en las zonas conectadas<\/strong>.&nbsp; &nbsp;<\/p>\n\n\n\n<figure class=\"wp-block-image size-large\"><img loading=\"lazy\" decoding=\"async\" width=\"1024\" height=\"576\" src=\"https:\/\/elmundodelosnegocios.com.do\/v1\/wp-content\/uploads\/2023\/07\/Lanzamiento-de-las-nuevas-operaciones-de-vuelo-Sky-High-Dominicana-1024x576.jpeg\" alt=\"\" class=\"wp-image-30929\" srcset=\"https:\/\/elmundodelosnegocios.com.do\/v1\/wp-content\/uploads\/2023\/07\/Lanzamiento-de-las-nuevas-operaciones-de-vuelo-Sky-High-Dominicana-1024x576.jpeg 1024w, https:\/\/elmundodelosnegocios.com.do\/v1\/wp-content\/uploads\/2023\/07\/Lanzamiento-de-las-nuevas-operaciones-de-vuelo-Sky-High-Dominicana-300x169.jpeg 300w, https:\/\/elmundodelosnegocios.com.do\/v1\/wp-content\/uploads\/2023\/07\/Lanzamiento-de-las-nuevas-operaciones-de-vuelo-Sky-High-Dominicana-768x432.jpeg 768w, https:\/\/elmundodelosnegocios.com.do\/v1\/wp-content\/uploads\/2023\/07\/Lanzamiento-de-las-nuevas-operaciones-de-vuelo-Sky-High-Dominicana.jpeg 1300w\" sizes=\"auto, (max-width: 1024px) 100vw, 1024px\" \/><figcaption class=\"wp-element-caption\">Lanzamiento de las nuevas operaciones de vuelo Sky High Dominicana<\/figcaption><\/figure>\n\n\n\n<p>Consider\u00f3 que las nuevas conexiones de Sky High desde los aeropuertos de Santo Domingo, Santiago y Punta Cana con las ciudades de Miami, Providence, Valencia, St. Croix y Saint Thomas, representan una muestra del&nbsp;<strong>sostenido crecimiento<\/strong>&nbsp;que ha venido registrando la aviaci\u00f3n comercial del pa\u00eds&nbsp;<strong>con el apoyo del presidente Luis Abinader.<\/strong><strong>&nbsp;<\/strong><\/p>\n\n\n\n<p>Al participar en el acto de lanzamiento de las nuevas operaciones de vuelo, Porcella resalt\u00f3 de manera especial el marcado inter\u00e9s mostrado por la l\u00ednea de matr\u00edcula&nbsp;&nbsp;dominicana en el&nbsp;<strong>riguroso cumplimiento de las regulaciones aeron\u00e1uticas y los est\u00e1ndares de seguridad operacional<\/strong>&nbsp;exigidos por el&nbsp;<strong>IDAC<\/strong>, de acuerdo con las normas de la&nbsp;<strong>OACI<\/strong>&nbsp;y de la&nbsp;<strong>FAA<\/strong>&nbsp;de Estados Unidos.&nbsp;<\/p>\n\n\n\n<p>Durante la presentaci\u00f3n, la directora comercial de la aerol\u00ednea,&nbsp;<strong>Cesarina Beauchamp<\/strong>, reafirm\u00f3 el compromiso de conectar Rep\u00fablica Dominicana con norte, sur y el resto del Caribe, mostrando su&nbsp;<strong>agradecimiento por la eficiente colaboraci\u00f3n de las autoridades aeron\u00e1uticas del pa\u00eds<\/strong>&nbsp;<strong>y del propio presidente Luis Abinader,<\/strong>&nbsp;quien ha demostrado una firme voluntad de apoyar el desarrollo de la aviaci\u00f3n civil, principal plataforma log\u00edstica de la industria tur\u00edstica nacional.&nbsp;<\/p>\n\n\n\n<p>Al referirse a su nueva expansi\u00f3n, la ejecutiva explic\u00f3 que&nbsp;<strong>desde Santiago de los Caballeros<\/strong>&nbsp;se conectar\u00e1 con la ciudad de Miami con un vuelo directo que viajar\u00e1 tres veces a la semana: lunes, jueves y domingos, mientras que desde la ciudad de&nbsp;<strong>Providence, Rhode Island<\/strong>, se volar\u00e1 los jueves y domingos. Con estas rutas unir\u00e1n la zona norte del pa\u00eds, fomentando as\u00ed la conexi\u00f3n a\u00e9rea e impulsando el&nbsp;<strong>desarrollo econ\u00f3mico y el tur\u00edstico de la regi\u00f3n.<\/strong><strong>&nbsp;<\/strong><\/p>\n\n\n\n<p>Desde el&nbsp;<strong>Aeropuerto Internacional de Punta Cana<\/strong>&nbsp;dispondr\u00e1n de tres frecuencias a la semana hacia el Aeropuerto Internacional de Miami: lunes, jueves y domingo.&nbsp;<\/p>\n\n\n\n<p>Adicionalmente, la l\u00ednea ha incluido en su portafolio de rutas, vuelos semanales los mi\u00e9rcoles y s\u00e1bados, a&nbsp;<strong>la ciudad venezolana de Valencia<\/strong>, una zona industrial y comercial de gran importancia y con potencial para el turismo.&nbsp;<\/p>\n\n\n\n<p>Tambi\u00e9n han incorporado a<strong>&nbsp;St. Croix, Islas V\u00edrgenes de Estados Unidos<\/strong>, donde ya ven\u00eda operando otra conexi\u00f3n con la vecina Saint Thomas.<\/p>\n","protected":false},"excerpt":{"rendered":"<p>Santo Domingo.- El director general del Instituto Dominicano de Aviaci\u00f3n Civil&nbsp;(IDAC), H\u00e9ctor Porcella,&nbsp;felicit\u00f3 a la l\u00ednea a\u00e9rea&nbsp;Sky High Dominicana&nbsp;por extender sus operaciones a&nbsp;cinco nuevos destinos&nbsp;de Estados Unidos, Venezuela y el&hellip; <\/p>\n","protected":false},"author":2,"featured_media":30929,"comment_status":"closed","ping_status":"closed","sticky":false,"template":"","format":"standard","meta":{"fifu_image_url":"","fifu_image_alt":"","footnotes":""},"categories":[169],"tags":[],"class_list":["post-30928","post","type-post","status-publish","format-standard","has-post-thumbnail","hentry","category-transporte-internacional"],"_links":{"self":[{"href":"https:\/\/elmundodelosnegocios.com.do\/v1\/wp-json\/wp\/v2\/posts\/30928","targetHints":{"allow":["GET"]}}],"collection":[{"href":"https:\/\/elmundodelosnegocios.com.do\/v1\/wp-json\/wp\/v2\/posts"}],"about":[{"href":"https:\/\/elmundodelosnegocios.com.do\/v1\/wp-json\/wp\/v2\/types\/post"}],"author":[{"embeddable":true,"href":"https:\/\/elmundodelosnegocios.com.do\/v1\/wp-json\/wp\/v2\/users\/2"}],"replies":[{"embeddable":true,"href":"https:\/\/elmundodelosnegocios.com.do\/v1\/wp-json\/wp\/v2\/comments?post=30928"}],"version-history":[{"count":0,"href":"https:\/\/elmundodelosnegocios.com.do\/v1\/wp-json\/wp\/v2\/posts\/30928\/revisions"}],"wp:featuredmedia":[{"embeddable":true,"href":"https:\/\/elmundodelosnegocios.com.do\/v1\/wp-json\/wp\/v2\/media\/30929"}],"wp:attachment":[{"href":"https:\/\/elmundodelosnegocios.com.do\/v1\/wp-json\/wp\/v2\/media?parent=30928"}],"wp:term":[{"taxonomy":"category","embeddable":true,"href":"https:\/\/elmundodelosnegocios.com.do\/v1\/wp-json\/wp\/v2\/categories?post=30928"},{"taxonomy":"post_tag","embeddable":true,"href":"https:\/\/elmundodelosnegocios.com.do\/v1\/wp-json\/wp\/v2\/tags?post=30928"}],"curies":[{"name":"wp","href":"https:\/\/api.w.org\/{rel}","templated":true}]}}