{"id":30979,"date":"2023-07-20T09:08:39","date_gmt":"2023-07-20T13:38:39","guid":{"rendered":"https:\/\/elmundodelosnegocios.com.do\/v1\/?p=30979"},"modified":"2023-07-20T09:08:41","modified_gmt":"2023-07-20T13:38:41","slug":"otorga-ctn-reconocimiento-a-ciudad-destino-cap-cana","status":"publish","type":"post","link":"https:\/\/elmundodelosnegocios.com.do\/v1\/otorga-ctn-reconocimiento-a-ciudad-destino-cap-cana\/","title":{"rendered":"Otorga CTN reconocimiento a Ciudad Destino Cap Cana"},"content":{"rendered":"\n<p><strong>Santo Domingo<\/strong>, R.D. Julio 2023.-&nbsp;Dentro del marco del acto de inauguraci\u00f3n de la XXII versi\u00f3n de Vacaciones CTN: Expo Feria 2023, el Sr. Miguel A. Calzada Le\u00f3n, Presidente de CTN y Puro Turismo junto a la excelent\u00edsima Vicepresidenta de la Rep\u00fablica Dominicana Sra. Raquel Pe\u00f1a, entreg\u00f3 al Sr. Fernando Hazoury, Presidente Ejecutivo del Consejo de Administraci\u00f3n de Cap Cana un reconocimiento a Ciudad Destino Cap Cana y a la Familia Hazoury.<\/p>\n\n\n<div class=\"wp-block-image\">\n<figure class=\"aligncenter size-full\"><img loading=\"lazy\" decoding=\"async\" width=\"1000\" height=\"667\" src=\"http:\/\/elmundodelosnegocios.com.do\/v1\/wp-content\/uploads\/2023\/07\/Miguel-Calzada-Fernando-Hazoury-junto-a-la-Vicepresindenta-Raquel-Pena.jpg\" alt=\"Miguel Calzada, Fernando Hazoury junto a la Vicepresidenta Raquel Pe\u00f1a\" class=\"wp-image-30980\" srcset=\"https:\/\/elmundodelosnegocios.com.do\/v1\/wp-content\/uploads\/2023\/07\/Miguel-Calzada-Fernando-Hazoury-junto-a-la-Vicepresindenta-Raquel-Pena.jpg 1000w, https:\/\/elmundodelosnegocios.com.do\/v1\/wp-content\/uploads\/2023\/07\/Miguel-Calzada-Fernando-Hazoury-junto-a-la-Vicepresindenta-Raquel-Pena-300x200.jpg 300w, https:\/\/elmundodelosnegocios.com.do\/v1\/wp-content\/uploads\/2023\/07\/Miguel-Calzada-Fernando-Hazoury-junto-a-la-Vicepresindenta-Raquel-Pena-768x512.jpg 768w\" sizes=\"auto, (max-width: 1000px) 100vw, 1000px\" \/><figcaption class=\"wp-element-caption\">Miguel Calzada, Fernando Hazoury junto a la Vicepresidenta Raquel Pe\u00f1a<\/figcaption><\/figure>\n<\/div>\n\n\n<p>El Sr. Calzada destac\u00f3 que \u201ces de mucho orgullo y satisfacci\u00f3n para nosotros el poder entregar este reconocimiento principal a&nbsp;<strong>\u201cCiudad Destino Cap Cana y Familia Hazoury\u201d<\/strong>&nbsp;por sus 21 a\u00f1os de grandes inversiones para el desarrollo del sector tur\u00edstico y hotelero, el gran aporte hecho a la econom\u00eda nacional y el posicionamiento internacional que han dado al pa\u00eds.\u201d<\/p>\n\n\n\n<p>Debemos resaltar que, Cap Cana situada en la punta Este de nuestro pa\u00eds, con un clima privilegiado y con una belleza natural impresionante, es una ciudad destino de lujo donde se encuentra la marina in-land m\u00e1s grande del Caribe, el galardonado campo de golf Punta Espada, el centro ecuestre m\u00e1s completo de la regi\u00f3n, as\u00ed como el m\u00e1s importante parque tem\u00e1tico ecol\u00f3gico y de aventuras entre muchas otras comodidades de ocio.<\/p>\n\n\n\n<p>Su plan maestro est\u00e1 concebido en un \u00e1rea superior a los 100 millones de metros cuadrados y una proyecci\u00f3n, a varias d\u00e9cadas, de llegar a m\u00e1s de 100,000 habitaciones hoteleras y residenciales.<\/p>\n\n\n\n<p>Importantes cadenas hoteleras internacionales se han establecido en Cap Cana convirti\u00e9ndola en el referente de la hospitalidad de alta calidad de la Rep\u00fablica Dominicana: TRS del Grupo Palladium, Secrets, Hyatt Ziva, Hyatt Zilara, Eden Roc el \u00fanico hotel Relaix Chateau del pa\u00eds, Margaritaville operado por Karisma, Marriott Internacional con The Luxury Collection en Sanctuary Cap Cana y actualmente en construcci\u00f3n el hotel St Regis.<\/p>\n\n\n\n<p>Cabe destacar que, Cap Cana se ha beneficiado de la experiencia de dise\u00f1adores destacados, compa\u00f1\u00edas de construcciones especializadas y operadores como International Marinas, Nicklaus Design, AM Resorts, entre otras y ha alcanzado a asociarse con marcas como Sotogrande, Trump Organization para el desarrollo de productos tur\u00edsticos e inmobiliarios.<\/p>\n","protected":false},"excerpt":{"rendered":"<p>Santo Domingo, R.D. Julio 2023.-&nbsp;Dentro del marco del acto de inauguraci\u00f3n de la XXII versi\u00f3n de Vacaciones CTN: Expo Feria 2023, el Sr. Miguel A. Calzada Le\u00f3n, Presidente de CTN&hellip; <\/p>\n","protected":false},"author":2,"featured_media":30980,"comment_status":"closed","ping_status":"closed","sticky":false,"template":"","format":"standard","meta":{"fifu_image_url":"","fifu_image_alt":"","footnotes":""},"categories":[172],"tags":[],"class_list":["post-30979","post","type-post","status-publish","format-standard","has-post-thumbnail","hentry","category-turismo"],"_links":{"self":[{"href":"https:\/\/elmundodelosnegocios.com.do\/v1\/wp-json\/wp\/v2\/posts\/30979","targetHints":{"allow":["GET"]}}],"collection":[{"href":"https:\/\/elmundodelosnegocios.com.do\/v1\/wp-json\/wp\/v2\/posts"}],"about":[{"href":"https:\/\/elmundodelosnegocios.com.do\/v1\/wp-json\/wp\/v2\/types\/post"}],"author":[{"embeddable":true,"href":"https:\/\/elmundodelosnegocios.com.do\/v1\/wp-json\/wp\/v2\/users\/2"}],"replies":[{"embeddable":true,"href":"https:\/\/elmundodelosnegocios.com.do\/v1\/wp-json\/wp\/v2\/comments?post=30979"}],"version-history":[{"count":0,"href":"https:\/\/elmundodelosnegocios.com.do\/v1\/wp-json\/wp\/v2\/posts\/30979\/revisions"}],"wp:featuredmedia":[{"embeddable":true,"href":"https:\/\/elmundodelosnegocios.com.do\/v1\/wp-json\/wp\/v2\/media\/30980"}],"wp:attachment":[{"href":"https:\/\/elmundodelosnegocios.com.do\/v1\/wp-json\/wp\/v2\/media?parent=30979"}],"wp:term":[{"taxonomy":"category","embeddable":true,"href":"https:\/\/elmundodelosnegocios.com.do\/v1\/wp-json\/wp\/v2\/categories?post=30979"},{"taxonomy":"post_tag","embeddable":true,"href":"https:\/\/elmundodelosnegocios.com.do\/v1\/wp-json\/wp\/v2\/tags?post=30979"}],"curies":[{"name":"wp","href":"https:\/\/api.w.org\/{rel}","templated":true}]}}