{"id":31087,"date":"2023-07-19T15:12:16","date_gmt":"2023-07-19T19:42:16","guid":{"rendered":"https:\/\/elmundodelosnegocios.com.do\/v1\/?p=31087"},"modified":"2023-07-23T15:14:44","modified_gmt":"2023-07-23T19:44:44","slug":"porcella-saluda-inicio-de-5-nuevas-rutas-de-sky-high-dominicana-hacia-estados-unidos-venezuela-y-el-caribe","status":"publish","type":"post","link":"https:\/\/elmundodelosnegocios.com.do\/v1\/porcella-saluda-inicio-de-5-nuevas-rutas-de-sky-high-dominicana-hacia-estados-unidos-venezuela-y-el-caribe\/","title":{"rendered":"Porcella saluda inicio de 5 nuevas rutas de Sky High Dominicana hacia Estados Unidos, Venezuela y el Caribe"},"content":{"rendered":"\n<p>Santo Domingo. \u2013 El director general del Instituto Dominicano de Aviaci\u00f3n Civil, Idac, H\u00e9ctor Porcella, felicit\u00f3 a la l\u00ednea a\u00e9rea Sky High Dominicana por extender sus operaciones a cinco nuevos destinos de Estados Unidos, Venezuela el Caribe en una medida que adem\u00e1s de favorecer el turismo y el intercambio comercial, tambi\u00e9n beneficiar\u00e1 a los criollos residentes en las zonas conectadas.<\/p>\n\n\n<div class=\"wp-block-image\">\n<figure class=\"aligncenter size-large\"><img loading=\"lazy\" decoding=\"async\" width=\"1024\" height=\"576\" src=\"https:\/\/elmundodelosnegocios.com.do\/v1\/wp-content\/uploads\/2023\/07\/Lanzamiento-de-las-nuevas-operaciones-de-vuelo-Sky-High-Dominicana-1-1024x576.jpeg\" alt=\"\" class=\"wp-image-31088\" srcset=\"https:\/\/elmundodelosnegocios.com.do\/v1\/wp-content\/uploads\/2023\/07\/Lanzamiento-de-las-nuevas-operaciones-de-vuelo-Sky-High-Dominicana-1-1024x576.jpeg 1024w, https:\/\/elmundodelosnegocios.com.do\/v1\/wp-content\/uploads\/2023\/07\/Lanzamiento-de-las-nuevas-operaciones-de-vuelo-Sky-High-Dominicana-1-300x169.jpeg 300w, https:\/\/elmundodelosnegocios.com.do\/v1\/wp-content\/uploads\/2023\/07\/Lanzamiento-de-las-nuevas-operaciones-de-vuelo-Sky-High-Dominicana-1-768x432.jpeg 768w, https:\/\/elmundodelosnegocios.com.do\/v1\/wp-content\/uploads\/2023\/07\/Lanzamiento-de-las-nuevas-operaciones-de-vuelo-Sky-High-Dominicana-1.jpeg 1300w\" sizes=\"auto, (max-width: 1024px) 100vw, 1024px\" \/><\/figure>\n<\/div>\n\n\n<p>Consider\u00f3 que las nuevas conexiones de Sky High desde los aeropuertos de Santo Domingo, Santiago y Punta Cana con las ciudades de Miami, Providence, Valencia, St. Croix y Saint Thomas, representan una muestra del sostenido crecimiento que ha venido registrando la aviaci\u00f3n comercial del pa\u00eds con el apoyo del presidente Luis Abinader.<\/p>\n\n\n\n<p>Al participar en el acto de lanzamiento de las nuevas operaciones de vuelo, Porcella resalt\u00f3 de manera especial el marcado inter\u00e9s mostrado por la l\u00ednea de matr\u00edcula dominicana en el riguroso cumplimiento de las regulaciones aeron\u00e1uticas y los est\u00e1ndares de seguridad operacional exigidos por el Idac, de acuerdo con las normas de la Oaci y de la Faa de Estados Unidos.<\/p>\n\n\n\n<p>Durante la presentaci\u00f3n, la directora comercial de la aerol\u00ednea, Cesarina Beauchamp, reafirm\u00f3 el compromiso de conectar Rep\u00fablica Dominicana con Norte, Sur, y el resto del Caribe, mostrando su agradecimiento por la eficiente colaboraci\u00f3n de las autoridades aeron\u00e1uticas del pa\u00eds y del propio presidente Luis Abinader, quien ha demostrado una firme voluntad de apoyar el desarrollo de la aviaci\u00f3n civil, principal plataforma log\u00edstica de la industria tur\u00edstica nacional.<\/p>\n\n\n\n<p>Al referirse a su nueva expansi\u00f3n, la ejecutiva explic\u00f3 que desde Santiago de los Caballeros se conectara con la ciudad de Miami con un vuelo directo que viajara tres veces a la semana: lunes, jueves y domingos, y desde la ciudad de Providence, Rhode Island, se volara los jueves y domingos. Con estas rutas unir\u00e1n la zona norte del pa\u00eds, fomentando as\u00ed la conexi\u00f3n a\u00e9rea e impulsando el desarrollo econ\u00f3mico y el tur\u00edstico de la regi\u00f3n.<\/p>\n\n\n\n<p>Desde el Aeropuerto Internacional de Punta Cana dispondr\u00e1n operan tres frecuencias a la semana hacia el Aeropuerto internacional de Miami: lunes, jueves y domingo.<\/p>\n\n\n\n<p>Adicionalmente, la l\u00ednea ha incluido a su portafolio de rutas, con vuelos semanales los mi\u00e9rcoles y s\u00e1bados, a la ciudad venezolana de Valencia, una zona industrial y comercial de gran importancia y con potencial para el turismo.<\/p>\n\n\n\n<p>Tambi\u00e9n han incorporado a St. Croix, Islas V\u00edrgenes de Estados Unidos, donde ya ven\u00eda operando otra conexi\u00f3n con la vecina Saint Thomas.<\/p>\n","protected":false},"excerpt":{"rendered":"<p>Santo Domingo. \u2013 El director general del Instituto Dominicano de Aviaci\u00f3n Civil, Idac, H\u00e9ctor Porcella, felicit\u00f3 a la l\u00ednea a\u00e9rea Sky High Dominicana por extender sus operaciones a cinco nuevos&hellip; <\/p>\n","protected":false},"author":2,"featured_media":31088,"comment_status":"closed","ping_status":"closed","sticky":false,"template":"","format":"standard","meta":{"fifu_image_url":"","fifu_image_alt":"","footnotes":""},"categories":[169],"tags":[],"class_list":["post-31087","post","type-post","status-publish","format-standard","has-post-thumbnail","hentry","category-transporte-internacional"],"_links":{"self":[{"href":"https:\/\/elmundodelosnegocios.com.do\/v1\/wp-json\/wp\/v2\/posts\/31087","targetHints":{"allow":["GET"]}}],"collection":[{"href":"https:\/\/elmundodelosnegocios.com.do\/v1\/wp-json\/wp\/v2\/posts"}],"about":[{"href":"https:\/\/elmundodelosnegocios.com.do\/v1\/wp-json\/wp\/v2\/types\/post"}],"author":[{"embeddable":true,"href":"https:\/\/elmundodelosnegocios.com.do\/v1\/wp-json\/wp\/v2\/users\/2"}],"replies":[{"embeddable":true,"href":"https:\/\/elmundodelosnegocios.com.do\/v1\/wp-json\/wp\/v2\/comments?post=31087"}],"version-history":[{"count":0,"href":"https:\/\/elmundodelosnegocios.com.do\/v1\/wp-json\/wp\/v2\/posts\/31087\/revisions"}],"wp:featuredmedia":[{"embeddable":true,"href":"https:\/\/elmundodelosnegocios.com.do\/v1\/wp-json\/wp\/v2\/media\/31088"}],"wp:attachment":[{"href":"https:\/\/elmundodelosnegocios.com.do\/v1\/wp-json\/wp\/v2\/media?parent=31087"}],"wp:term":[{"taxonomy":"category","embeddable":true,"href":"https:\/\/elmundodelosnegocios.com.do\/v1\/wp-json\/wp\/v2\/categories?post=31087"},{"taxonomy":"post_tag","embeddable":true,"href":"https:\/\/elmundodelosnegocios.com.do\/v1\/wp-json\/wp\/v2\/tags?post=31087"}],"curies":[{"name":"wp","href":"https:\/\/api.w.org\/{rel}","templated":true}]}}