{"id":31289,"date":"2023-07-31T10:44:22","date_gmt":"2023-07-31T15:14:22","guid":{"rendered":"https:\/\/elmundodelosnegocios.com.do\/v1\/?p=31289"},"modified":"2023-07-31T10:44:24","modified_gmt":"2023-07-31T15:14:24","slug":"promueve-idac-a-rd-en-feria-wisconsin-como-proximo-gran-destino-aviacion-america-latina","status":"publish","type":"post","link":"https:\/\/elmundodelosnegocios.com.do\/v1\/promueve-idac-a-rd-en-feria-wisconsin-como-proximo-gran-destino-aviacion-america-latina\/","title":{"rendered":"Promueve IDAC a RD en feria Wisconsin como pr\u00f3ximo gran destino aviaci\u00f3n Am\u00e9rica Latina"},"content":{"rendered":"\n<p><strong>ESTADOS UNIDOS. Julio 2023.-<\/strong>El Instituto Dominicano de Aviaci\u00f3n Civil (IDAC) ha proyectado a la Rep\u00fablica Dominicana en el m\u00e1s importante festival a\u00e9reo de Estados Unidos, como el pr\u00f3ximo gran destino de la aviaci\u00f3n privada internacional en Am\u00e9rica Latina.<\/p>\n\n\n<div class=\"wp-block-image\">\n<figure class=\"aligncenter size-large\"><img loading=\"lazy\" decoding=\"async\" width=\"1024\" height=\"576\" src=\"https:\/\/elmundodelosnegocios.com.do\/v1\/wp-content\/uploads\/2023\/07\/Feria-EAA-AirVenture-Oshkosh-1024x576.jpeg\" alt=\"\" class=\"wp-image-31290\" srcset=\"https:\/\/elmundodelosnegocios.com.do\/v1\/wp-content\/uploads\/2023\/07\/Feria-EAA-AirVenture-Oshkosh-1024x576.jpeg 1024w, https:\/\/elmundodelosnegocios.com.do\/v1\/wp-content\/uploads\/2023\/07\/Feria-EAA-AirVenture-Oshkosh-300x169.jpeg 300w, https:\/\/elmundodelosnegocios.com.do\/v1\/wp-content\/uploads\/2023\/07\/Feria-EAA-AirVenture-Oshkosh-768x432.jpeg 768w, https:\/\/elmundodelosnegocios.com.do\/v1\/wp-content\/uploads\/2023\/07\/Feria-EAA-AirVenture-Oshkosh-1536x864.jpeg 1536w, https:\/\/elmundodelosnegocios.com.do\/v1\/wp-content\/uploads\/2023\/07\/Feria-EAA-AirVenture-Oshkosh.jpeg 1600w\" sizes=\"auto, (max-width: 1024px) 100vw, 1024px\" \/><\/figure>\n<\/div>\n\n\n<p>La delegaci\u00f3n del IDAC en la Feria EAA AirVenture, celebrada del 24 al 31 de julio en Oshkosh, Wisconsin, ha resaltado durante su participaci\u00f3n en el evento que el Congreso de la Rep\u00fablica Dominicana acaba de aprobar la nueva ley de Fomento y Competitividad de la Aviaci\u00f3n Civil en inter\u00e9s de atraer nuevas inversiones nacionales y extranjeras en ese segmento de la econom\u00eda.<\/p>\n\n\n\n<p>Igualmente han destacado el nuevo protocolo que regir\u00e1 la operaci\u00f3n de los vuelos dom\u00e9sticos, aprobado mediante decreto por el presidente Luis Abinader, para facilitar la operaci\u00f3n de vuelos dom\u00e9sticos, como parte de una estrategia para convertir a la Rep\u00fablica Dominicana en la principal potencia del turismo de aviaci\u00f3n en el Caribe.<\/p>\n\n\n\n<p>La nueva normativa crea las condiciones para que el pa\u00eds pueda competir ventajosamente por el gran mercado del turismo de aviaci\u00f3n, que mueve anualmente entre 45 mil y 50 mil aviones en todo el Caribe\u201d, explic\u00f3 Michael Rodr\u00edguez, asistente y representante del director general del IDAC, H\u00e9ctor Porcella, en el que se considera el \u201cFly Adventure\u201d m\u00e1s grande de aviaci\u00f3n general de Estados Unidos.&nbsp;<\/p>\n\n\n\n<p>Durante un encuentro con pilotos interesados en el principal destino tur\u00edstico del Caribe, Rodr\u00edguez explic\u00f3 que, a trav\u00e9s del protocolo de los vuelos internos, la Rep\u00fablica Dominicana procura atraer anualmente a miles de pilotos de diferentes partes del mundo, especialmente de Estados Unidos y Canad\u00e1.<\/p>\n\n\n<div class=\"wp-block-image\">\n<figure class=\"aligncenter size-large\"><img loading=\"lazy\" decoding=\"async\" width=\"1024\" height=\"1024\" src=\"https:\/\/elmundodelosnegocios.com.do\/v1\/wp-content\/uploads\/2023\/07\/Representacion-del-IDAC-1024x1024.jpg\" alt=\"\" class=\"wp-image-31291\" srcset=\"https:\/\/elmundodelosnegocios.com.do\/v1\/wp-content\/uploads\/2023\/07\/Representacion-del-IDAC-1024x1024.jpg 1024w, https:\/\/elmundodelosnegocios.com.do\/v1\/wp-content\/uploads\/2023\/07\/Representacion-del-IDAC-300x300.jpg 300w, https:\/\/elmundodelosnegocios.com.do\/v1\/wp-content\/uploads\/2023\/07\/Representacion-del-IDAC-150x150.jpg 150w, https:\/\/elmundodelosnegocios.com.do\/v1\/wp-content\/uploads\/2023\/07\/Representacion-del-IDAC-768x768.jpg 768w, https:\/\/elmundodelosnegocios.com.do\/v1\/wp-content\/uploads\/2023\/07\/Representacion-del-IDAC.jpg 1070w\" sizes=\"auto, (max-width: 1024px) 100vw, 1024px\" \/><\/figure>\n<\/div>\n\n\n<p>La delegaci\u00f3n del IDAC en la feria EAA AirVenture tambi\u00e9n est\u00e1 integrada por Paula Valverde, Yira Yanguela y Ra\u00fal P\u00e9rez.<\/p>\n","protected":false},"excerpt":{"rendered":"<p>ESTADOS UNIDOS. Julio 2023.-El Instituto Dominicano de Aviaci\u00f3n Civil (IDAC) ha proyectado a la Rep\u00fablica Dominicana en el m\u00e1s importante festival a\u00e9reo de Estados Unidos, como el pr\u00f3ximo gran destino&hellip; <\/p>\n","protected":false},"author":2,"featured_media":31290,"comment_status":"closed","ping_status":"closed","sticky":false,"template":"","format":"standard","meta":{"fifu_image_url":"","fifu_image_alt":"","footnotes":""},"categories":[169],"tags":[],"class_list":["post-31289","post","type-post","status-publish","format-standard","has-post-thumbnail","hentry","category-transporte-internacional"],"_links":{"self":[{"href":"https:\/\/elmundodelosnegocios.com.do\/v1\/wp-json\/wp\/v2\/posts\/31289","targetHints":{"allow":["GET"]}}],"collection":[{"href":"https:\/\/elmundodelosnegocios.com.do\/v1\/wp-json\/wp\/v2\/posts"}],"about":[{"href":"https:\/\/elmundodelosnegocios.com.do\/v1\/wp-json\/wp\/v2\/types\/post"}],"author":[{"embeddable":true,"href":"https:\/\/elmundodelosnegocios.com.do\/v1\/wp-json\/wp\/v2\/users\/2"}],"replies":[{"embeddable":true,"href":"https:\/\/elmundodelosnegocios.com.do\/v1\/wp-json\/wp\/v2\/comments?post=31289"}],"version-history":[{"count":0,"href":"https:\/\/elmundodelosnegocios.com.do\/v1\/wp-json\/wp\/v2\/posts\/31289\/revisions"}],"wp:featuredmedia":[{"embeddable":true,"href":"https:\/\/elmundodelosnegocios.com.do\/v1\/wp-json\/wp\/v2\/media\/31290"}],"wp:attachment":[{"href":"https:\/\/elmundodelosnegocios.com.do\/v1\/wp-json\/wp\/v2\/media?parent=31289"}],"wp:term":[{"taxonomy":"category","embeddable":true,"href":"https:\/\/elmundodelosnegocios.com.do\/v1\/wp-json\/wp\/v2\/categories?post=31289"},{"taxonomy":"post_tag","embeddable":true,"href":"https:\/\/elmundodelosnegocios.com.do\/v1\/wp-json\/wp\/v2\/tags?post=31289"}],"curies":[{"name":"wp","href":"https:\/\/api.w.org\/{rel}","templated":true}]}}