{"id":31293,"date":"2023-07-31T10:47:55","date_gmt":"2023-07-31T15:17:55","guid":{"rendered":"https:\/\/elmundodelosnegocios.com.do\/v1\/?p=31293"},"modified":"2023-07-31T12:29:11","modified_gmt":"2023-07-31T16:59:11","slug":"dga-y-ccpsd-suscriben-acuerdo-de-cooperacion-interinstitucional-para-el-fomento-de-la-comunidad-comercial","status":"publish","type":"post","link":"https:\/\/elmundodelosnegocios.com.do\/v1\/dga-y-ccpsd-suscriben-acuerdo-de-cooperacion-interinstitucional-para-el-fomento-de-la-comunidad-comercial\/","title":{"rendered":"Suscriben acuerdo cooperaci\u00f3n interinstitucional fomentar comunidad comercial"},"content":{"rendered":"\n<p>Santo Domingo. &#8211; La Direcci\u00f3n General de Aduanas&nbsp;<strong>(DGA)<\/strong>, y la C\u00e1mara de Comercio y Producci\u00f3n de Santo Domingo&nbsp;<strong>(CCPSD)<\/strong>, suscribieron un&nbsp;<strong>acuerdo de colaboraci\u00f3n<\/strong>&nbsp;para desarrollar procedimientos orientados a promover, en la medida de lo posible, el&nbsp;<strong>intercambio mutuo de informaci\u00f3n,<\/strong>&nbsp;el cual ser\u00e1 gestionado mediante el uso de una&nbsp;<strong>interfaz de programaci\u00f3n de aplicaciones (API).<\/strong><\/p>\n\n\n\n<figure class=\"wp-block-image size-large\"><img loading=\"lazy\" decoding=\"async\" width=\"1024\" height=\"576\" src=\"http:\/\/elmundodelosnegocios.com.do\/v1\/wp-content\/uploads\/2023\/07\/Foto-1-Eduardo-Sanz-Lovaton-y-Lucile-Houellemont.-1-1-1024x576.jpg\" alt=\"Eduardo Sanz Lovat\u00f3n y Lucile Houellemont.\" class=\"wp-image-31294\" srcset=\"https:\/\/elmundodelosnegocios.com.do\/v1\/wp-content\/uploads\/2023\/07\/Foto-1-Eduardo-Sanz-Lovaton-y-Lucile-Houellemont.-1-1-1024x576.jpg 1024w, https:\/\/elmundodelosnegocios.com.do\/v1\/wp-content\/uploads\/2023\/07\/Foto-1-Eduardo-Sanz-Lovaton-y-Lucile-Houellemont.-1-1-300x169.jpg 300w, https:\/\/elmundodelosnegocios.com.do\/v1\/wp-content\/uploads\/2023\/07\/Foto-1-Eduardo-Sanz-Lovaton-y-Lucile-Houellemont.-1-1-768x432.jpg 768w, https:\/\/elmundodelosnegocios.com.do\/v1\/wp-content\/uploads\/2023\/07\/Foto-1-Eduardo-Sanz-Lovaton-y-Lucile-Houellemont.-1-1.jpg 1300w\" sizes=\"auto, (max-width: 1024px) 100vw, 1024px\" \/><figcaption class=\"wp-element-caption\">Eduardo Sanz Lovat\u00f3n y Lucile Houellemont.<\/figcaption><\/figure>\n\n\n\n<p><strong>La C\u00e1mara de Comercio y Producci\u00f3n de Santo Domingo<\/strong>&nbsp;se compromete a colaborar y apoyar a la DGA en iniciativas tendentes al&nbsp;<strong>incentivo del comercio exterior<\/strong>, as\u00ed como en la&nbsp;<strong>instrucci\u00f3n a empresarios<\/strong>&nbsp;sobre el&nbsp;<strong>Despacho 24 horas, Exporta M\u00e1s<\/strong>, entre otros programas y actividades de fomento para la comunidad comercial que sean desarrollados de tiempo en tiempo por la Direcci\u00f3n General de Aduanas.<\/p>\n\n\n\n<p>Mientras que&nbsp;<strong>la DGA proporcionar\u00e1 a la CCPSD<\/strong>, los n\u00fameros de certificado de&nbsp;<strong>Operador Econ\u00f3mico Autorizado (OEA)<\/strong>, de las empresas inscritas como tal, a los fines de que puedan ser a\u00f1adidos al Registro Mercantil.<\/p>\n\n\n\n<p><strong>El titular de la DGA, Eduardo Sanz Lovat\u00f3n,<\/strong>&nbsp;destac\u00f3 el importante rol que juega la C\u00e1mara de Comercio y Producci\u00f3n de Santo Domingo para el&nbsp;<strong>buen desenvolvimiento de las actividades comerciales<\/strong>, no solo de esta ciudad, sino del pa\u00eds.&nbsp;<\/p>\n\n\n\n<p><em>\u201cMe llena de mucha satisfacci\u00f3n la firma de este acuerdo, ya que en su momento yo tambi\u00e9n fui usuario de los servicios que produce esta c\u00e1mara. Aqu\u00ed en la DGA creemos en compartir informaci\u00f3n con ustedes y estoy confiado en que, con este paso, lograremos mejor eficiencia en el desarrollo de las actividades comerciales de nuestra naci\u00f3n\u201d,<\/em>&nbsp;asegur\u00f3.&nbsp;<\/p>\n\n\n\n<p>Sanz Lovat\u00f3n indic\u00f3, adem\u00e1s, que es de vital importancia para ambas entidades&nbsp;<strong>trabajar en conjunto&nbsp;<\/strong>para que los empresarios dominicanos puedan seguir creciendo. Al respecto destac\u00f3 que<strong>&nbsp;ese es el mensaje del presidente Luis Abinader<\/strong>,&nbsp;<strong>que el sector privado se desarrolle<\/strong>&nbsp;y que, a su vez, cree empleos que generen emprendimiento, ya que esto les agrega valor a nuestros procesos econ\u00f3micos y es ah\u00ed que est\u00e1 el futuro del comercio dominicano.<\/p>\n\n\n\n<p>En tanto que la se\u00f1ora&nbsp;<strong>Lucile Houellemont<\/strong>, presidenta de la C\u00e1mara de Comercio y Producci\u00f3n de Santo Domingo, manifest\u00f3 que este acuerdo ser\u00e1 importante para que&nbsp;<strong>la DGA contin\u00fae su rol de facilitadora del comercio<\/strong>, logrando as\u00ed que cada d\u00eda m\u00e1s empresas dominicanas exporten.<\/p>\n\n\n\n<p><em>\u201cEstamos enfocados en la misi\u00f3n de nuestro presidente Luis Abinader: lograr Burocracia Cero en las instituciones del Estado y, a trav\u00e9s de esta, lograremos la eficiencia en cada uno de nuestros procesos\u201d.<\/em><\/p>\n\n\n\n<p><strong>M\u00e1s del acuerdo<\/strong><\/p>\n\n\n\n<p>Aduanas, igualmente, suministrar\u00e1&nbsp;<strong>informaci\u00f3n general y estad\u00edsticas<\/strong>&nbsp;sobre las partidas arancelarias de mercanc\u00edas importadas y exportadas, conforme a las regulaciones establecidas por la Ley y normas aplicables.<\/p>\n\n\n\n<p>Mientras que la C\u00e1mara de Comercio y Producci\u00f3n de Santo Domingo cooperar\u00e1 con la DGA en&nbsp;<strong>la difusi\u00f3n y educaci\u00f3n sobre la Ley de Aduanas y sus reglamentos<\/strong>.<\/p>\n\n\n\n<p>As\u00ed mismo, convinieron en brindar&nbsp;<strong>acceso gratuito a informaciones en el sistema de registro mercantil de las empresas matriculadas<\/strong>, de acuerdo con su capacidad y disponibilidad, apegados a los lineamientos y limitantes en la&nbsp;<strong>Ley n\u00fam. 172-13<\/strong>; todo esto en aras de fomentar la colaboraci\u00f3n interinstitucional en materia de cultura digital y comercio electr\u00f3nico, salvaguardando los&nbsp;<strong>derechos a la propiedad industrial relacionados con dichas actividades<\/strong>&nbsp;y aunando esfuerzos para lograr el mejor inter\u00e9s del Estado dominicano.<\/p>\n\n\n\n<p>Otro aspecto tratado es que podr\u00e1 contribuir a estructurar&nbsp;<strong>programas educativos y formativos<\/strong>&nbsp;en colaboraci\u00f3n con la Direcci\u00f3n General de Aduanas.<\/p>\n","protected":false},"excerpt":{"rendered":"<p>Santo Domingo. &#8211; La Direcci\u00f3n General de Aduanas&nbsp;(DGA), y la C\u00e1mara de Comercio y Producci\u00f3n de Santo Domingo&nbsp;(CCPSD), suscribieron un&nbsp;acuerdo de colaboraci\u00f3n&nbsp;para desarrollar procedimientos orientados a promover, en la medida&hellip; <\/p>\n","protected":false},"author":2,"featured_media":31294,"comment_status":"closed","ping_status":"closed","sticky":false,"template":"","format":"standard","meta":{"fifu_image_url":"","fifu_image_alt":"","footnotes":""},"categories":[74],"tags":[],"class_list":["post-31293","post","type-post","status-publish","format-standard","has-post-thumbnail","hentry","category-comercio-internacional"],"_links":{"self":[{"href":"https:\/\/elmundodelosnegocios.com.do\/v1\/wp-json\/wp\/v2\/posts\/31293","targetHints":{"allow":["GET"]}}],"collection":[{"href":"https:\/\/elmundodelosnegocios.com.do\/v1\/wp-json\/wp\/v2\/posts"}],"about":[{"href":"https:\/\/elmundodelosnegocios.com.do\/v1\/wp-json\/wp\/v2\/types\/post"}],"author":[{"embeddable":true,"href":"https:\/\/elmundodelosnegocios.com.do\/v1\/wp-json\/wp\/v2\/users\/2"}],"replies":[{"embeddable":true,"href":"https:\/\/elmundodelosnegocios.com.do\/v1\/wp-json\/wp\/v2\/comments?post=31293"}],"version-history":[{"count":0,"href":"https:\/\/elmundodelosnegocios.com.do\/v1\/wp-json\/wp\/v2\/posts\/31293\/revisions"}],"wp:featuredmedia":[{"embeddable":true,"href":"https:\/\/elmundodelosnegocios.com.do\/v1\/wp-json\/wp\/v2\/media\/31294"}],"wp:attachment":[{"href":"https:\/\/elmundodelosnegocios.com.do\/v1\/wp-json\/wp\/v2\/media?parent=31293"}],"wp:term":[{"taxonomy":"category","embeddable":true,"href":"https:\/\/elmundodelosnegocios.com.do\/v1\/wp-json\/wp\/v2\/categories?post=31293"},{"taxonomy":"post_tag","embeddable":true,"href":"https:\/\/elmundodelosnegocios.com.do\/v1\/wp-json\/wp\/v2\/tags?post=31293"}],"curies":[{"name":"wp","href":"https:\/\/api.w.org\/{rel}","templated":true}]}}