{"id":31346,"date":"2023-08-02T12:47:51","date_gmt":"2023-08-02T17:17:51","guid":{"rendered":"https:\/\/elmundodelosnegocios.com.do\/v1\/?p=31346"},"modified":"2023-08-02T12:47:54","modified_gmt":"2023-08-02T17:17:54","slug":"energia-y-minas-firma-contrato-con-empresa-kepco-para-construir-y-mejorar-subestaciones-electricas","status":"publish","type":"post","link":"https:\/\/elmundodelosnegocios.com.do\/v1\/energia-y-minas-firma-contrato-con-empresa-kepco-para-construir-y-mejorar-subestaciones-electricas\/","title":{"rendered":"Energ\u00eda y Minas firma contrato con empresa KEPCO para construir y mejorar subestaciones el\u00e9ctricas"},"content":{"rendered":"\n<p>Santo Domingo.- Con la finalidad de contribuir a&nbsp;<strong>mejorar el servicio energ\u00e9tico,<\/strong>&nbsp;el Gobierno, a trav\u00e9s del Ministerio de Energ\u00eda y Minas&nbsp;<strong>(MEM)<\/strong>&nbsp;y el Consejo Unificado de las Empresas Distribuidoras de Electricidad&nbsp;<strong>(CUE)<\/strong>, firm\u00f3 un contrato con la empresa el\u00e9ctrica&nbsp;<strong>Korea Electric Power Corporation (KEPCO)<\/strong>, la mayor empresa de dicho pa\u00eds en esa rama, para el&nbsp;<strong>abastecimiento, dise\u00f1o y construcci\u00f3n de varias subestaciones el\u00e9ctricas.<\/strong><\/p>\n\n\n<div class=\"wp-block-image\">\n<figure class=\"aligncenter size-large\"><img loading=\"lazy\" decoding=\"async\" width=\"1024\" height=\"576\" src=\"https:\/\/elmundodelosnegocios.com.do\/v1\/wp-content\/uploads\/2023\/08\/1-1-1024x576.jpg\" alt=\"\" class=\"wp-image-31347\" srcset=\"https:\/\/elmundodelosnegocios.com.do\/v1\/wp-content\/uploads\/2023\/08\/1-1-1024x576.jpg 1024w, https:\/\/elmundodelosnegocios.com.do\/v1\/wp-content\/uploads\/2023\/08\/1-1-300x169.jpg 300w, https:\/\/elmundodelosnegocios.com.do\/v1\/wp-content\/uploads\/2023\/08\/1-1-768x432.jpg 768w, https:\/\/elmundodelosnegocios.com.do\/v1\/wp-content\/uploads\/2023\/08\/1-1.jpg 1300w\" sizes=\"auto, (max-width: 1024px) 100vw, 1024px\" \/><\/figure>\n<\/div>\n\n\n<p>El contrato fue firmado este martes en la sede del MEM por el ministro&nbsp;<strong>Antonio Almonte; Manuel Bonilla<\/strong>, presidente del Consejo Unificado, y el se\u00f1or&nbsp;<strong>Hyunchan Lee<\/strong>, presidente ejecutivo y director de negocios globales de KEPCO.<\/p>\n\n\n\n<p>El acuerdo estipula dise\u00f1o y suministro, as\u00ed&nbsp; como servicios de instalaci\u00f3n y rehabilitaci\u00f3n de un&nbsp;<strong>primer paquete de subestaciones<\/strong>&nbsp;de la Empresa de Electricidad del Sur&nbsp;<strong>(Edesur)<\/strong>.<\/p>\n\n\n\n<p>Almonte destac\u00f3 que este acuerdo implica la construcci\u00f3n e instalaci\u00f3n de&nbsp;<strong>subestaciones modernas y de elevada calidad&nbsp;<\/strong>que van a contribuir a un nivel m\u00e1s eficiente del trabajo renovado que ya realiza la empresa distribuidora Edesur.<\/p>\n\n\n\n<p>As\u00ed mismo, destac\u00f3 que la sociedad dominicana conoce de los&nbsp;<strong>avances<\/strong>&nbsp;que se est\u00e1n experimentando en materia de generaci\u00f3n, la cual se ha ampliado fuertemente con base en&nbsp;<strong>fuentes renovables<\/strong>.<\/p>\n\n\n\n<p><strong>El ingeniero Almonte&nbsp;<\/strong>asever\u00f3 que el Gobierno tiene el compromiso de impulsar necesarias&nbsp;<strong>reformas en el subsector de la distribuci\u00f3n de la electricidad<\/strong>, elevando su&nbsp;<strong>capacidad operativa<\/strong>&nbsp;por medio de instalaciones modernas y eficientes, en este caso, subestaciones.<\/p>\n\n\n\n<p>En ese sentido, el titular del MEM reconoci\u00f3 el hecho de que este proyecto ser\u00e1 ejecutado por&nbsp;<strong>KEPCO<\/strong>, que es la principal empresa de distribuci\u00f3n el\u00e9ctrica de Corea y&nbsp;<strong>a nivel mundial tiene uno de los mejores registros respecto a calidad y eficiencia de distribuci\u00f3n el\u00e9ctrica.<\/strong><\/p>\n\n\n\n<p><em>\u201cEs una empresa conocida en el pa\u00eds y que conoce a Rep\u00fablica Dominicana y que por el hecho de que organismos internacionales la han utilizado para ejecutar proyectos puntuales en Rep\u00fablica Dominicana, esto le da garant\u00eda al pa\u00eds y a Edesur\u201d,<\/em>&nbsp;se\u00f1al\u00f3 Almonte.<\/p>\n\n\n\n<figure class=\"wp-block-image\"><img decoding=\"async\" src=\"https:\/\/presidencia.gob.do\/sites\/default\/files\/inline-images\/Manuel%20Bonilla%20CUED%2C%20Ministro%20Antonio%20Almonte%2C%20Hyuncha%20Lee%20KEPCO%20y%20Milton%20Morrison%20Edesur%20Dominicana.jpg\" alt=\"\"\/><\/figure>\n\n\n\n<p>De su lado,&nbsp;<strong>Hyunchan Lee agradeci\u00f3<\/strong>&nbsp;al ministro Almonte por otorgarles&nbsp;<strong>la oportunidad&nbsp;<\/strong>de hacer todo el esfuerzo para ejecutar satisfactoriamente el proyecto, siendo un&nbsp;<strong>socio estrat\u00e9gico que coopere con la mejora del sector.<\/strong><\/p>\n\n\n\n<p>En ese mismo orden,&nbsp;<strong>Manuel Bonilla<\/strong>, presidente del Consejo Unificado de las Empresas Distribuidoras de Electricidad, celebr\u00f3 la disposici\u00f3n del MEM de hacer este evento p\u00fablico y as\u00ed&nbsp;<strong>demostrar lo que est\u00e1 sucediendo a favor del sector el\u00e9ctrico<\/strong>.<\/p>\n\n\n\n<p>Dijo que la firma de este acuerdo es&nbsp;<strong>uno de m\u00faltiples pasos hacia una mejora sustancial de la distribuci\u00f3n el\u00e9ctrica<\/strong>&nbsp;en el tiempo, y marca un paso m\u00e1s en la creaci\u00f3n de subestaciones modernas para el crecimiento de la capacidad de distribuci\u00f3n de las EDE el\u00e9ctricas del pa\u00eds.<\/p>\n\n\n\n<p><strong>Milton Morrison<\/strong>, gerente general de Edesur, mostr\u00f3 su agradecimiento al resaltar la importancia de este proyecto en manos de la empresa KEPCO y agreg\u00f3 que con este proyecto el&nbsp;<strong>Gobierno del presidente Luis Abinader lo dejar\u00e1 como legado<\/strong>, ya que, es la&nbsp;<strong>inversi\u00f3n m\u00e1s grande<\/strong>&nbsp;que se ha hecho desde la fundaci\u00f3n de las empresas distribuidoras, cuya suma es de&nbsp;<strong>155 millones de d\u00f3lares para la construcci\u00f3n y rehabilitaci\u00f3n de subestaciones.<\/strong><\/p>\n\n\n\n<p>Almonte se hizo acompa\u00f1ar del viceministro de Energ\u00eda,&nbsp;<strong>Rafael G\u00f3mez<\/strong>; el director de Relaciones Internacionales del MEM,&nbsp;<strong>Gustavo Mej\u00eda-Ricart<\/strong>, y la encargada de la direcci\u00f3n de Relaciones Internacionales,&nbsp;<strong>Carolina S\u00e1nchez<\/strong>.<\/p>\n\n\n\n<p>Igualmente,<strong>&nbsp; Jacqueline P\u00e9rez<\/strong>, abogada notaria;&nbsp;<strong>Matilde Balc\u00e1cer<\/strong>, directora jur\u00eddica;&nbsp;<strong>Marlin Brito<\/strong>, representante de la Unidad Ejecutora de Proyectos (UEP) del MEM.<\/p>\n\n\n\n<p>A su vez, el se\u00f1or Hyunchan Lee, estuvo acompa\u00f1ado de una&nbsp;<strong>delegaci\u00f3n de la empresa KEPCO.<\/strong><\/p>\n","protected":false},"excerpt":{"rendered":"<p>Santo Domingo.- Con la finalidad de contribuir a&nbsp;mejorar el servicio energ\u00e9tico,&nbsp;el Gobierno, a trav\u00e9s del Ministerio de Energ\u00eda y Minas&nbsp;(MEM)&nbsp;y el Consejo Unificado de las Empresas Distribuidoras de Electricidad&nbsp;(CUE), firm\u00f3&hellip; <\/p>\n","protected":false},"author":2,"featured_media":31347,"comment_status":"closed","ping_status":"closed","sticky":false,"template":"","format":"standard","meta":{"fifu_image_url":"","fifu_image_alt":"","footnotes":""},"categories":[182],"tags":[],"class_list":["post-31346","post","type-post","status-publish","format-standard","has-post-thumbnail","hentry","category-energia"],"_links":{"self":[{"href":"https:\/\/elmundodelosnegocios.com.do\/v1\/wp-json\/wp\/v2\/posts\/31346","targetHints":{"allow":["GET"]}}],"collection":[{"href":"https:\/\/elmundodelosnegocios.com.do\/v1\/wp-json\/wp\/v2\/posts"}],"about":[{"href":"https:\/\/elmundodelosnegocios.com.do\/v1\/wp-json\/wp\/v2\/types\/post"}],"author":[{"embeddable":true,"href":"https:\/\/elmundodelosnegocios.com.do\/v1\/wp-json\/wp\/v2\/users\/2"}],"replies":[{"embeddable":true,"href":"https:\/\/elmundodelosnegocios.com.do\/v1\/wp-json\/wp\/v2\/comments?post=31346"}],"version-history":[{"count":0,"href":"https:\/\/elmundodelosnegocios.com.do\/v1\/wp-json\/wp\/v2\/posts\/31346\/revisions"}],"wp:featuredmedia":[{"embeddable":true,"href":"https:\/\/elmundodelosnegocios.com.do\/v1\/wp-json\/wp\/v2\/media\/31347"}],"wp:attachment":[{"href":"https:\/\/elmundodelosnegocios.com.do\/v1\/wp-json\/wp\/v2\/media?parent=31346"}],"wp:term":[{"taxonomy":"category","embeddable":true,"href":"https:\/\/elmundodelosnegocios.com.do\/v1\/wp-json\/wp\/v2\/categories?post=31346"},{"taxonomy":"post_tag","embeddable":true,"href":"https:\/\/elmundodelosnegocios.com.do\/v1\/wp-json\/wp\/v2\/tags?post=31346"}],"curies":[{"name":"wp","href":"https:\/\/api.w.org\/{rel}","templated":true}]}}