{"id":31351,"date":"2023-08-02T20:44:34","date_gmt":"2023-08-03T01:14:34","guid":{"rendered":"https:\/\/elmundodelosnegocios.com.do\/v1\/?p=31351"},"modified":"2023-08-02T20:44:36","modified_gmt":"2023-08-03T01:14:36","slug":"experto-norteamericano-afirma-aviacion-civil-de-rd-crece-con-el-mayor-respaldo-de-seguridad-operacional-de-su-historia","status":"publish","type":"post","link":"https:\/\/elmundodelosnegocios.com.do\/v1\/experto-norteamericano-afirma-aviacion-civil-de-rd-crece-con-el-mayor-respaldo-de-seguridad-operacional-de-su-historia\/","title":{"rendered":"Experto norteamericano afirma aviaci\u00f3n civil de RD crece con el mayor respaldo de seguridad operacional de su historia"},"content":{"rendered":"\n<p>Santo Domingo.- El sector aeron\u00e1utico de la Rep\u00fablica Dominicana&nbsp;<strong>est\u00e1 creciendo con el mayor respaldo de seguridad operacional<\/strong>&nbsp;<strong>de su historia<\/strong>, afirm\u00f3 el exfuncionario de la Administraci\u00f3n Federal de Aviaci\u00f3n de Estados Unidos&nbsp;<strong>(FAA)<\/strong>&nbsp;y asesor t\u00e9cnico del Instituto Dominicano de Aviaci\u00f3n Civil&nbsp;<strong>(IDAC)<\/strong>,&nbsp;<strong>Javier -Jay- Rodr\u00edguez.&nbsp;<\/strong><\/p>\n\n\n\n<figure class=\"wp-block-image size-large\"><img loading=\"lazy\" decoding=\"async\" width=\"1024\" height=\"576\" src=\"https:\/\/elmundodelosnegocios.com.do\/v1\/wp-content\/uploads\/2023\/08\/Ex-funcionario-de-la-Administracion-Federal-de-Aviacion-de-Estados-Unidos-FAA-y-asesor-tecnico-del-IDAC-Javier-Jay-Rodriguez.-1024x576.jpeg\" alt=\"\" class=\"wp-image-31352\" srcset=\"https:\/\/elmundodelosnegocios.com.do\/v1\/wp-content\/uploads\/2023\/08\/Ex-funcionario-de-la-Administracion-Federal-de-Aviacion-de-Estados-Unidos-FAA-y-asesor-tecnico-del-IDAC-Javier-Jay-Rodriguez.-1024x576.jpeg 1024w, https:\/\/elmundodelosnegocios.com.do\/v1\/wp-content\/uploads\/2023\/08\/Ex-funcionario-de-la-Administracion-Federal-de-Aviacion-de-Estados-Unidos-FAA-y-asesor-tecnico-del-IDAC-Javier-Jay-Rodriguez.-300x169.jpeg 300w, https:\/\/elmundodelosnegocios.com.do\/v1\/wp-content\/uploads\/2023\/08\/Ex-funcionario-de-la-Administracion-Federal-de-Aviacion-de-Estados-Unidos-FAA-y-asesor-tecnico-del-IDAC-Javier-Jay-Rodriguez.-768x432.jpeg 768w, https:\/\/elmundodelosnegocios.com.do\/v1\/wp-content\/uploads\/2023\/08\/Ex-funcionario-de-la-Administracion-Federal-de-Aviacion-de-Estados-Unidos-FAA-y-asesor-tecnico-del-IDAC-Javier-Jay-Rodriguez..jpeg 1300w\" sizes=\"auto, (max-width: 1024px) 100vw, 1024px\" \/><figcaption class=\"wp-element-caption\">Ex funcionario de la Administracio\u0301n Federal de Aviacio\u0301n de Estados Unidos (FAA) y asesor te\u0301cnico del IDAC, Javier -Jay- Rodri\u0301guez.<\/figcaption><\/figure>\n\n\n\n<p>Al calificar como&nbsp;<strong>inmenso<\/strong>&nbsp;el crecimiento que ha registrado el sector aeron\u00e1utico en el pa\u00eds, Rodr\u00edguez resalt\u00f3 que hace algunos a\u00f1os en la Rep\u00fablica Dominicana apenas se contaba con un centenar de personas trabajando en la aviaci\u00f3n comercial, mientras que&nbsp;<strong>hoy en d\u00eda una l\u00ednea a\u00e9rea como Arajet tiene 400 empleados.<\/strong>&nbsp;<\/p>\n\n\n\n<p>En una declaraci\u00f3n emitida a trav\u00e9s del Departamento de Relaciones P\u00fablicas del IDAC, Rodr\u00edguez se refiri\u00f3 al&nbsp;<strong>informe preliminar sobre el accidente de una aeronave de la l\u00ednea Red Air<\/strong>&nbsp;en un aeropuerto de Miami, ocurrido hace m\u00e1s de un a\u00f1o, y explic\u00f3 que el&nbsp;<strong>reporte dado a conocer no establece responsabilidad<\/strong>&nbsp;sobre las causas del evento, ya que solo cita las informaciones levantadas durante las pesquisas realizadas.&nbsp;<\/p>\n\n\n\n<p><em>\u201cHe visto datos del informe que la Junta Nacional de Seguridad del Transporte de Estados Unidos ha proporcionado al p\u00fablico y lo que he apreciado en ese reporte es que todav\u00eda no se han dado a conocer las causas concluyentes del accidente\u201d,&nbsp;<\/em>apunt\u00f3 el experto en aviaci\u00f3n civil.&nbsp;<\/p>\n\n\n\n<p>Consider\u00f3, por su lectura del reporte, que el accidente pudo haber sido ocasionado por un&nbsp;<strong>desgaste de piezas<\/strong>, apuntando que se trat\u00f3 posiblemente de&nbsp;<strong>un tema de mantenimiento y no de seguridad operacional atribuible a las autoridades del IDAC<\/strong>, como algunos insin\u00faan.&nbsp;<\/p>\n\n\n\n<p>Indic\u00f3 que, desde ese acontecimiento hasta hoy, el<strong>&nbsp;director general del IDAC, H\u00e9ctor Porcella<\/strong>, ha contratado a&nbsp;<strong>6 expertos<\/strong>&nbsp;en aviaci\u00f3n con alta experiencia y se&nbsp;<strong>han mejorado sustancialmente los niveles de seguridad operacional en la instituci\u00f3n.<\/strong>&nbsp;<\/p>\n\n\n\n<p><em>\u201cAdem\u00e1s el IDAC respondi\u00f3 apropiadamente, suspendiendo a la l\u00ednea a\u00e9rea por 30 d\u00edas, una de las penalidades m\u00e1s altas que se le puede aplicar a una compa\u00f1\u00eda, y en este caso la l\u00ednea involucrada ha cooperado ampliamente con el IDAC en cumplimiento de sus obligaciones del programa de mantenimiento\u201d,<\/em>&nbsp;manifest\u00f3 Jay Rodr\u00edguez, quien estuvo acompa\u00f1ado de H\u00e9ctor Porcella y del director de Normas de Vuelo,&nbsp;<strong>Pedro Alberto Pina de los Santos<\/strong>.&nbsp;<\/p>\n\n\n\n<p>Por otra parte, aclar\u00f3 que&nbsp;<strong>las normas aeron\u00e1uticas internacionales no exigen que sus autoridades de aviaci\u00f3n civil hablen un segundo idioma<\/strong>, aunque en el caso de la Rep\u00fablica Dominicana&nbsp;<strong>el IDAC exige un nivel 4 de ingl\u00e9s<\/strong>&nbsp;para todo el personal de las \u00e1reas t\u00e9cnicas, seg\u00fan recomienda la&nbsp;<strong>OACI<\/strong>, independientemente de las normas de aviaci\u00f3n civil.<\/p>\n","protected":false},"excerpt":{"rendered":"<p>Santo Domingo.- El sector aeron\u00e1utico de la Rep\u00fablica Dominicana&nbsp;est\u00e1 creciendo con el mayor respaldo de seguridad operacional&nbsp;de su historia, afirm\u00f3 el exfuncionario de la Administraci\u00f3n Federal de Aviaci\u00f3n de Estados&hellip; <\/p>\n","protected":false},"author":2,"featured_media":31352,"comment_status":"closed","ping_status":"closed","sticky":false,"template":"","format":"standard","meta":{"fifu_image_url":"","fifu_image_alt":"","footnotes":""},"categories":[169],"tags":[],"class_list":["post-31351","post","type-post","status-publish","format-standard","has-post-thumbnail","hentry","category-transporte-internacional"],"_links":{"self":[{"href":"https:\/\/elmundodelosnegocios.com.do\/v1\/wp-json\/wp\/v2\/posts\/31351","targetHints":{"allow":["GET"]}}],"collection":[{"href":"https:\/\/elmundodelosnegocios.com.do\/v1\/wp-json\/wp\/v2\/posts"}],"about":[{"href":"https:\/\/elmundodelosnegocios.com.do\/v1\/wp-json\/wp\/v2\/types\/post"}],"author":[{"embeddable":true,"href":"https:\/\/elmundodelosnegocios.com.do\/v1\/wp-json\/wp\/v2\/users\/2"}],"replies":[{"embeddable":true,"href":"https:\/\/elmundodelosnegocios.com.do\/v1\/wp-json\/wp\/v2\/comments?post=31351"}],"version-history":[{"count":0,"href":"https:\/\/elmundodelosnegocios.com.do\/v1\/wp-json\/wp\/v2\/posts\/31351\/revisions"}],"wp:featuredmedia":[{"embeddable":true,"href":"https:\/\/elmundodelosnegocios.com.do\/v1\/wp-json\/wp\/v2\/media\/31352"}],"wp:attachment":[{"href":"https:\/\/elmundodelosnegocios.com.do\/v1\/wp-json\/wp\/v2\/media?parent=31351"}],"wp:term":[{"taxonomy":"category","embeddable":true,"href":"https:\/\/elmundodelosnegocios.com.do\/v1\/wp-json\/wp\/v2\/categories?post=31351"},{"taxonomy":"post_tag","embeddable":true,"href":"https:\/\/elmundodelosnegocios.com.do\/v1\/wp-json\/wp\/v2\/tags?post=31351"}],"curies":[{"name":"wp","href":"https:\/\/api.w.org\/{rel}","templated":true}]}}