{"id":31379,"date":"2023-08-03T17:09:41","date_gmt":"2023-08-03T21:39:41","guid":{"rendered":"https:\/\/elmundodelosnegocios.com.do\/v1\/?p=31379"},"modified":"2023-08-03T17:09:43","modified_gmt":"2023-08-03T21:39:43","slug":"presidente-abinader-agradece-a-agentes-de-viajes-y-turoperadores-por-lealtad-y-fidelidad-al-traer-turistas-a-rd","status":"publish","type":"post","link":"https:\/\/elmundodelosnegocios.com.do\/v1\/presidente-abinader-agradece-a-agentes-de-viajes-y-turoperadores-por-lealtad-y-fidelidad-al-traer-turistas-a-rd\/","title":{"rendered":"Presidente Abinader agradece a agentes de viajes y turoperadores por lealtad y fidelidad al traer turistas a RD"},"content":{"rendered":"\n<p>Santo Domingo.-&nbsp;<strong>El presidente Luis Abinader<\/strong>&nbsp;expres\u00f3 este mi\u00e9rcoles su&nbsp;<strong>agradecimiento a los empresarios del sector de turismo<\/strong>&nbsp;por su trabajo y aporte a los empleos del pa\u00eds, as\u00ed&nbsp;como a los&nbsp;<strong>agentes de viajes y turoperadores<\/strong>, por la lealtad y fidelidad que por a\u00f1os han tenido para traer turistas a la Rep\u00fablica Dominicana.<\/p>\n\n\n\n<figure class=\"wp-block-image size-large\"><img loading=\"lazy\" decoding=\"async\" width=\"1024\" height=\"576\" src=\"https:\/\/elmundodelosnegocios.com.do\/v1\/wp-content\/uploads\/2023\/08\/WhatsApp-Image-2023-08-03-at-4.02.16-PM-1024x576.jpg\" alt=\"\" class=\"wp-image-31380\" srcset=\"https:\/\/elmundodelosnegocios.com.do\/v1\/wp-content\/uploads\/2023\/08\/WhatsApp-Image-2023-08-03-at-4.02.16-PM-1024x576.jpg 1024w, https:\/\/elmundodelosnegocios.com.do\/v1\/wp-content\/uploads\/2023\/08\/WhatsApp-Image-2023-08-03-at-4.02.16-PM-300x169.jpg 300w, https:\/\/elmundodelosnegocios.com.do\/v1\/wp-content\/uploads\/2023\/08\/WhatsApp-Image-2023-08-03-at-4.02.16-PM-768x432.jpg 768w, https:\/\/elmundodelosnegocios.com.do\/v1\/wp-content\/uploads\/2023\/08\/WhatsApp-Image-2023-08-03-at-4.02.16-PM.jpg 1300w\" sizes=\"auto, (max-width: 1024px) 100vw, 1024px\" \/><\/figure>\n\n\n\n<p>Al encabezar el lanzamiento de&nbsp;<strong>DO Travel Rewards<\/strong>, un novedoso&nbsp;<strong>programa de lealtad<\/strong>&nbsp;global para agentes de viajes&nbsp;<strong>emisores de turistas<\/strong>&nbsp;hacia Rep\u00fablica Dominicana, el mandatario asegur\u00f3 que seguir\u00e1 trabajando para continuar el fortalecimiento de este sector.<\/p>\n\n\n\n<p>Este programa de lealtad, que tiene como objetivo fidelizar, informar y fortalecer la relaci\u00f3n con&nbsp;<strong>m\u00e1s de 7,000 agentes de viajes internacionales<\/strong>, es pionero en la historia del pa\u00eds y reafirma el&nbsp;<strong>compromiso<\/strong>&nbsp;que tiene el Gobierno de&nbsp;<strong>seguir impulsando la llegada de turistas al pa\u00eds.<\/strong><\/p>\n\n\n\n<p><em>\u201cEl turismo apenas est\u00e1 comenzando en la Rep\u00fablica Dominicana. Que va a seguir, seguir\u00e1 creciendo, para llevarles alegr\u00eda, llevar una sonrisa a los turistas que ustedes env\u00edan aqu\u00ed y tambi\u00e9n para que los dominicanos sigan viviendo dignamente del sector turismo\u201d<\/em>, manifest\u00f3 Abinader.<\/p>\n\n\n\n<figure class=\"wp-block-image\"><img decoding=\"async\" src=\"https:\/\/presidencia.gob.do\/sites\/default\/files\/inline-images\/2_4.jpeg\" alt=\"\"\/><\/figure>\n\n\n\n<p><em>\u201cUn agradecimiento muy especial a todos ustedes, porque una parte importante de nuestro pa\u00eds trabaja dignamente y se gana el trabajo de cada d\u00eda para sostener a sus familias y lo hacemos con amor y lo hacemos con pasi\u00f3n\u201d,<\/em>&nbsp;dijo.&nbsp;<\/p>\n\n\n\n<p>Durante la actividad, que se llev\u00f3 a cabo en el Hotel Jaragua ante la presencia de&nbsp;<strong>m\u00e1s de 500 agentes de viajes internacionales de todo el continente americano<\/strong>, el presidente Abinader resalt\u00f3 que desde el Gobierno se trabaja siempre para ser&nbsp;<strong>innovadores<\/strong>&nbsp;en esta y en otras industrias, pero&nbsp;<strong>especialmente en el turismo<\/strong>.<\/p>\n\n\n\n<p><em>\u201cY hoy seguimos innovando y esta innovaci\u00f3n es el primer sistema de fidelidad que tiene un pa\u00eds en el mundo y este es el DO Travel Rewards, que gracias a ustedes y el trabajo conjuntamente con nosotros lo vamos a hacer un gran \u00e9xito y al mismo tiempo le vamos a mostrar nuestro agradecimiento a esa lealtad, a esa fidelidad que por a\u00f1os han tenido ustedes de traer turistas a nuestro pa\u00eds\u201d<\/em>, expres\u00f3.<\/p>\n\n\n\n<p>Record\u00f3 que en la pandemia se pudo innovar y hacer&nbsp;<strong>el \u00fanico y el primer seguro COVID en el mundo<\/strong>&nbsp;para que los turistas no dejaran de visitar el pa\u00eds.&nbsp;<em>\u201cLo logramos siendo el pa\u00eds de mayor recuperaci\u00f3n y tambi\u00e9n fuimos bien innovadores despu\u00e9s; tambi\u00e9n certificamos los hoteles con varias compa\u00f1\u00edas internacionales de salud por recomendaci\u00f3n del gabinete de turismo\u201d.<\/em><\/p>\n\n\n\n<p>Asimismo, el jefe de Estado indic\u00f3 que&nbsp;<strong>desde el Gobierno se toman este trabajo muy en serio<\/strong>&nbsp;y que por eso los niveles en los polos tur\u00edsticos certificados son de los mayores del mundo.<\/p>\n\n\n\n<p><em>\u201cNosotros cuidamos a su gente en tema de seguridad, salud y en todos los \u00f3rdenes, para que su visita a la Rep\u00fablica Dominicana sea una experiencia satisfactoria e inolvidable y eso lo dicen tambi\u00e9n en la mayor\u00eda de las encuestas que les hacemos\u201d,<\/em>&nbsp;asegur\u00f3.<\/p>\n\n\n\n<p>El gobernante dijo que esperan que la visita de los turistas a la Rep\u00fablica Dominicana sea como&nbsp;<strong>su segunda patria y su segundo hogar<\/strong>&nbsp;y que sepan que aqu\u00ed le agradecemos.&nbsp;<em>\u201cA ustedes siempre los vamos a escuchar y estamos abiertos a cualquier recomendaci\u00f3n y sugerencia para seguir mejorando para cada d\u00eda buscar y perfeccionar mejor nuestro destino\u201d.<\/em><\/p>\n\n\n\n<figure class=\"wp-block-image\"><img decoding=\"async\" src=\"https:\/\/presidencia.gob.do\/sites\/default\/files\/inline-images\/WhatsApp%20Image%202023-08-03%20at%204.02.19%20PM.jpeg\" alt=\"\"\/><\/figure>\n\n\n\n<p><strong>Principales agencias de viaje y turoperadores internacionales de Las Am\u00e9ricas<\/strong><\/p>\n\n\n\n<p>De su lado, el ministro de Turismo, David Collado, resalt\u00f3 que en este evento dicen presente&nbsp;<strong>las principales agencias de viaje y turoperadores internacionales de las Am\u00e9ricas&nbsp;<\/strong>y que los n\u00fameros son impresionantes, con proyecciones de que&nbsp;<strong>6.9 millones de turistas<\/strong>&nbsp;de Canad\u00e1, Estados Unidos y Latinoam\u00e9rica para este 2023 llegar\u00e1n a la Rep\u00fablica Dominicana.<\/p>\n\n\n\n<p>Apunt\u00f3 que esto significa una generaci\u00f3n de divisas de&nbsp;<strong>7,900 millones de d\u00f3lares<\/strong>, divisas netas 5,000 millones de d\u00f3lares,&nbsp;<strong>7 % del total de los ingresos fiscales del pa\u00ed<\/strong>s y m\u00e1s de 70,000 habitaciones ocupadas. \u201c<em>9 % del Producto Interno Bruto de la Rep\u00fablica Dominicana lo representan ustedes, las agencias de viajes, los turoperadores de las Am\u00e9ricas que env\u00edan los turistas a nuestro pa\u00eds\u201d.<\/em><\/p>\n\n\n\n<p>En tanto que, el presidente de la Asociaci\u00f3n Nacional de Hoteles y Restaurantes&nbsp;<strong>(Asonahores)<\/strong>,&nbsp;<strong>David Llibre<\/strong>, expres\u00f3 que esta es una novedosa propuesta que constituye un&nbsp;<strong>ejemplo de integraci\u00f3n activa entre sector p\u00fablico y privado.<\/strong><\/p>\n\n\n\n<p>Estuvieron presentes en el acto, el director del IDAC,&nbsp;<strong>H\u00e9ctor Porcella<\/strong>; de la JAD,&nbsp;<strong>Jos\u00e9 Marte Piantini<\/strong>; del Departamento Aeroportuario,&nbsp;<strong>V\u00edctor Pichardo<\/strong>, y de Politur, general&nbsp;<strong>Minoru Matsunaga<\/strong>; el vicepresidente de ASONAHORES,&nbsp;<strong>Andr\u00e9s Marranzini<\/strong>; la presidenta de la Asociaci\u00f3n de Hoteles de Santo Domingo,&nbsp;<strong>Judith Garc\u00eda<\/strong>, y la CEO de Aerodom,&nbsp;<strong>M\u00f3nica Infante<\/strong>.<\/p>\n\n\n\n<p>Tambi\u00e9n, el presidente del Consejo de Administraci\u00f3n del Grupo Estrella,&nbsp;<strong>Manuel Estrella<\/strong>; de Viva Wyndham Resorts,&nbsp;<strong>Rafael Blanco<\/strong>; de Coral Hospitality,&nbsp;<strong>Julio Llibre<\/strong>; el miembro de la Junta de Firectores de Asonahores,&nbsp;<strong>Javier Tejada<\/strong>; el presidente de ADERES,&nbsp;<strong>Omar Cepeda<\/strong>; la directora general de Negocios Tur\u00edsticos del Banco de Reservas,&nbsp;<strong>Deyanira Pappaterra<\/strong>; el vicepresidente corporativo del Banco Popular,&nbsp;<strong>Juan Mart\u00edn,&nbsp;<\/strong>y el CEO de Arajet,&nbsp;<strong>V\u00edctor Pacheco<\/strong>.<\/p>\n","protected":false},"excerpt":{"rendered":"<p>Santo Domingo.-&nbsp;El presidente Luis Abinader&nbsp;expres\u00f3 este mi\u00e9rcoles su&nbsp;agradecimiento a los empresarios del sector de turismo&nbsp;por su trabajo y aporte a los empleos del pa\u00eds, as\u00ed&nbsp;como a los&nbsp;agentes de viajes y&hellip; <\/p>\n","protected":false},"author":2,"featured_media":31380,"comment_status":"closed","ping_status":"closed","sticky":false,"template":"","format":"standard","meta":{"fifu_image_url":"","fifu_image_alt":"","footnotes":""},"categories":[172],"tags":[],"class_list":["post-31379","post","type-post","status-publish","format-standard","has-post-thumbnail","hentry","category-turismo"],"_links":{"self":[{"href":"https:\/\/elmundodelosnegocios.com.do\/v1\/wp-json\/wp\/v2\/posts\/31379","targetHints":{"allow":["GET"]}}],"collection":[{"href":"https:\/\/elmundodelosnegocios.com.do\/v1\/wp-json\/wp\/v2\/posts"}],"about":[{"href":"https:\/\/elmundodelosnegocios.com.do\/v1\/wp-json\/wp\/v2\/types\/post"}],"author":[{"embeddable":true,"href":"https:\/\/elmundodelosnegocios.com.do\/v1\/wp-json\/wp\/v2\/users\/2"}],"replies":[{"embeddable":true,"href":"https:\/\/elmundodelosnegocios.com.do\/v1\/wp-json\/wp\/v2\/comments?post=31379"}],"version-history":[{"count":0,"href":"https:\/\/elmundodelosnegocios.com.do\/v1\/wp-json\/wp\/v2\/posts\/31379\/revisions"}],"wp:featuredmedia":[{"embeddable":true,"href":"https:\/\/elmundodelosnegocios.com.do\/v1\/wp-json\/wp\/v2\/media\/31380"}],"wp:attachment":[{"href":"https:\/\/elmundodelosnegocios.com.do\/v1\/wp-json\/wp\/v2\/media?parent=31379"}],"wp:term":[{"taxonomy":"category","embeddable":true,"href":"https:\/\/elmundodelosnegocios.com.do\/v1\/wp-json\/wp\/v2\/categories?post=31379"},{"taxonomy":"post_tag","embeddable":true,"href":"https:\/\/elmundodelosnegocios.com.do\/v1\/wp-json\/wp\/v2\/tags?post=31379"}],"curies":[{"name":"wp","href":"https:\/\/api.w.org\/{rel}","templated":true}]}}