{"id":31589,"date":"2023-08-14T12:46:35","date_gmt":"2023-08-14T17:16:35","guid":{"rendered":"https:\/\/elmundodelosnegocios.com.do\/v1\/?p=31589"},"modified":"2023-08-14T12:46:36","modified_gmt":"2023-08-14T17:16:36","slug":"mitur-deja-iniciados-trabajos-vias-las-terrenas-samana","status":"publish","type":"post","link":"https:\/\/elmundodelosnegocios.com.do\/v1\/mitur-deja-iniciados-trabajos-vias-las-terrenas-samana\/","title":{"rendered":"MITUR deja iniciados trabajos v\u00edas Las Terrenas, Saman\u00e1"},"content":{"rendered":"\n<p><strong>Las Terrenas<\/strong>, Saman\u00e1, R.D. Agosto 2023.-&nbsp;El ministro de Turismo, David Collado, dej\u00f3 iniciados los trabajos de reconstrucci\u00f3n de infraestructuras viales en Las Terrenas, con un costo superior a los 48 millones de pesos, con el objetivo de seguir fortaleciendo este destino tur\u00edstico del noreste del pa\u00eds.<\/p>\n\n\n\n<p>El ministro Collado manifest\u00f3 que la obra tendr\u00e1 un gran impacto en el desarrollo tur\u00edstico de Las Terrenas y todo el destino.<\/p>\n\n\n\n<p>\u00abHoy volvemos aqu\u00ed a Las Terrenas para dejar iniciados los trabajos de esta v\u00eda&nbsp; como parte de nuestro esfuerzo para seguir fortaleciendo el turismo en esta hermosa provincia de Saman\u00e1\u00bb, dijo el ministro Collado.<\/p>\n\n\n\n<p>El proyecto consiste en la reconstrucci\u00f3n de 6 ejes viales con un total de 2.90 kil\u00f3metros de longitud, de ancho variable; divididos en cuatro zonas dentro del municipio de Las Terrenas, en el \u00e1rea de Abra Grande, la playa, el centro y el pueblo de Los Pescadores.<\/p>\n\n\n\n<p>Dentro de los alcances se encuentran: recuperaci\u00f3n de la estructura vial, colocaci\u00f3n &nbsp; &nbsp;de &nbsp; &nbsp;capa &nbsp; &nbsp;de &nbsp; &nbsp;rodadura asf\u00e1ltica, construcci\u00f3n &nbsp; de &nbsp; 900 metros cuadrados de acera; 1,200 metros lineales de contenes de hormig\u00f3n, 4,000 metros lineales de cuneta para el correcto recorrido de &nbsp; &nbsp; las aguas, adem\u00e1s, creaci\u00f3n de un sistema de drenaje pluvial y se\u00f1alizaci\u00f3n; para garantizar la durabilidad de la v\u00eda a construir.<\/p>\n\n\n\n<p>La obra que estar\u00e1 bajo la coordinaci\u00f3n del Comit\u00e9 Ejecutor de Infraestructuras de Zonas Tur\u00edsticas (CEIZTUR), tendr\u00e1 un costo total de RD$48,283,610.20, y contempla las siguientes calles.<\/p>\n\n\n\n<p>Los trabajos en la calle Loma de Francois, consiste en la creaci\u00f3n de un nuevo eje que conecta la calle Emilio Prud&#8217;Homme y la Calle Salom\u00e9 Ure\u00f1a, con una longitud de 230.00 metros lineales y un ancho de 5.00 metros.<\/p>\n\n\n\n<p>Mientras que, en la calle de entrada Abra Grande ser\u00e1 reconstruido de un eje conector entre la 27 de Febrero, v\u00eda principal de la zona, con la calle Emilio Prud&#8217;Homme con una longitud de 245.00 metros lineales y un ancho de 6.00 metros.<\/p>\n\n\n\n<p>Otras v\u00edas que ser\u00e1n intervenidas son; la calle Hispaniola que comprende 3 ejes viales, un principal y dos adicionales, asimismo, la calle Italia, tambi\u00e9n comprendida por tres ejes, adem\u00e1s, las calles Colibr\u00ed, La \u00d1eca, Coson viejo y Antonio el Espa\u00f1ol.<\/p>\n\n\n\n<p>La intervenci\u00f3n del proyecto contempla, construcci\u00f3n de contenes y acera, de sistema drenaje pluvial, limpieza de la v\u00eda, colocaci\u00f3n de hormig\u00f3n asf\u00e1ltico y se\u00f1alizaci\u00f3n vial (horizontal y vertical).<\/p>\n","protected":false},"excerpt":{"rendered":"<p>Las Terrenas, Saman\u00e1, R.D. Agosto 2023.-&nbsp;El ministro de Turismo, David Collado, dej\u00f3 iniciados los trabajos de reconstrucci\u00f3n de infraestructuras viales en Las Terrenas, con un costo superior a los 48&hellip; <\/p>\n","protected":false},"author":2,"featured_media":31590,"comment_status":"closed","ping_status":"closed","sticky":false,"template":"","format":"standard","meta":{"fifu_image_url":"","fifu_image_alt":"","footnotes":""},"categories":[172],"tags":[],"class_list":["post-31589","post","type-post","status-publish","format-standard","has-post-thumbnail","hentry","category-turismo"],"_links":{"self":[{"href":"https:\/\/elmundodelosnegocios.com.do\/v1\/wp-json\/wp\/v2\/posts\/31589","targetHints":{"allow":["GET"]}}],"collection":[{"href":"https:\/\/elmundodelosnegocios.com.do\/v1\/wp-json\/wp\/v2\/posts"}],"about":[{"href":"https:\/\/elmundodelosnegocios.com.do\/v1\/wp-json\/wp\/v2\/types\/post"}],"author":[{"embeddable":true,"href":"https:\/\/elmundodelosnegocios.com.do\/v1\/wp-json\/wp\/v2\/users\/2"}],"replies":[{"embeddable":true,"href":"https:\/\/elmundodelosnegocios.com.do\/v1\/wp-json\/wp\/v2\/comments?post=31589"}],"version-history":[{"count":0,"href":"https:\/\/elmundodelosnegocios.com.do\/v1\/wp-json\/wp\/v2\/posts\/31589\/revisions"}],"wp:featuredmedia":[{"embeddable":true,"href":"https:\/\/elmundodelosnegocios.com.do\/v1\/wp-json\/wp\/v2\/media\/31590"}],"wp:attachment":[{"href":"https:\/\/elmundodelosnegocios.com.do\/v1\/wp-json\/wp\/v2\/media?parent=31589"}],"wp:term":[{"taxonomy":"category","embeddable":true,"href":"https:\/\/elmundodelosnegocios.com.do\/v1\/wp-json\/wp\/v2\/categories?post=31589"},{"taxonomy":"post_tag","embeddable":true,"href":"https:\/\/elmundodelosnegocios.com.do\/v1\/wp-json\/wp\/v2\/tags?post=31589"}],"curies":[{"name":"wp","href":"https:\/\/api.w.org\/{rel}","templated":true}]}}