{"id":31666,"date":"2023-08-17T00:41:14","date_gmt":"2023-08-17T05:11:14","guid":{"rendered":"https:\/\/elmundodelosnegocios.com.do\/v1\/?p=31666"},"modified":"2023-08-17T00:41:16","modified_gmt":"2023-08-17T05:11:16","slug":"feda-y-sur-futuro-desarrollaran-proyectos-en-beneficio-de-productores-agricolas-de-la-region-sur-del-pais","status":"publish","type":"post","link":"https:\/\/elmundodelosnegocios.com.do\/v1\/feda-y-sur-futuro-desarrollaran-proyectos-en-beneficio-de-productores-agricolas-de-la-region-sur-del-pais\/","title":{"rendered":"FEDA y Sur Futuro desarrollar\u00e1n proyectos en beneficio de productores agr\u00edcolas de la regi\u00f3n Sur del pa\u00eds"},"content":{"rendered":"\n<p>Santo Domingo.-&nbsp;<strong>La Fundaci\u00f3n Sur Futuro<\/strong>&nbsp;y el Fondo Especial para el Desarrollo Agropecuario&nbsp;<strong>(FEDA)<\/strong>&nbsp;firmaron un acuerdo para impulsar&nbsp;<strong>iniciativas en beneficio de los productores agr\u00edcolas,<\/strong>&nbsp;con la finalidad de crear mejores estructuras que permitan el&nbsp;<strong>desarrollo de los comunitarios de la zona Sur del pa\u00eds<\/strong>, con especial atenci\u00f3n a&nbsp;<strong>proyectos encaminados a potencializar la producci\u00f3n local.<\/strong><\/p>\n\n\n<div class=\"wp-block-image\">\n<figure class=\"aligncenter size-large\"><img loading=\"lazy\" decoding=\"async\" width=\"1024\" height=\"576\" src=\"https:\/\/elmundodelosnegocios.com.do\/v1\/wp-content\/uploads\/2023\/08\/Feda-y-Sur-Futuro-1024x576.jpeg\" alt=\"\" class=\"wp-image-31667\" srcset=\"https:\/\/elmundodelosnegocios.com.do\/v1\/wp-content\/uploads\/2023\/08\/Feda-y-Sur-Futuro-1024x576.jpeg 1024w, https:\/\/elmundodelosnegocios.com.do\/v1\/wp-content\/uploads\/2023\/08\/Feda-y-Sur-Futuro-300x169.jpeg 300w, https:\/\/elmundodelosnegocios.com.do\/v1\/wp-content\/uploads\/2023\/08\/Feda-y-Sur-Futuro-768x432.jpeg 768w, https:\/\/elmundodelosnegocios.com.do\/v1\/wp-content\/uploads\/2023\/08\/Feda-y-Sur-Futuro.jpeg 1300w\" sizes=\"auto, (max-width: 1024px) 100vw, 1024px\" \/><\/figure>\n<\/div>\n\n\n<p>Esta alianza incluye el&nbsp;<strong>financiamiento no reembolsable<\/strong>&nbsp;de un sistema de bombeo de&nbsp;<strong>agua para riego<\/strong>&nbsp;y abastecimiento comunitario, en el marco del proyecto comunitario de producci\u00f3n de semillas de coco y de&nbsp;<strong>agua para uso dom\u00e9stico<\/strong>&nbsp;en la comunidad, el Cigual,todo con el empleo de&nbsp;<strong>energ\u00eda solar<\/strong>. Tambi\u00e9n, la rehabilitaci\u00f3n y operaci\u00f3n de una&nbsp;<strong>torrefacci\u00f3n de caf\u00e9<\/strong>&nbsp;en la regi\u00f3n Sur, asignaci\u00f3n de t\u00e9cnicos del FEDA al servicio de&nbsp;<strong>proyectos sociales y comunitarios<\/strong>&nbsp;en la cuenca del r\u00edo Yaque del Sur, entre otros.<\/p>\n\n\n\n<p>El acuerdo fue rubricado por la presidenta de la Fundaci\u00f3n Sur Futuro,&nbsp;<strong>Melba Segura de Grull\u00f3n, y Hecmilio Galv\u00e1n,<\/strong>&nbsp;director ejecutivo del FEDA.<\/p>\n\n\n\n<p>Segura de Grull\u00f3n habl\u00f3 de la misi\u00f3n de contribuir al&nbsp;<strong>desarrollo econ\u00f3mico, social y humano de las comunidades pobres<\/strong>&nbsp;de nuestro pa\u00eds y a la&nbsp;<strong>gesti\u00f3n sostenible<\/strong>&nbsp;del ambiente y los recursos naturales, particularmente de la regi\u00f3n Sur del pa\u00eds.<\/p>\n\n\n\n<p><em>\u201cSin lugar a duda, tenemos prop\u00f3sitos comunes, y si nos dedicamos con ah\u00ednco a desarrollar programas de educaci\u00f3n, sensibilizaci\u00f3n y acompa\u00f1amiento de las comunidades rurales del pa\u00eds, los resultados se ver\u00e1n en la reducci\u00f3n de los niveles de pobreza y marginaci\u00f3n que lamentablemente a\u00fan persisten, y que amenazan con agravarse debido a los efectos del cambio clim\u00e1tico\u201d<\/em>, precis\u00f3.<\/p>\n\n\n\n<p>Hecmilio Galv\u00e1n, director ejecutivo del FEDA, destac\u00f3 la importancia de este acuerdo para garantizar el&nbsp;<strong>futuro de una vida digna para los agricultores.<\/strong><\/p>\n\n\n\n<p><em>\u201cEs el momento de cumplir con una gran deuda social con nuestras zonas m\u00e1s empobrecidas, protegiendo nuestras monta\u00f1as y r\u00edos, salvamos nuestro pa\u00eds, estamos cumpliendo con el compromiso de construir oportunidades para los m\u00e1s necesitados; ya no ser\u00e1n los olvidados de siempre\u201d,<\/em>&nbsp;explic\u00f3 Galv\u00e1n.<\/p>\n\n\n\n<figure class=\"wp-block-image\"><img decoding=\"async\" src=\"https:\/\/presidencia.gob.do\/sites\/default\/files\/inline-images\/WhatsApp%20Image%202023-08-15%20at%2012.20.17%20PM%20%281%29.jpeg\" alt=\"acuerdo Feda Sur Futuro\"\/><\/figure>\n\n\n\n<p><strong>Sobre el acuerdo<\/strong><\/p>\n\n\n\n<p>Adem\u00e1s de proporcionar&nbsp;<strong>capacitaciones<\/strong>&nbsp;j\u00f3venes y productores agr\u00edcolas&nbsp;<strong>sobre cambio clim\u00e1tico y agroforester\u00eda<\/strong>, se llevar\u00e1n a cabo proyectos de&nbsp;<strong>producci\u00f3n de plantas frutales y forestales,&nbsp;<\/strong>con el objetivo de fomentar la reforestaci\u00f3n y la restauraci\u00f3n de ecosistemas degradados, asistencia t\u00e9cnica para la&nbsp;<strong>gesti\u00f3n comunitaria de invernaderos<\/strong>&nbsp;para la producci\u00f3n de diferentes rubros agr\u00edcolas, celebraci\u00f3n de&nbsp;<strong>ferias<\/strong>&nbsp;de productores agropecuarios&nbsp;<strong>Consume lo Nuestro<\/strong>&nbsp;en la regi\u00f3n Sur, identificaci\u00f3n de comunidades para establecer los proyectos comunitarios de&nbsp;<strong>Madres del Campo<\/strong>&nbsp;para la cr\u00eda de ovejas.<\/p>\n","protected":false},"excerpt":{"rendered":"<p>Santo Domingo.-&nbsp;La Fundaci\u00f3n Sur Futuro&nbsp;y el Fondo Especial para el Desarrollo Agropecuario&nbsp;(FEDA)&nbsp;firmaron un acuerdo para impulsar&nbsp;iniciativas en beneficio de los productores agr\u00edcolas,&nbsp;con la finalidad de crear mejores estructuras que permitan&hellip; <\/p>\n","protected":false},"author":2,"featured_media":31667,"comment_status":"closed","ping_status":"closed","sticky":false,"template":"","format":"standard","meta":{"fifu_image_url":"","fifu_image_alt":"","footnotes":""},"categories":[73],"tags":[],"class_list":["post-31666","post","type-post","status-publish","format-standard","has-post-thumbnail","hentry","category-agronegocios"],"_links":{"self":[{"href":"https:\/\/elmundodelosnegocios.com.do\/v1\/wp-json\/wp\/v2\/posts\/31666","targetHints":{"allow":["GET"]}}],"collection":[{"href":"https:\/\/elmundodelosnegocios.com.do\/v1\/wp-json\/wp\/v2\/posts"}],"about":[{"href":"https:\/\/elmundodelosnegocios.com.do\/v1\/wp-json\/wp\/v2\/types\/post"}],"author":[{"embeddable":true,"href":"https:\/\/elmundodelosnegocios.com.do\/v1\/wp-json\/wp\/v2\/users\/2"}],"replies":[{"embeddable":true,"href":"https:\/\/elmundodelosnegocios.com.do\/v1\/wp-json\/wp\/v2\/comments?post=31666"}],"version-history":[{"count":0,"href":"https:\/\/elmundodelosnegocios.com.do\/v1\/wp-json\/wp\/v2\/posts\/31666\/revisions"}],"wp:featuredmedia":[{"embeddable":true,"href":"https:\/\/elmundodelosnegocios.com.do\/v1\/wp-json\/wp\/v2\/media\/31667"}],"wp:attachment":[{"href":"https:\/\/elmundodelosnegocios.com.do\/v1\/wp-json\/wp\/v2\/media?parent=31666"}],"wp:term":[{"taxonomy":"category","embeddable":true,"href":"https:\/\/elmundodelosnegocios.com.do\/v1\/wp-json\/wp\/v2\/categories?post=31666"},{"taxonomy":"post_tag","embeddable":true,"href":"https:\/\/elmundodelosnegocios.com.do\/v1\/wp-json\/wp\/v2\/tags?post=31666"}],"curies":[{"name":"wp","href":"https:\/\/api.w.org\/{rel}","templated":true}]}}