{"id":3173,"date":"2021-01-15T17:49:30","date_gmt":"2021-01-15T22:19:30","guid":{"rendered":"http:\/\/elmundodelosnegocios.com.do\/v1\/?p=3173"},"modified":"2021-01-15T18:49:19","modified_gmt":"2021-01-15T23:19:19","slug":"celebraran-obispado-y-banco-popular-vigilia-digital-honor-virgen-la-altagracia","status":"publish","type":"post","link":"https:\/\/elmundodelosnegocios.com.do\/v1\/celebraran-obispado-y-banco-popular-vigilia-digital-honor-virgen-la-altagracia\/","title":{"rendered":"Celebraran Obispado y Banco Popular vigilia digital honor Virgen La Altagracia"},"content":{"rendered":"\n<p>Hig\u00fcey. \u2013 Como tributo a la Virgen de La Altagracia, madre protectora de la Rep\u00fablica Dominicana, el Obispado de Hig\u00fcey, con el apoyo del Banco Popular Dominicano, celebrar\u00e1 desde la medianoche del pr\u00f3ximo 21 de enero el evento \u201cPor amor a la Virgen\u201d, una vigilia digital desde la Bas\u00edlica Catedral, con oraciones, canciones, testimonios y mensajes de fe.<\/p>\n\n\n\n<p>Esta ceremonia especial ser\u00e1 transmitida en vivo durante ocho horas desde el altar de la Bas\u00edlica, a trav\u00e9s de Color Visi\u00f3n, como canal matriz, unido a una cadena de canales de televisi\u00f3n, bajo la producci\u00f3n de Edilenia Tactuk. Adem\u00e1s la se\u00f1al podr\u00e1 seguirse tambi\u00e9n desde los canales de Youtube de la Bas\u00edlica (@basilicadehiguey) y del Banco Popular (@Popularenlinea).<\/p>\n\n\n\n<p>Bajo el subt\u00edtulo \u201cUna noche, un sacrificio y un nuevo amanecer\u201d, esta transmisi\u00f3n en directo busca unir a los dominicanos a trav\u00e9s de la oraci\u00f3n, durante una noche sin precedentes, permitiendo a todos los creyentes orar, cantar y recibir a la Virgen de la Altagracia en sus casas. Todos unidos, pidiendo un nuevo amanecer para la Rep\u00fablica Dominicana y el mundo.<\/p>\n\n\n\n<p>La actividad iniciar\u00e1 12:00 de la medianoche con una misa de apertura a cargo de monse\u00f1or em\u00e9rito de La Vega Antonio Camilo, y a continuaci\u00f3n comenzar\u00e1 la vigilia, a cargo del padre Evaristo Arech\u00e9, rector de la Bas\u00edlica de Hig\u00fcey.<\/p>\n\n\n\n<p>En distintos momentos de la madrugada, un grupo de obispos de diferentes provincias del pais, se dirigir\u00e1n a la audiencia congregada con mensajes de esperanza y reflexiones sobre la familia, la fe, la solidaridad, las dificultades de la pandemia, la espiritualidad, la Incertidumbre, y la esperanza.<\/p>\n\n\n\n<p>Los espectadores podr\u00e1n seguir, adem\u00e1s, el rezo del cen\u00e1culo en honor a la Virgen de La Altagracia, con el fray Jos\u00e9 Mar\u00eda y exposici\u00f3n del Sant\u00edsimo.<\/p>\n\n\n\n<p>Con el inicio del amanecer, la soprano dominicana Nathalie Pe\u00f1a-Comas cantar\u00e1 una versi\u00f3n en espa\u00f1ol del Ave Mar\u00eda y, a seguidas, el maestro Rafael Solano y el artista Nin\u00ed C\u00e1ffaro interpretar\u00e1n el conocido tema \u201cPor Amor\u201d, frente al altar de la Virgen.<\/p>\n\n\n\n<p>Durante la noche, se contar\u00e1 tambi\u00e9n con las actuaciones especiales de la Orquesta Sinf\u00f3nica Nacional, as\u00ed como los artistas cat\u00f3licos Celin\u00e9s D\u00edaz, Eduard Mu\u00f1oz, Ester Hern\u00e1ndez, Kairy M\u00e1rquez, Mikey Mendoza, Alfareros, Jon Carlos, Claudia Gil, Manny Rosado entre otros.<\/p>\n\n\n\n<p>La vigilia concluir\u00e1 en torno a las 8:00 de la ma\u00f1ana, con la misa oficial del D\u00eda de La Altagracia, a cargo de monse\u00f1or Jes\u00fas Castro, obispo de la Di\u00f3cesis de Hig\u00fcey.<\/p>\n\n\n\n<p>Esta iniciativa de promoci\u00f3n de la fe a la devoci\u00f3n mariana de La Altagracia se vincula al tradicional Gran Concierto Altagraciano que organizan cada a\u00f1o el Obispado de Hig\u00fcey y el Banco Popular, y que en esta ocasi\u00f3n no puede llevarse a cabo por la situaci\u00f3n sanitaria que atraviesa el pa\u00eds.<\/p>\n","protected":false},"excerpt":{"rendered":"<p>Hig\u00fcey. \u2013 Como tributo a la Virgen de La Altagracia, madre protectora de la Rep\u00fablica Dominicana, el Obispado de Hig\u00fcey, con el apoyo del Banco Popular Dominicano, celebrar\u00e1 desde la&hellip; <\/p>\n","protected":false},"author":1,"featured_media":3174,"comment_status":"open","ping_status":"open","sticky":false,"template":"","format":"standard","meta":{"fifu_image_url":"","fifu_image_alt":"","footnotes":""},"categories":[148],"tags":[],"class_list":["post-3173","post","type-post","status-publish","format-standard","has-post-thumbnail","hentry","category-cultura"],"_links":{"self":[{"href":"https:\/\/elmundodelosnegocios.com.do\/v1\/wp-json\/wp\/v2\/posts\/3173","targetHints":{"allow":["GET"]}}],"collection":[{"href":"https:\/\/elmundodelosnegocios.com.do\/v1\/wp-json\/wp\/v2\/posts"}],"about":[{"href":"https:\/\/elmundodelosnegocios.com.do\/v1\/wp-json\/wp\/v2\/types\/post"}],"author":[{"embeddable":true,"href":"https:\/\/elmundodelosnegocios.com.do\/v1\/wp-json\/wp\/v2\/users\/1"}],"replies":[{"embeddable":true,"href":"https:\/\/elmundodelosnegocios.com.do\/v1\/wp-json\/wp\/v2\/comments?post=3173"}],"version-history":[{"count":0,"href":"https:\/\/elmundodelosnegocios.com.do\/v1\/wp-json\/wp\/v2\/posts\/3173\/revisions"}],"wp:featuredmedia":[{"embeddable":true,"href":"https:\/\/elmundodelosnegocios.com.do\/v1\/wp-json\/wp\/v2\/media\/3174"}],"wp:attachment":[{"href":"https:\/\/elmundodelosnegocios.com.do\/v1\/wp-json\/wp\/v2\/media?parent=3173"}],"wp:term":[{"taxonomy":"category","embeddable":true,"href":"https:\/\/elmundodelosnegocios.com.do\/v1\/wp-json\/wp\/v2\/categories?post=3173"},{"taxonomy":"post_tag","embeddable":true,"href":"https:\/\/elmundodelosnegocios.com.do\/v1\/wp-json\/wp\/v2\/tags?post=3173"}],"curies":[{"name":"wp","href":"https:\/\/api.w.org\/{rel}","templated":true}]}}