{"id":31770,"date":"2023-08-21T13:54:04","date_gmt":"2023-08-21T18:24:04","guid":{"rendered":"https:\/\/elmundodelosnegocios.com.do\/v1\/?p=31770"},"modified":"2023-08-21T13:54:09","modified_gmt":"2023-08-21T18:24:09","slug":"de-cara-debate-rnc-equipo-biden-harris-2024-anuncia-compra-publicitaria-historica-de-25-millones","status":"publish","type":"post","link":"https:\/\/elmundodelosnegocios.com.do\/v1\/de-cara-debate-rnc-equipo-biden-harris-2024-anuncia-compra-publicitaria-historica-de-25-millones\/","title":{"rendered":"De cara debate RNC equipo Biden-Harris 2024 anuncia compra publicitaria hist\u00f3rica de $25 millones"},"content":{"rendered":"\n<p><strong>Washington, D.C.&nbsp;<\/strong>Agosto 2023.- El equipo Biden-Harris 2024 anunci\u00f3 su tercera compra publicitaria importante del ciclo electoral de 2024; con anuncios enfocados en la agenda econ\u00f3mica del presidente Biden que est\u00e1 reduciendo los costos para la clase media, creando empleos bien remunerados y recuperando la industria manufacturera estadounidense. Estos anuncios dan inicio a una campa\u00f1a publicitaria de 16 semanas, con una inversi\u00f3n de 25 millones de d\u00f3lares, que llegar\u00e1 a comunidades espec\u00edficas de votantes clave en los estados importantes en la contienda. Esta compra incluye las primeras inversiones de la campa\u00f1a de reelecci\u00f3n en medios hispanos y afroamericanos. Estos son los primeros de varios anuncios que se transmitir\u00e1n en esta primera fase a lo largo y ancho de los estados clave y en la televisi\u00f3n nacional por cable.<\/p>\n\n\n<div class=\"wp-block-image\">\n<figure class=\"aligncenter size-large\"><img loading=\"lazy\" decoding=\"async\" width=\"1024\" height=\"576\" src=\"https:\/\/elmundodelosnegocios.com.do\/v1\/wp-content\/uploads\/2023\/08\/002-scaled-615x440-1-1024x576.jpg\" alt=\"\" class=\"wp-image-31771\" srcset=\"https:\/\/elmundodelosnegocios.com.do\/v1\/wp-content\/uploads\/2023\/08\/002-scaled-615x440-1-1024x576.jpg 1024w, https:\/\/elmundodelosnegocios.com.do\/v1\/wp-content\/uploads\/2023\/08\/002-scaled-615x440-1-300x169.jpg 300w, https:\/\/elmundodelosnegocios.com.do\/v1\/wp-content\/uploads\/2023\/08\/002-scaled-615x440-1-768x432.jpg 768w, https:\/\/elmundodelosnegocios.com.do\/v1\/wp-content\/uploads\/2023\/08\/002-scaled-615x440-1.jpg 1280w\" sizes=\"auto, (max-width: 1024px) 100vw, 1024px\" \/><\/figure>\n<\/div>\n\n\n<p>La campa\u00f1a publicitaria se transmitir\u00e1 por televisi\u00f3n abierta y por cable en programaci\u00f3n dirigida a segmentos clave del electorado, que son cr\u00edticos para el camino de la campa\u00f1a hacia la victoria en noviembre de 2024. La compra tambi\u00e9n llevar\u00e1 el mensaje a grandes audiencias en programaciones televisivas de alto alcance como el arranque de la NFL y la Serie Mundial. Los anuncios se mostrar\u00e1n en plataformas digitales premium como YouTube Reserve, Hulu y Connected TV; y tambi\u00e9n podr\u00e1n ser vistas, en forma de videos cortos, en Instagram y YouTube.<\/p>\n\n\n\n<p>El equipo Biden-Harris 2024 est\u00e1 ejecutando una estrategia agresiva para llegar a los votantes hispanos y afroamericanos en estados clave. La compra realiza inversiones cr\u00edticas e intencionales en medios de due\u00f1os latinos y afroamericanos.&nbsp;<strong>Esta inversi\u00f3n tambi\u00e9n constituye la compra de medios m\u00e1s grande para una campa\u00f1a de reelecci\u00f3n buscando llegar a grupos clave como los latinos y los afroamericanos.<\/strong>&nbsp;Esta es tambi\u00e9n, en general, la compra m\u00e1s grande para una campa\u00f1a de reelecci\u00f3n para este punto del ciclo; lo que garantiza que el mensaje del presidente Biden se escuche a lo largo de las primarias republicanas de este a\u00f1o.<\/p>\n\n\n\n<p>\u201cMientras los republicanos se dirigen al escenario del debate la pr\u00f3xima semana para exhibir sus posiciones extremistas e impopulares, estamos invirtiendo en llegar a los estadounidenses de todo el pa\u00eds con el mensaje del presidente Biden y la vicepresidenta Harris para la clase media en favor de las libertades fundamentales de los estadounidenses\u201d,&nbsp;<strong>dijo Julie Chavez Rodriguez.&nbsp;<\/strong>\u201cEsta compra hist\u00f3rica asegurar\u00e1 que el mensaje del presidente llegue a todos los estadounidenses en esos lugares y plataformas donde usualmente reciben sus noticias, y enviar\u00e1 una se\u00f1al clara de que estamos invirtiendo en una estrategia de medios pagados agresiva, significativa y efectiva. Mientras los republicanos se pelean entre s\u00ed en Milwaukee en una competencia para impulsar y defender su agenda divisiva y desconectada de las prioridades de los estadounidenses; el presidente Biden est\u00e1 amplificando su mensaje ganador y su liderazgo como presidente de todos los estadounidenses\u201d.<\/p>\n\n\n\n<p>El equipo Biden-Harris 2024 est\u00e1 lanzando esta campa\u00f1a publicitaria en televisi\u00f3n en los siguientes mercados: Arizona: Phoenix; Georgia: Atlanta; M\u00edchigan: Detroit y Grand Rapids; Nevada: Las Vegas; Carolina del Norte; Raleigh y Charlotte; Pensilvania: Filadelfia, Pittsburgh y Wilkes-Barre-Scranton; Wisconsin: y en Milwaukee, en Green Bay y Madison. Adem\u00e1s, la compra lanzar\u00e1 una pieza de publicidad enfocada dirigida a los votantes hispanos en Florida. La estrategia de compra de medios refleja una campa\u00f1a que est\u00e1 maximizando el alcance a los votantes, comprando en un conjunto amplio de mercados y en una amplia gama de medios digitales y tradicionales. Tanto las compras en medios latinos como afroamericanos se realizan en estos mercados.<\/p>\n\n\n\n<p>El equipo Biden-Harris 2024 anunci\u00f3 su primera compra de anuncios solo un d\u00eda despu\u00e9s de que el presidente Biden y la vicepresidenta Harris anunciaran su campa\u00f1a de reelecci\u00f3n en abril de 2023, siendo la la compra de anuncios m\u00e1s temprano en el ciclo electoral para una campa\u00f1a de reelecci\u00f3n en la historia.<\/p>\n\n\n\n<p>En 2020, el presidente Biden y la vicepresidenta Harris formaron una coalici\u00f3n amplia y diversa que result\u00f3 en la mayor cantidad de votos para una candidatura presidencial en la historia de Estados Unidos. Venimos de la mejor elecci\u00f3n de mitad de per\u00edodo para un presidente en ejercicio desde FDR, incluidas las victorias clave en estos estados; el presidente y la vicepresidenta har\u00e1n nuevamente en 2024 y prevalecer\u00e1n sobre la agenda extremista MAGA.<\/p>\n\n\n\n<p><img loading=\"lazy\" decoding=\"async\" height=\"349\" src=\"https:\/\/ci6.googleusercontent.com\/proxy\/JOCBEajJnJgZ76myYFXZyDLAX9PQjtpSIb7Rpqd9xH-h6FTFVkawAL95WgL6wdYg-qy56igNHJO5DaKHzTf5b-pgrKk14vzVOhAhtp7AXdpejt1_8hyTRcsrizoTfEcWFb9Q5-4F209KSI6L1KcG05sMVN-VsQ=s0-d-e1-ft#https:\/\/mcusercontent.com\/90379082c3d9e6a03baf3f677\/images\/a129e401-6f0a-9586-2666-0e4feaeea44a.png\" width=\"700\"><\/p>\n\n\n\n<p><strong>Mira \u201cNosotros\u201d&nbsp;<a href=\"https:\/\/democrats.us2.list-manage.com\/track\/click?u=90379082c3d9e6a03baf3f677&amp;id=ffd12cf8e9&amp;e=76bdf14b83\" target=\"_blank\" rel=\"noreferrer noopener\">AQU\u00cd&nbsp;<\/a>y \u201cIt\u2019s Us\u201d<a href=\"https:\/\/democrats.us2.list-manage.com\/track\/click?u=90379082c3d9e6a03baf3f677&amp;id=724797c8ae&amp;e=76bdf14b83\" target=\"_blank\" rel=\"noreferrer noopener\">AQU\u00cd.<\/a><\/strong><\/p>\n\n\n\n<p><strong>Sobre \u201cNosotros\u201d:<\/strong><br>Este anuncio tiene como objetivo ampliar la perspectiva para incluir el t\u00e9rmino colectivo: \u00abnosotros\u00bb enfocado en c\u00f3mo el presidente Biden est\u00e1 ayudando a la comunidad latina. Este es un esfuerzo intencional para establecer una conexi\u00f3n cultural que aumente la receptividad a nuestra narrativa: \u00abel presidente est\u00e1 luchando por m\u00ed + aquellos como yo\u00bb. La planificaci\u00f3n estrat\u00e9gica, creativa y de medios est\u00e1 a cargo de Adri\u00e1n S\u00e1enz y su firma Conexi\u00f3n. Adrian fue parte de la campa\u00f1a Biden-Harris en 2020\u00a0 y trabaj\u00f3 en la Casa Blanca durante la administraci\u00f3n del ex presidente Barack Obama y la del presidente Biden. Colin Rogero, un creador de publicidad galardonado, es el cofundador y director creativo de Conexi\u00f3n.<\/p>\n\n\n\n<p class=\"has-text-align-center\"><img loading=\"lazy\" decoding=\"async\" height=\"331\" width=\"700\" src=\"https:\/\/ci5.googleusercontent.com\/proxy\/PZ1T0fN6x2zKzahcL5vxCHg_ckI2gjqV_Wj3wUT87C130EajJqpAiPdfqCoY2UgpH-zI7pnKJ4ZwqwWIQn5Q9ujz03o3Ni_lqw_xS3Omh0ZXHhH8VUcOTdtdK805WXfQ7WYNF3iU0LzJKkSzHnutawHgtsoOiw=s0-d-e1-ft#https:\/\/mcusercontent.com\/90379082c3d9e6a03baf3f677\/images\/04ace34d-9d49-34d9-7bd3-b72be7b4e195.png\"><\/p>\n\n\n\n<p><strong><u>Mira \u201cFought Back\u201d<a href=\"https:\/\/democrats.us2.list-manage.com\/track\/click?u=90379082c3d9e6a03baf3f677&amp;id=c947634d91&amp;e=76bdf14b83\" target=\"_blank\" rel=\"noreferrer noopener\">&nbsp;AQU\u00cd<\/a>.<\/u><\/strong><\/p>\n\n\n\n<p><strong>Sobre \u201cFought Back\u201d:<\/strong><br>\u00abFought Back\u00bb establece un caso claro de que Estados Unidos est\u00e1 volviendo al camino del progreso y de que la econom\u00eda estadounidense se est\u00e1 fortaleciendo. Si bien el presidente Biden aprob\u00f3 leyes hist\u00f3ricas para ayudar a nuestra recuperaci\u00f3n nacional, los trabajadores estadounidenses son los h\u00e9roes de esta historia. Este anuncio destaca la gran diferencia entre la visi\u00f3n optimista de Estados Unidos del presidente Biden y la imagen oscura y divisiva de los republicanos MAGA sobre nuestra naci\u00f3n.<img loading=\"lazy\" decoding=\"async\" height=\"357\" src=\"https:\/\/ci4.googleusercontent.com\/proxy\/flb_O3BORXbKy7AFih29fhelTAJwujF-rJVlWeKwdYDau5jBscsfzk9CtchRkcZE1PTYPAfyJUW5AGOfqb68WMHbd6Ow4HklIjdyy5Th3pWW1u9oHlYouLIaE7RMbUVP8CtQW97carXqr0ofrhaUIr4PccBEHA=s0-d-e1-ft#https:\/\/mcusercontent.com\/90379082c3d9e6a03baf3f677\/images\/cfb98357-b7aa-0b65-f94a-779dd3b0e939.png\" width=\"700\"><\/p>\n\n\n\n<p><strong>Mira&nbsp;\u201cFirst Day\u201d&nbsp;<a href=\"https:\/\/democrats.us2.list-manage.com\/track\/click?u=90379082c3d9e6a03baf3f677&amp;id=77393f763e&amp;e=76bdf14b83\" target=\"_blank\" rel=\"noreferrer noopener\">AQU\u00cd<\/a>.<\/strong><\/p>\n\n\n\n<p><strong><u>Sobre&nbsp;\u201cPrimer d\u00eda\u201d:<\/u><\/strong><br>\u201cFirst Day,\u201dnos lleva al momento en el que el presidente Biden asumi\u00f3 el cargo con un pa\u00eds en crisis y comunica claramente c\u00f3mo ha cumplido con las familias afroamericanas desde entonces: logrando una reducci\u00f3n hist\u00f3rica de la pobreza infantil en su primer a\u00f1o, otorgando m\u00e1s fondos para los empresarios afroamericanos, reduciendo los costos de vida e impulsando la creaci\u00f3n de millones de nuevos puestos de trabajo. La planificaci\u00f3n estrat\u00e9gica, creativa y de medios estar\u00e1 a cargo de Truxton Creative, dirigida por Terrance Green. Terrance dirigi\u00f3 el programa de medios pagados Biden for President de 2020.<\/p>\n","protected":false},"excerpt":{"rendered":"<p>Washington, D.C.&nbsp;Agosto 2023.- El equipo Biden-Harris 2024 anunci\u00f3 su tercera compra publicitaria importante del ciclo electoral de 2024; con anuncios enfocados en la agenda econ\u00f3mica del presidente Biden que est\u00e1&hellip; <\/p>\n","protected":false},"author":2,"featured_media":31771,"comment_status":"closed","ping_status":"closed","sticky":false,"template":"","format":"standard","meta":{"fifu_image_url":"","fifu_image_alt":"","footnotes":""},"categories":[157],"tags":[],"class_list":["post-31770","post","type-post","status-publish","format-standard","has-post-thumbnail","hentry","category-marketing"],"_links":{"self":[{"href":"https:\/\/elmundodelosnegocios.com.do\/v1\/wp-json\/wp\/v2\/posts\/31770","targetHints":{"allow":["GET"]}}],"collection":[{"href":"https:\/\/elmundodelosnegocios.com.do\/v1\/wp-json\/wp\/v2\/posts"}],"about":[{"href":"https:\/\/elmundodelosnegocios.com.do\/v1\/wp-json\/wp\/v2\/types\/post"}],"author":[{"embeddable":true,"href":"https:\/\/elmundodelosnegocios.com.do\/v1\/wp-json\/wp\/v2\/users\/2"}],"replies":[{"embeddable":true,"href":"https:\/\/elmundodelosnegocios.com.do\/v1\/wp-json\/wp\/v2\/comments?post=31770"}],"version-history":[{"count":0,"href":"https:\/\/elmundodelosnegocios.com.do\/v1\/wp-json\/wp\/v2\/posts\/31770\/revisions"}],"wp:featuredmedia":[{"embeddable":true,"href":"https:\/\/elmundodelosnegocios.com.do\/v1\/wp-json\/wp\/v2\/media\/31771"}],"wp:attachment":[{"href":"https:\/\/elmundodelosnegocios.com.do\/v1\/wp-json\/wp\/v2\/media?parent=31770"}],"wp:term":[{"taxonomy":"category","embeddable":true,"href":"https:\/\/elmundodelosnegocios.com.do\/v1\/wp-json\/wp\/v2\/categories?post=31770"},{"taxonomy":"post_tag","embeddable":true,"href":"https:\/\/elmundodelosnegocios.com.do\/v1\/wp-json\/wp\/v2\/tags?post=31770"}],"curies":[{"name":"wp","href":"https:\/\/api.w.org\/{rel}","templated":true}]}}