{"id":3186,"date":"2021-01-16T09:26:01","date_gmt":"2021-01-16T13:56:01","guid":{"rendered":"http:\/\/elmundodelosnegocios.com.do\/v1\/?p=3186"},"modified":"2021-01-16T09:26:07","modified_gmt":"2021-01-16T13:56:07","slug":"fmi-pide-a-los-paises-gastar-y-gastar-para-superar-la-pandemia","status":"publish","type":"post","link":"https:\/\/elmundodelosnegocios.com.do\/v1\/fmi-pide-a-los-paises-gastar-y-gastar-para-superar-la-pandemia\/","title":{"rendered":"FMI pide a los pa\u00edses \u201cgastar y gastar\u201d para superar la pandemia"},"content":{"rendered":"\n<p>La directora gerente del Fondo Monetario Internacional (FMI), Kristalina Georgieva, abog\u00f3 por una pol\u00edtica fiscal expansiva para hacer frente a la pandemia del coronavirus, al pedir a los pa\u00edses que \u201cgasten y gasten\u201d y al advertir de problemas si se retiran los est\u00edmulos prematuramente.<\/p>\n\n\n\n<p>\u201cEn t\u00e9rminos de pol\u00edticas para ahora mismo, muy inusual para el FMI, ya dije en marzo \u2018por favor gasten\u2019. Gasten lo que puedan y despu\u00e9s gasten un poco m\u00e1s\u201d, dijo en la conferencia telem\u00e1tica \u201cFuturo del crecimiento econ\u00f3mico\u201d de la XII edici\u00f3n del Foro Gaidar.<\/p>\n\n\n\n<p>\u201cAbogu\u00e9 y sigo abogando por pol\u00edticas monetarias acomodaticias y pol\u00edticas fiscales que protejan a la econom\u00eda de un colapso en un momento en el que estamos a prop\u00f3sito limitando tanto la producci\u00f3n como el consumo\u201d, sostuvo desde Washington en el foro.<\/p>\n\n\n\n<p>La pol\u00edtica y economista b\u00falgara pidi\u00f3 a los gobiernos y bancos centrales que no retiren demasiado pronto los est\u00edmulos.<\/p>\n\n\n\n<p>\u201cTenemos que ser a\u00fan muy cuidadosos para no retirar el apoyo de manera prematura. Porque si lo hacemos tendremos una ola de insolvencias y un desempleo estructural que ser\u00eda muy dif\u00edcil revertir\u201d, alert\u00f3.<\/p>\n\n\n\n<p>Al mismo tiempo, Georgieva inst\u00f3 a la hora de luchar contra la peor recesi\u00f3n desde la Gran Depresi\u00f3n en pensar tambi\u00e9n en el futuro, especialmente en invertir en el capital humano, en la econom\u00eda verde y en la econom\u00eda digital, adem\u00e1s de luchar contra la desigualdad.<\/p>\n\n\n\n<p>\u201cDebemos mirar qu\u00e9 paradigma de crecimiento vamos a tener despu\u00e9s de la pandemia\u201d, sostuvo.<\/p>\n\n\n\n<p>Record\u00f3 que cuando asumi\u00f3 en octubre de 2019 su cargo habl\u00f3 de problemas como la baja productividad, el reducido crecimiento, el aumento de la desigualdad y una creciente crisis clim\u00e1tica, desaf\u00edos \u201cque no han desaparecido\u201d.<\/p>\n\n\n\n<p>\u201cPodemos dar un paso valiente y centrarnos en la calidad del crecimiento y en repartir los beneficios del crecimiento de manera m\u00e1s equitativa (\u2026)\u201d, se\u00f1al\u00f3 la directora gerente del FMI, que considera que esta ser\u00e1 la tarea de los pol\u00edticos en 2021 y m\u00e1s all\u00e1.<\/p>\n\n\n\n<p>Georgieva dijo que el haber creado un sistema bancario m\u00e1s fuerte tras la crisis financiera ha servido para resistir los golpes, pero que esto ya no es suficiente en el mundo actual para esquivar shocks.<\/p>\n\n\n\n<p>\u201cCuando hablamos de la calidad del crecimiento hablamos de crear resistencia de manera m\u00e1s integral\u201d, dijo.<\/p>\n\n\n\n<p>Explic\u00f3 que se necesitan \u201cpersonas m\u00e1s resilientes, personas cualificadas y educadas que puedan adaptarse a unos mercados laborales cambiantes, que est\u00e1n sanos y que pueden confiar en una protecci\u00f3n social si es necesario\u201d.<\/p>\n\n\n\n<p>Adem\u00e1s, el mundo necesita un \u201cplaneta resiliente\u201d mediante econom\u00edas verdes bajas en carbono, y debe centrarse tambi\u00e9n en la econom\u00eda digital.<\/p>\n\n\n\n<p>Si los pa\u00edses no acometen esta transici\u00f3n, se quedar\u00e1n atr\u00e1s, advirti\u00f3.<\/p>\n\n\n\n<p>La m\u00e1xima responsable del FMI indic\u00f3 adem\u00e1s que la cooperaci\u00f3n internacional debe ser una prioridad.<\/p>\n\n\n\n<p>\u201cSi actuamos juntos, no solo para asegurar de que todo el mundo est\u00e9 vacunado para reducir las divergencias en la recuperaci\u00f3n, sino tambi\u00e9n para impulsar el crecimiento digital y verde del futuro, entonces lograremos mucho m\u00e1s con la misma inversi\u00f3n\u201d, recalc\u00f3.<\/p>\n","protected":false},"excerpt":{"rendered":"<p>La directora gerente del Fondo Monetario Internacional (FMI), Kristalina Georgieva, abog\u00f3 por una pol\u00edtica fiscal expansiva para hacer frente a la pandemia del coronavirus, al pedir a los pa\u00edses que&hellip; <\/p>\n","protected":false},"author":1,"featured_media":3195,"comment_status":"open","ping_status":"open","sticky":false,"template":"","format":"standard","meta":{"fifu_image_url":"","fifu_image_alt":"","footnotes":""},"categories":[234],"tags":[],"class_list":["post-3186","post","type-post","status-publish","format-standard","has-post-thumbnail","hentry","category-internacionales"],"_links":{"self":[{"href":"https:\/\/elmundodelosnegocios.com.do\/v1\/wp-json\/wp\/v2\/posts\/3186","targetHints":{"allow":["GET"]}}],"collection":[{"href":"https:\/\/elmundodelosnegocios.com.do\/v1\/wp-json\/wp\/v2\/posts"}],"about":[{"href":"https:\/\/elmundodelosnegocios.com.do\/v1\/wp-json\/wp\/v2\/types\/post"}],"author":[{"embeddable":true,"href":"https:\/\/elmundodelosnegocios.com.do\/v1\/wp-json\/wp\/v2\/users\/1"}],"replies":[{"embeddable":true,"href":"https:\/\/elmundodelosnegocios.com.do\/v1\/wp-json\/wp\/v2\/comments?post=3186"}],"version-history":[{"count":0,"href":"https:\/\/elmundodelosnegocios.com.do\/v1\/wp-json\/wp\/v2\/posts\/3186\/revisions"}],"wp:featuredmedia":[{"embeddable":true,"href":"https:\/\/elmundodelosnegocios.com.do\/v1\/wp-json\/wp\/v2\/media\/3195"}],"wp:attachment":[{"href":"https:\/\/elmundodelosnegocios.com.do\/v1\/wp-json\/wp\/v2\/media?parent=3186"}],"wp:term":[{"taxonomy":"category","embeddable":true,"href":"https:\/\/elmundodelosnegocios.com.do\/v1\/wp-json\/wp\/v2\/categories?post=3186"},{"taxonomy":"post_tag","embeddable":true,"href":"https:\/\/elmundodelosnegocios.com.do\/v1\/wp-json\/wp\/v2\/tags?post=3186"}],"curies":[{"name":"wp","href":"https:\/\/api.w.org\/{rel}","templated":true}]}}