{"id":31890,"date":"2023-08-27T21:06:39","date_gmt":"2023-08-28T01:36:39","guid":{"rendered":"https:\/\/elmundodelosnegocios.com.do\/v1\/?p=31890"},"modified":"2023-08-27T21:06:41","modified_gmt":"2023-08-28T01:36:41","slug":"la-aurora-cigars-a-la-cabeza-del-auge-de-cigarros-dominicanos-en-el-mundo","status":"publish","type":"post","link":"https:\/\/elmundodelosnegocios.com.do\/v1\/la-aurora-cigars-a-la-cabeza-del-auge-de-cigarros-dominicanos-en-el-mundo\/","title":{"rendered":"La Aurora Cigars, a la cabeza del auge de cigarros dominicanos en el mundo"},"content":{"rendered":"\n<p>Un art\u00edculo publicado por \u2018The Spectator\u2019 habla de La Aurora Cigars como uno de los principales actores del \u00e9xito de cigarros dominicanos en el mundo. El art\u00edculo, publicado el 11 de agosto, explica: \u201cLa Rep\u00fablica Dominicana empez\u00f3 a situarse por delante de Cuba y Nicaragua durante el llamado \u2018boom del cigarro\u2019 de principios de la d\u00e9cada de 1990, pero su \u00e9xito no se produjo de la noche a la ma\u00f1ana: la f\u00e1brica m\u00e1s antigua, La Aurora, fue fundada hace 120 a\u00f1os por un joven de 18 a\u00f1os llamado\u00a0Eduardo Le\u00f3n Jimenes\u201d.<\/p>\n\n\n\n<figure class=\"wp-block-image size-large\"><img loading=\"lazy\" decoding=\"async\" width=\"1024\" height=\"768\" src=\"https:\/\/elmundodelosnegocios.com.do\/v1\/wp-content\/uploads\/2023\/08\/007-1024x768.jpg\" alt=\"\" class=\"wp-image-31891\" srcset=\"https:\/\/elmundodelosnegocios.com.do\/v1\/wp-content\/uploads\/2023\/08\/007-1024x768.jpg 1024w, https:\/\/elmundodelosnegocios.com.do\/v1\/wp-content\/uploads\/2023\/08\/007-300x225.jpg 300w, https:\/\/elmundodelosnegocios.com.do\/v1\/wp-content\/uploads\/2023\/08\/007-768x576.jpg 768w, https:\/\/elmundodelosnegocios.com.do\/v1\/wp-content\/uploads\/2023\/08\/007.jpg 1440w\" sizes=\"auto, (max-width: 1024px) 100vw, 1024px\" \/><\/figure>\n\n\n\n<p>El autor del art\u00edculo, Simon de Burton, subraya que La Aurora es ahora \u201cla mayor organizaci\u00f3n comercial de la Rep\u00fablica Dominicana, pero sigue enorgulleci\u00e9ndose de sus puros perfectos, torcidos a mano y doble figurado, de los que s\u00f3lo se hacen 100 al d\u00eda\u201d.<\/p>\n\n\n\n<p>Y a\u00f1ade: \u201cDesde que Jimenes fund\u00f3 la empresa, las plantaciones de los alrededores de Santiago se han extendido hasta abarcar m\u00e1s de 600.000 hect\u00e1reas, por no hablar de los fabricantes de envases, las f\u00e1bricas de puros, los invernaderos y los productores de fertilizantes\u201d.<\/p>\n\n\n<div class=\"wp-block-image\">\n<figure class=\"aligncenter\"><img decoding=\"async\" src=\"https:\/\/www.laaurora.com.do\/wp-content\/uploads\/2023\/08\/DSC1438-1024x680.jpg\" alt=\"Finca de capa\" class=\"wp-image-8962\"\/><\/figure>\n<\/div>\n\n\n<p>En concreto, el texto publicado en&nbsp;<a href=\"https:\/\/www.spectator.co.uk\/article\/how-cuba-was-overthrown-as-the-cigar-capital-of-the-world\/\">\u2018The Spectator\u2019<\/a>&nbsp;se centra en explicar c\u00f3mo Cuba fue destronada como capital mundial del puro, siendo ahora el primer puesto de la Rep\u00fablica Dominicana, que es ahora la n\u00famero uno. Seg\u00fan describe el autor del art\u00edculo, \u00abel auge de la producci\u00f3n de puros en la Rep\u00fablica Dominicana se remonta a 1959, cuando la revoluci\u00f3n cubana \u2013entonces el principal exportador de puros del mundo con diferencia\u2013 condujo a la nacionalizaci\u00f3n de la industria\u201d.<\/p>\n\n\n\n<p>En este sentido, cuenta que muchos de los mejores cultivadores se trasladaron a la Rep\u00fablica Dominicana. A este hecho, se sum\u00f3 el asesinato del dictador de Rep\u00fablica Dominicana, el general Rafael Trujillo (que gobernaba el negocio de los puros con mano de hierro), y la prohibici\u00f3n estadounidense a todas las importaciones cubanas.<\/p>\n\n\n\n<p>Para ilustrar el \u00e9xito de los cigarros dominicanos, el art\u00edculo destaca que la Rep\u00fablica Dominicana roz\u00f3 la barrera de los 1.000 millones de d\u00f3lares hace casi tres a\u00f1os y sus exportaciones siguen creciendo, convirtiendo a los puros en su quinto producto de exportaci\u00f3n tras el oro, los productos el\u00e9ctricos, los textiles y los equipos m\u00e9dicos.<\/p>\n","protected":false},"excerpt":{"rendered":"<p>Un art\u00edculo publicado por \u2018The Spectator\u2019 habla de La Aurora Cigars como uno de los principales actores del \u00e9xito de cigarros dominicanos en el mundo. El art\u00edculo, publicado el 11&hellip; <\/p>\n","protected":false},"author":2,"featured_media":31891,"comment_status":"closed","ping_status":"closed","sticky":false,"template":"","format":"standard","meta":{"fifu_image_url":"","fifu_image_alt":"","footnotes":""},"categories":[147],"tags":[],"class_list":["post-31890","post","type-post","status-publish","format-standard","has-post-thumbnail","hentry","category-comercio"],"_links":{"self":[{"href":"https:\/\/elmundodelosnegocios.com.do\/v1\/wp-json\/wp\/v2\/posts\/31890","targetHints":{"allow":["GET"]}}],"collection":[{"href":"https:\/\/elmundodelosnegocios.com.do\/v1\/wp-json\/wp\/v2\/posts"}],"about":[{"href":"https:\/\/elmundodelosnegocios.com.do\/v1\/wp-json\/wp\/v2\/types\/post"}],"author":[{"embeddable":true,"href":"https:\/\/elmundodelosnegocios.com.do\/v1\/wp-json\/wp\/v2\/users\/2"}],"replies":[{"embeddable":true,"href":"https:\/\/elmundodelosnegocios.com.do\/v1\/wp-json\/wp\/v2\/comments?post=31890"}],"version-history":[{"count":0,"href":"https:\/\/elmundodelosnegocios.com.do\/v1\/wp-json\/wp\/v2\/posts\/31890\/revisions"}],"wp:featuredmedia":[{"embeddable":true,"href":"https:\/\/elmundodelosnegocios.com.do\/v1\/wp-json\/wp\/v2\/media\/31891"}],"wp:attachment":[{"href":"https:\/\/elmundodelosnegocios.com.do\/v1\/wp-json\/wp\/v2\/media?parent=31890"}],"wp:term":[{"taxonomy":"category","embeddable":true,"href":"https:\/\/elmundodelosnegocios.com.do\/v1\/wp-json\/wp\/v2\/categories?post=31890"},{"taxonomy":"post_tag","embeddable":true,"href":"https:\/\/elmundodelosnegocios.com.do\/v1\/wp-json\/wp\/v2\/tags?post=31890"}],"curies":[{"name":"wp","href":"https:\/\/api.w.org\/{rel}","templated":true}]}}