{"id":32028,"date":"2023-09-02T03:07:53","date_gmt":"2023-09-02T07:37:53","guid":{"rendered":"https:\/\/elmundodelosnegocios.com.do\/v1\/index.php\/2023\/09\/02\/resumen-rivian-nombra-al-dr-kjell-gruner-director-comercial-y-presidente-de-crecimiento-empresarial\/"},"modified":"2023-09-02T03:07:53","modified_gmt":"2023-09-02T07:37:53","slug":"resumen-rivian-nombra-al-dr-kjell-gruner-director-comercial-y-presidente-de-crecimiento-empresarial","status":"publish","type":"post","link":"https:\/\/elmundodelosnegocios.com.do\/v1\/resumen-rivian-nombra-al-dr-kjell-gruner-director-comercial-y-presidente-de-crecimiento-empresarial\/","title":{"rendered":"Resumen: Rivian nombra al Dr. Kjell Gruner director comercial y presidente de crecimiento empresarial"},"content":{"rendered":"<p>IRVINE, Calif.&#8211;(BUSINESS WIRE)&#8211;Rivian Automotive, Inc. (NASDAQ:RIVN) ha anunciado hoy el nombramiento del Dr. Kjell Gruner como director comercial y presidente de crecimiento empresarial. Gruner se une a Rivian desde Porsche Cars North America, Inc. (PCNA), donde recientemente fue presidente y CEO. Gruner se incorpora hoy a Rivian y depende directamente de RJ Scaringe, fundador y CEO de Rivian. En Rivian, Gruner supervisar\u00e1 las operaciones comerciales de Rivian, incluyendo ventas, marketing, atenci\u00f3n al cliente, entrega, servicio y flota.<br \/>\nEl Dr. Kjell Gruner aporta 25 a\u00f1os de experiencia en el sector del autom\u00f3vil, tanto en Porsche como en Daimler\/Mercedes-Benz.<br \/>\nEl comunicado en el idioma original es la versi\u00f3n oficial y autorizada del mismo. Esta traducci\u00f3n es solamente un medio de ayuda y deber\u00e1 ser comparada con el texto en idioma original, que es la \u00fanica versi\u00f3n del texto que tendr\u00e1 validez legal. Contacts<br \/>\nHarry Porter &#8211; media@rivian.com<\/p>\n","protected":false},"excerpt":{"rendered":"<p>IRVINE, Calif.&#8211;(BUSINESS WIRE)&#8211;Rivian Automotive, Inc. (NASDAQ:RIVN) ha anunciado hoy el nombramiento del Dr. Kjell Gruner como director comercial y presidente de crecimiento empresarial. Gruner se une a Rivian desde Porsche&hellip; <\/p>\n","protected":false},"author":2,"featured_media":32029,"comment_status":"closed","ping_status":"closed","sticky":false,"template":"","format":"standard","meta":{"fifu_image_url":"","fifu_image_alt":"","footnotes":""},"categories":[252],"tags":[253],"class_list":["post-32028","post","type-post","status-publish","format-standard","has-post-thumbnail","hentry","category-business-wire","tag-business-wire"],"_links":{"self":[{"href":"https:\/\/elmundodelosnegocios.com.do\/v1\/wp-json\/wp\/v2\/posts\/32028","targetHints":{"allow":["GET"]}}],"collection":[{"href":"https:\/\/elmundodelosnegocios.com.do\/v1\/wp-json\/wp\/v2\/posts"}],"about":[{"href":"https:\/\/elmundodelosnegocios.com.do\/v1\/wp-json\/wp\/v2\/types\/post"}],"author":[{"embeddable":true,"href":"https:\/\/elmundodelosnegocios.com.do\/v1\/wp-json\/wp\/v2\/users\/2"}],"replies":[{"embeddable":true,"href":"https:\/\/elmundodelosnegocios.com.do\/v1\/wp-json\/wp\/v2\/comments?post=32028"}],"version-history":[{"count":0,"href":"https:\/\/elmundodelosnegocios.com.do\/v1\/wp-json\/wp\/v2\/posts\/32028\/revisions"}],"wp:featuredmedia":[{"embeddable":true,"href":"https:\/\/elmundodelosnegocios.com.do\/v1\/wp-json\/wp\/v2\/media\/32029"}],"wp:attachment":[{"href":"https:\/\/elmundodelosnegocios.com.do\/v1\/wp-json\/wp\/v2\/media?parent=32028"}],"wp:term":[{"taxonomy":"category","embeddable":true,"href":"https:\/\/elmundodelosnegocios.com.do\/v1\/wp-json\/wp\/v2\/categories?post=32028"},{"taxonomy":"post_tag","embeddable":true,"href":"https:\/\/elmundodelosnegocios.com.do\/v1\/wp-json\/wp\/v2\/tags?post=32028"}],"curies":[{"name":"wp","href":"https:\/\/api.w.org\/{rel}","templated":true}]}}