{"id":32041,"date":"2023-09-03T14:41:54","date_gmt":"2023-09-03T19:11:54","guid":{"rendered":"https:\/\/elmundodelosnegocios.com.do\/v1\/?p=32041"},"modified":"2023-09-03T14:41:55","modified_gmt":"2023-09-03T19:11:55","slug":"incrementa-rd-conectividad-aerea-con-nuevos-vuelos-entre-espana-israel-y-catar","status":"publish","type":"post","link":"https:\/\/elmundodelosnegocios.com.do\/v1\/incrementa-rd-conectividad-aerea-con-nuevos-vuelos-entre-espana-israel-y-catar\/","title":{"rendered":"Incrementa RD conectividad a\u00e9rea con nuevos vuelos entre Espa\u00f1a, Israel y Catar"},"content":{"rendered":"\n<p>Santo Domingo.- Como parte de la estrategia para incrementar el flujo de pasajeros, el&nbsp;<strong>presidente de la Junta de Aviaci\u00f3n Civil (JAC), doctor Jos\u00e9 Ernesto Marte Piantini<\/strong>, dio a conocer que dicho organismo conoci\u00f3 la&nbsp;<strong>solicitud de las operaciones bajo la<\/strong>&nbsp;<strong>modalidad de C\u00f3digo Compartido entre Iberia y Qatar Airways<\/strong>, lo que permitir\u00e1 operar vuelos de conexi\u00f3n desde Doha a Santo Domingo v\u00eda Madrid.<\/p>\n\n\n<div class=\"wp-block-image\">\n<figure class=\"aligncenter size-large\"><img loading=\"lazy\" decoding=\"async\" width=\"1024\" height=\"682\" src=\"https:\/\/elmundodelosnegocios.com.do\/v1\/wp-content\/uploads\/2023\/09\/Incrementa-RD-conectividad-aerea-con-nuevos-vuelos-entre-Espana-Israel-y-Catar-1024x682.jpg\" alt=\"\" class=\"wp-image-32042\" srcset=\"https:\/\/elmundodelosnegocios.com.do\/v1\/wp-content\/uploads\/2023\/09\/Incrementa-RD-conectividad-aerea-con-nuevos-vuelos-entre-Espana-Israel-y-Catar-1024x682.jpg 1024w, https:\/\/elmundodelosnegocios.com.do\/v1\/wp-content\/uploads\/2023\/09\/Incrementa-RD-conectividad-aerea-con-nuevos-vuelos-entre-Espana-Israel-y-Catar-300x200.jpg 300w, https:\/\/elmundodelosnegocios.com.do\/v1\/wp-content\/uploads\/2023\/09\/Incrementa-RD-conectividad-aerea-con-nuevos-vuelos-entre-Espana-Israel-y-Catar-768x512.jpg 768w, https:\/\/elmundodelosnegocios.com.do\/v1\/wp-content\/uploads\/2023\/09\/Incrementa-RD-conectividad-aerea-con-nuevos-vuelos-entre-Espana-Israel-y-Catar.jpg 1280w\" sizes=\"auto, (max-width: 1024px) 100vw, 1024px\" \/><\/figure>\n<\/div>\n\n\n<p>Marte Piantini explic\u00f3 que estas operaciones se estar\u00e1n realizando en la ruta&nbsp;<strong>Madrid\/Santo Domingo\/Madrid<\/strong>, donde Iberia ser\u00e1 el operador efectivo y Qatar Airways, el operador de mercado.<\/p>\n\n\n\n<p>Detall\u00f3 que&nbsp;<strong>este acuerdo de cooperaci\u00f3n<\/strong>&nbsp;comercial entre Iberia y Qatar Airways con vuelos de conexi\u00f3n desde y hacia la Rep\u00fablica Dominicana,&nbsp;<strong>refleja el compromiso del organismo con los usuarios del transporte a\u00e9reo<\/strong>, al proporcionarles a los viajeros dominicanos acceso a&nbsp;<strong>dos de los destinos m\u00e1s relevantes del mundo.<\/strong><\/p>\n\n\n\n<p>Indic\u00f3 que en el referido acuerdo se establece que las aerol\u00edneas operar\u00e1n&nbsp;<strong>vuelos de conexi\u00f3n desde Doha<\/strong>, capital de Catar, situada en la pen\u00ednsula del Golfo P\u00e9rsico,&nbsp;<strong>desde y hacia la Rep\u00fablica Dominicana v\u00eda Madrid<\/strong>, lo que evidencia el&nbsp;<strong>reconocimiento internacional del territorio dominicano como destino en el Caribe.<\/strong><\/p>\n\n\n\n<p><em>\u201cLa conectividad a\u00e9rea del territorito dominicano ha mantenido una permanente expansi\u00f3n desde agosto de 2020, con el arribo de nuevas aerol\u00edneas internacionales, m\u00e1s rutas, frecuencias y m\u00e1s asientos. Estas son las razones por las cuales la aviaci\u00f3n comercial en el pa\u00eds crece a un ritmo sostenido\u201d,<\/em>&nbsp;puntualiz\u00f3 el presidente del organismo, al tiempo que explic\u00f3 que este acuerdo de cooperaci\u00f3n comercial entre Iberia y Qatar Airways,&nbsp;<strong>incrementar\u00e1 el flujo de pasajeros desde y hacia el territorio nacional en el marco de los acuerdos suscritos con el Estado de Catar y el Reino de Espa\u00f1a.<\/strong><\/p>\n\n\n\n<p>De igual forma, los miembros del pleno conocieron la&nbsp;<strong>solicitud de Iberia y American Airlines<\/strong>&nbsp;para operar de manera conjunta las rutas: Miami\/Puerto Plata\/Miami; Miami\/Santo Domingo\/Miami; Miami \/Punta Cana\/Miami y Miami\/Santiago de los Caballeros \/Miami.&nbsp;<strong>En estas operaciones American Airlines ser\u00e1 el operador efectivo e Iberia, el operador de mercado.<\/strong><\/p>\n\n\n\n<p>En ese mismo sentido, se conoci\u00f3 la solicitud de las operaciones bajo la misma modalidad las operaciones de&nbsp;<strong>Iberia y EL AL ISRAEL Airlines<\/strong>&nbsp;para volar en la ruta Madrid \/Santo Domingo \/Madrid.&nbsp;<strong>En estas operaciones Iberia ser\u00e1 el operador efectivo y EL AL ISRAEL Airlines, el operador de mercado<\/strong>.<\/p>\n\n\n\n<p><strong>Conectividad con otros destinos<\/strong><\/p>\n\n\n\n<p>Durante la decimocuarta sesi\u00f3n ordinaria de la JAC&nbsp;<strong>se aprob\u00f3 la solicitud de enmienda<\/strong>&nbsp;al Permiso de Operaci\u00f3n del operador a\u00e9reo Frontier&nbsp;<strong>para incluir la ruta Filadelfia\/Santo Domingo \/Filadelfia.<\/strong><\/p>\n\n\n\n<p>En este contexto,&nbsp;<strong>el inicio de las operaciones de Frontier<\/strong>&nbsp;<strong>est\u00e1 pautada para diciembre de 2023,<\/strong>&nbsp;las cuales ser\u00e1n realizadas en aeronaves modelo Airbus A320 Neo (32N), con capacidad para 186 asientos.<\/p>\n\n\n\n<p>Basado en datos de la Divisi\u00f3n de Estad\u00edsticas del Departamento de Transporte A\u00e9reo de la JAC, este operador estima que transportar\u00e1 desde diciembre 2023 hasta diciembre 2024 un promedio de&nbsp;<strong>13,017 pasajeros, con una frecuencia de tres vuelos a la semana, los martes, jueves y domingo.<\/strong><\/p>\n","protected":false},"excerpt":{"rendered":"<p>Santo Domingo.- Como parte de la estrategia para incrementar el flujo de pasajeros, el&nbsp;presidente de la Junta de Aviaci\u00f3n Civil (JAC), doctor Jos\u00e9 Ernesto Marte Piantini, dio a conocer que&hellip; <\/p>\n","protected":false},"author":2,"featured_media":32042,"comment_status":"closed","ping_status":"closed","sticky":false,"template":"","format":"standard","meta":{"fifu_image_url":"","fifu_image_alt":"","footnotes":""},"categories":[169],"tags":[],"class_list":["post-32041","post","type-post","status-publish","format-standard","has-post-thumbnail","hentry","category-transporte-internacional"],"_links":{"self":[{"href":"https:\/\/elmundodelosnegocios.com.do\/v1\/wp-json\/wp\/v2\/posts\/32041","targetHints":{"allow":["GET"]}}],"collection":[{"href":"https:\/\/elmundodelosnegocios.com.do\/v1\/wp-json\/wp\/v2\/posts"}],"about":[{"href":"https:\/\/elmundodelosnegocios.com.do\/v1\/wp-json\/wp\/v2\/types\/post"}],"author":[{"embeddable":true,"href":"https:\/\/elmundodelosnegocios.com.do\/v1\/wp-json\/wp\/v2\/users\/2"}],"replies":[{"embeddable":true,"href":"https:\/\/elmundodelosnegocios.com.do\/v1\/wp-json\/wp\/v2\/comments?post=32041"}],"version-history":[{"count":0,"href":"https:\/\/elmundodelosnegocios.com.do\/v1\/wp-json\/wp\/v2\/posts\/32041\/revisions"}],"wp:featuredmedia":[{"embeddable":true,"href":"https:\/\/elmundodelosnegocios.com.do\/v1\/wp-json\/wp\/v2\/media\/32042"}],"wp:attachment":[{"href":"https:\/\/elmundodelosnegocios.com.do\/v1\/wp-json\/wp\/v2\/media?parent=32041"}],"wp:term":[{"taxonomy":"category","embeddable":true,"href":"https:\/\/elmundodelosnegocios.com.do\/v1\/wp-json\/wp\/v2\/categories?post=32041"},{"taxonomy":"post_tag","embeddable":true,"href":"https:\/\/elmundodelosnegocios.com.do\/v1\/wp-json\/wp\/v2\/tags?post=32041"}],"curies":[{"name":"wp","href":"https:\/\/api.w.org\/{rel}","templated":true}]}}