{"id":3206,"date":"2021-01-16T09:43:01","date_gmt":"2021-01-16T14:13:01","guid":{"rendered":"http:\/\/elmundodelosnegocios.com.do\/v1\/?p=3206"},"modified":"2021-01-16T09:43:05","modified_gmt":"2021-01-16T14:13:05","slug":"empresarios-piden-apoyo-para-pymes","status":"publish","type":"post","link":"https:\/\/elmundodelosnegocios.com.do\/v1\/empresarios-piden-apoyo-para-pymes\/","title":{"rendered":"Empresarios piden apoyo para Pymes"},"content":{"rendered":"\n<p><strong>SANTO DOMINGO .<\/strong>\u2013 El sector empresarial demand\u00f3 del Gobierno atender al sector de las peque\u00f1as y medianas empresas, tras la eliminaci\u00f3n del programa Fase II.<\/p>\n\n\n\n<p>El vicepresidente ejecutivo del Consejo Nacional de la Empresa Privada, C\u00e9sar Dargam, asegur\u00f3 que las Mipymes atraviesan por una situaci\u00f3n dif\u00edcil, raz\u00f3n por la cual sugiri\u00f3 facilidades para que estas puedan acceder a los recursos liberados por el sector financiero.<\/p>\n\n\n\n<p>Reconoci\u00f3 que para el Gobierno era pr\u00e1cticamente insostenible mantener el programa Fase II, sin embargo, pidi\u00f3 a las autoridades poner especial atenci\u00f3n a las peque\u00f1as y medianas empresas para evitar perder m\u00e1s empleos.<\/p>\n\n\n\n<p>Sin embargo, los comerciantes aseguran que el retiro de dicho programa podr\u00eda impactar en la p\u00e9rdida de empleos al se\u00f1alar que en ese sector se perder\u00e1n entre 120 y 200 mil.<\/p>\n","protected":false},"excerpt":{"rendered":"<p>SANTO DOMINGO .\u2013 El sector empresarial demand\u00f3 del Gobierno atender al sector de las peque\u00f1as y medianas empresas, tras la eliminaci\u00f3n del programa Fase II. El vicepresidente ejecutivo del Consejo&hellip; <\/p>\n","protected":false},"author":1,"featured_media":3207,"comment_status":"open","ping_status":"open","sticky":false,"template":"","format":"standard","meta":{"fifu_image_url":"","fifu_image_alt":"","footnotes":""},"categories":[83],"tags":[],"class_list":["post-3206","post","type-post","status-publish","format-standard","has-post-thumbnail","hentry","category-empresariales-empresariales"],"_links":{"self":[{"href":"https:\/\/elmundodelosnegocios.com.do\/v1\/wp-json\/wp\/v2\/posts\/3206","targetHints":{"allow":["GET"]}}],"collection":[{"href":"https:\/\/elmundodelosnegocios.com.do\/v1\/wp-json\/wp\/v2\/posts"}],"about":[{"href":"https:\/\/elmundodelosnegocios.com.do\/v1\/wp-json\/wp\/v2\/types\/post"}],"author":[{"embeddable":true,"href":"https:\/\/elmundodelosnegocios.com.do\/v1\/wp-json\/wp\/v2\/users\/1"}],"replies":[{"embeddable":true,"href":"https:\/\/elmundodelosnegocios.com.do\/v1\/wp-json\/wp\/v2\/comments?post=3206"}],"version-history":[{"count":0,"href":"https:\/\/elmundodelosnegocios.com.do\/v1\/wp-json\/wp\/v2\/posts\/3206\/revisions"}],"wp:featuredmedia":[{"embeddable":true,"href":"https:\/\/elmundodelosnegocios.com.do\/v1\/wp-json\/wp\/v2\/media\/3207"}],"wp:attachment":[{"href":"https:\/\/elmundodelosnegocios.com.do\/v1\/wp-json\/wp\/v2\/media?parent=3206"}],"wp:term":[{"taxonomy":"category","embeddable":true,"href":"https:\/\/elmundodelosnegocios.com.do\/v1\/wp-json\/wp\/v2\/categories?post=3206"},{"taxonomy":"post_tag","embeddable":true,"href":"https:\/\/elmundodelosnegocios.com.do\/v1\/wp-json\/wp\/v2\/tags?post=3206"}],"curies":[{"name":"wp","href":"https:\/\/api.w.org\/{rel}","templated":true}]}}