{"id":32069,"date":"2023-09-05T12:34:14","date_gmt":"2023-09-05T17:04:14","guid":{"rendered":"https:\/\/elmundodelosnegocios.com.do\/v1\/?p=32069"},"modified":"2023-09-05T12:34:16","modified_gmt":"2023-09-05T17:04:16","slug":"ventas-en-librerias-superan-los-50-millones-de-pesos-en-la-feria-internacional-del-libro-2023","status":"publish","type":"post","link":"https:\/\/elmundodelosnegocios.com.do\/v1\/ventas-en-librerias-superan-los-50-millones-de-pesos-en-la-feria-internacional-del-libro-2023\/","title":{"rendered":"Ventas en librer\u00edas superan los 50 millones de pesos en la Feria Internacional del Libro 2023"},"content":{"rendered":"\n<p>Santo Domingo.- M\u00e1s de&nbsp;<strong>50 millones de pesos&nbsp;<\/strong>se vendieron en libros en los&nbsp;<strong>89 puestos de venta repartidos entre librer\u00edas y casas editoras<\/strong>&nbsp;en la XXV Feria Internacional del Libro Santo Domingo 2023&nbsp;<strong>(FILSD 2023<\/strong>), cifra que supera con creces las registradas en ediciones anteriores de este evento, que se celebr\u00f3 en la Plaza de la Cultura Juan Pablo Duarte.<\/p>\n\n\n<div class=\"wp-block-image\">\n<figure class=\"aligncenter size-large\"><img loading=\"lazy\" decoding=\"async\" width=\"1024\" height=\"576\" src=\"https:\/\/elmundodelosnegocios.com.do\/v1\/wp-content\/uploads\/2023\/09\/Actuacion-de-Frank-Ceara-en-el-cierre-de-la-Feria-Internacional-del-Libro-2023-1024x576.jpeg\" alt=\"\" class=\"wp-image-32070\" srcset=\"https:\/\/elmundodelosnegocios.com.do\/v1\/wp-content\/uploads\/2023\/09\/Actuacion-de-Frank-Ceara-en-el-cierre-de-la-Feria-Internacional-del-Libro-2023-1024x576.jpeg 1024w, https:\/\/elmundodelosnegocios.com.do\/v1\/wp-content\/uploads\/2023\/09\/Actuacion-de-Frank-Ceara-en-el-cierre-de-la-Feria-Internacional-del-Libro-2023-300x169.jpeg 300w, https:\/\/elmundodelosnegocios.com.do\/v1\/wp-content\/uploads\/2023\/09\/Actuacion-de-Frank-Ceara-en-el-cierre-de-la-Feria-Internacional-del-Libro-2023-768x432.jpeg 768w, https:\/\/elmundodelosnegocios.com.do\/v1\/wp-content\/uploads\/2023\/09\/Actuacion-de-Frank-Ceara-en-el-cierre-de-la-Feria-Internacional-del-Libro-2023.jpeg 1300w\" sizes=\"auto, (max-width: 1024px) 100vw, 1024px\" \/><\/figure>\n<\/div>\n\n\n<p><strong>Entre 20,000 y 40,000 personas visitaron diariamente el recinto ferial<\/strong>, que este a\u00f1o estren\u00f3 un&nbsp;<strong>nuevo modelo de organizaci\u00f3n<\/strong>&nbsp;en cuanto a la distribuci\u00f3n de los espacios, el dise\u00f1o y la seguridad, lo que contribuy\u00f3 a dinamizar la actividad en el mismo y, en consecuencia, la industria creativa en la Rep\u00fablica Dominicana.<\/p>\n\n\n\n<p>Desde el 25 de agosto hasta el 4 de septiembre, miles de amantes de la literatura y las artes se dieron cita en la FILSD, que se convirti\u00f3&nbsp;<strong>en un epicentro de conocimiento<\/strong>, con una oferta que tambi\u00e9n incluy\u00f3<strong>&nbsp;alrededor de 370 actividades relacionadas con el \u00e1mbito literario.<\/strong><\/p>\n\n\n\n<p><strong>La Editora Nacional vendi\u00f3 m\u00e1s de 2,000 ejemplares de 32 t\u00edtulos<\/strong>&nbsp;publicados para esta feria, en tanto que&nbsp;<strong>el Pabell\u00f3n del C\u00f3mic<\/strong>, que por segundo a\u00f1o consecutivo form\u00f3 parte del evento, represent\u00f3 uno de los ejemplos del excelente nivel de ventas, ya que&nbsp;<strong>se vio obligado a reabastecer su inventario<\/strong>&nbsp;ante la gran demanda de t\u00edtulos de este g\u00e9nero.<\/p>\n\n\n\n<p>Seg\u00fan una encuesta llevada a cabo entre los libreros y editoras participantes,&nbsp;<strong>el nivel de satisfacci\u00f3n alcanz\u00f3 un 97 %<\/strong>, cifra que supera ampliamente la media registrada en ediciones anteriores en lo relativo a ubicaci\u00f3n, seguridad, organizaci\u00f3n y distribuci\u00f3n del espacio.<\/p>\n\n\n\n<p>De igual forma, en el&nbsp;<strong>Programa Bonolibro se consignaron m\u00e1s de 5 mil canjes<\/strong>, los cuales beneficiaron a igual n\u00famero de visitantes.<\/p>\n\n\n\n<figure class=\"wp-block-image\"><img decoding=\"async\" src=\"https:\/\/presidencia.gob.do\/sites\/default\/files\/inline-images\/Acto%20de%20clausura%20Feria%20Internacional%20del%20Libro%202023.jpeg\" alt=\"\"\/><\/figure>\n\n\n\n<p><strong>Clausura de la FILSD 2023<\/strong><\/p>\n\n\n\n<p>El acto de cierre de la FILSD 2023 tuvo lugar en la Sala de Letras, ubicada en la Cinemateca Dominicana, y en \u00e9l,&nbsp;<strong>la ministra de Cultura, Milagros Germ\u00e1n, atribuy\u00f3 el \u00e9xito del evento al apoyo masivo de la ciudadan\u00eda y de los estudiantes<\/strong>; una afluencia que permiti\u00f3 a las librer\u00edas participantes mercadear sus libros con \u00e9xito.<\/p>\n\n\n\n<p><em>\u201cEn nuestro Ministerio de Cultura estamos muy orgullosos por el \u00e9xito de esta feria, que, sin dudas, es el \u00e9xito de un gran equipo que se entreg\u00f3 en cuerpo y alma a trabajar con un sentido del compromiso y del deber que pasa a ser un ejemplo\u201d,<\/em>&nbsp;asegur\u00f3 Germ\u00e1n.<\/p>\n\n\n\n<p>La funcionaria estuvo acompa\u00f1ada por el&nbsp;<strong>embajador de Israel, Raslan Abu Rukun<\/strong>, quien agradeci\u00f3 la distinci\u00f3n que represent\u00f3 ser el&nbsp;<strong>pa\u00eds invitado<\/strong>&nbsp;de la FILSD 2023.<\/p>\n\n\n\n<p>La ministra estuvo acompa\u00f1ada por&nbsp;<strong>\u00c1ngela Hern\u00e1ndez<\/strong>, directora general del Libro y la Lectura, y&nbsp;<strong>Joan Ferrer<\/strong>, director de las Ferias del Libro.<\/p>\n\n\n\n<figure class=\"wp-block-image\"><img decoding=\"async\" src=\"https:\/\/presidencia.gob.do\/sites\/default\/files\/inline-images\/Entre%2020%20mil%20y%2040%20mil%20personas%20visitaron%20diariamente%20el%20recinto%20ferial.JPG\" alt=\"\"\/><\/figure>\n\n\n\n<p><strong>Una feria diferente<\/strong><\/p>\n\n\n\n<p>La Feria del Libro 2023 destac\u00f3 por su enfoque en la&nbsp;<strong>organizaci\u00f3n y la comodidad de los visitantes<\/strong>, instalando pabellones climatizados que garantizaron un ambiente agradable para los asistentes.<\/p>\n\n\n\n<p>Adem\u00e1s, se aprovecharon los museos de Historia y Geograf\u00eda y del Hombre Dominicano, al igual que la Biblioteca Nacional Pedro Henr\u00edquez Ure\u00f1a, el Teatro Nacional y la Cinemateca Dominicana, como&nbsp;<strong>espacios anfitriones de numerosas exhibiciones y actividades.<\/strong><\/p>\n\n\n\n<p>Un emplazamiento que capt\u00f3 especialmente la atenci\u00f3n de los visitantes fue el debutante&nbsp;<strong>Pabell\u00f3n de la Imaginaci\u00f3n, en el cual la tecnolog\u00eda deslumbr\u00f3 a adultos y ni\u00f1os<\/strong>&nbsp;a trav\u00e9s de exhibiciones inmersivas que permitieron a los visitantes interactuar con innovadores&nbsp;<strong>inventos realizados por estudiantes de mecatr\u00f3nica de varias universidades locales.<\/strong><\/p>\n\n\n\n<p>Este espacio tambi\u00e9n present\u00f3 otras atracciones, como libros de realidad aumentada, visitas virtuales a la Ciudad Colonial, brazos rob\u00f3ticos y una pista de carros que funciona por medio del nivel de concentraci\u00f3n del usuario.<\/p>\n\n\n\n<figure class=\"wp-block-image\"><img decoding=\"async\" src=\"https:\/\/presidencia.gob.do\/sites\/default\/files\/inline-images\/David%20Collado%2C%20Ligia%20Bonetti%20y%20Biviana%20Riveiro%20entregaron%20la%20certificaci%C3%B3n%20a%20la%20ministra%20Milagros%20Germ%C3%A1n%2C%20quien%20estuvo%20acompa%C3%B1ada%20por%20Angela%20Hern%C3%A1ndez%20y%20Joan%20Ferrer.JPG\" alt=\"FIL Marca Pa\u00eds\"\/><\/figure>\n\n\n\n<p><strong>Certificaci\u00f3n Marca Pa\u00eds<\/strong>&nbsp;<\/p>\n\n\n\n<p>La Feria Internacional del Libro Santo Domingo recibi\u00f3 la&nbsp;<strong>certificaci\u00f3n como Marca Pa\u00eds por parte de la Comisi\u00f3n Multisectorial<\/strong>&nbsp;encargada de coordinar y ejecutar las estrategias de posicionamiento del pa\u00eds en el \u00e1mbito internacional.<\/p>\n\n\n\n<p>Este reconocimiento fue otorgado en un acto especial que cont\u00f3&nbsp;<strong>con la participaci\u00f3n el ministro de Turismo, David Collado,<\/strong>&nbsp;coordinador general de la mencionada comisi\u00f3n;&nbsp;<strong>la empresaria Ligia Bonetti<\/strong>, coordinadora por el sector privado, y&nbsp;<strong>la<\/strong>&nbsp;<strong>directora de ProDominicana, Biviana Riveiro<\/strong>, secretaria.<\/p>\n\n\n\n<p>La Feria del Libro 2023, que tuvo como lema&nbsp;<strong>\u201cPara todo hay un libro\u201d<\/strong>, estuvo dedicada a la escritora&nbsp;<strong>Jeannette Miller<\/strong>, Premio Nacional de Literatura en 2011.<\/p>\n","protected":false},"excerpt":{"rendered":"<p>Santo Domingo.- M\u00e1s de&nbsp;50 millones de pesos&nbsp;se vendieron en libros en los&nbsp;89 puestos de venta repartidos entre librer\u00edas y casas editoras&nbsp;en la XXV Feria Internacional del Libro Santo Domingo 2023&nbsp;(FILSD&hellip; <\/p>\n","protected":false},"author":2,"featured_media":32070,"comment_status":"closed","ping_status":"closed","sticky":false,"template":"","format":"standard","meta":{"fifu_image_url":"","fifu_image_alt":"","footnotes":""},"categories":[148],"tags":[],"class_list":["post-32069","post","type-post","status-publish","format-standard","has-post-thumbnail","hentry","category-cultura"],"_links":{"self":[{"href":"https:\/\/elmundodelosnegocios.com.do\/v1\/wp-json\/wp\/v2\/posts\/32069","targetHints":{"allow":["GET"]}}],"collection":[{"href":"https:\/\/elmundodelosnegocios.com.do\/v1\/wp-json\/wp\/v2\/posts"}],"about":[{"href":"https:\/\/elmundodelosnegocios.com.do\/v1\/wp-json\/wp\/v2\/types\/post"}],"author":[{"embeddable":true,"href":"https:\/\/elmundodelosnegocios.com.do\/v1\/wp-json\/wp\/v2\/users\/2"}],"replies":[{"embeddable":true,"href":"https:\/\/elmundodelosnegocios.com.do\/v1\/wp-json\/wp\/v2\/comments?post=32069"}],"version-history":[{"count":0,"href":"https:\/\/elmundodelosnegocios.com.do\/v1\/wp-json\/wp\/v2\/posts\/32069\/revisions"}],"wp:featuredmedia":[{"embeddable":true,"href":"https:\/\/elmundodelosnegocios.com.do\/v1\/wp-json\/wp\/v2\/media\/32070"}],"wp:attachment":[{"href":"https:\/\/elmundodelosnegocios.com.do\/v1\/wp-json\/wp\/v2\/media?parent=32069"}],"wp:term":[{"taxonomy":"category","embeddable":true,"href":"https:\/\/elmundodelosnegocios.com.do\/v1\/wp-json\/wp\/v2\/categories?post=32069"},{"taxonomy":"post_tag","embeddable":true,"href":"https:\/\/elmundodelosnegocios.com.do\/v1\/wp-json\/wp\/v2\/tags?post=32069"}],"curies":[{"name":"wp","href":"https:\/\/api.w.org\/{rel}","templated":true}]}}