{"id":32082,"date":"2023-09-06T08:01:53","date_gmt":"2023-09-06T12:31:53","guid":{"rendered":"https:\/\/elmundodelosnegocios.com.do\/v1\/?p=32082"},"modified":"2023-09-06T08:01:55","modified_gmt":"2023-09-06T12:31:55","slug":"anuncia-camara-de-comercio-santiago-celebracion-expo-cibao-2023","status":"publish","type":"post","link":"https:\/\/elmundodelosnegocios.com.do\/v1\/anuncia-camara-de-comercio-santiago-celebracion-expo-cibao-2023\/","title":{"rendered":"Anuncia C\u00e1mara de Comercio Santiago celebraci\u00f3n Expo Cibao 2023"},"content":{"rendered":"\n<p><strong>Santiago. Septiembre, 2023<\/strong>. La C\u00e1mara de Comercio y Producci\u00f3n de Santiago anunci\u00f3 la celebraci\u00f3n de la trig\u00e9sima sexta edici\u00f3n de EXPO CIBAO, la exhibici\u00f3n comercial multisectorial m\u00e1s grande de Santiago y de la regi\u00f3n norte, que ser\u00e1 realizada del mi\u00e9rcoles 27 de septiembre al domingo 01 de octubre, en el Parque Central de Santiago.<\/p>\n\n\n\n<figure class=\"wp-block-image size-full\"><img loading=\"lazy\" decoding=\"async\" width=\"1008\" height=\"672\" src=\"http:\/\/elmundodelosnegocios.com.do\/v1\/wp-content\/uploads\/2023\/09\/Miembros-de-la-Junta-Directiva-de-la-Camara-Santiago-1.jpg\" alt=\"Miembros de la Junta Directiva de la C\u00e1mara Santiago\" class=\"wp-image-32084\" srcset=\"https:\/\/elmundodelosnegocios.com.do\/v1\/wp-content\/uploads\/2023\/09\/Miembros-de-la-Junta-Directiva-de-la-Camara-Santiago-1.jpg 1008w, https:\/\/elmundodelosnegocios.com.do\/v1\/wp-content\/uploads\/2023\/09\/Miembros-de-la-Junta-Directiva-de-la-Camara-Santiago-1-300x200.jpg 300w, https:\/\/elmundodelosnegocios.com.do\/v1\/wp-content\/uploads\/2023\/09\/Miembros-de-la-Junta-Directiva-de-la-Camara-Santiago-1-768x512.jpg 768w\" sizes=\"auto, (max-width: 1008px) 100vw, 1008px\" \/><figcaption class=\"wp-element-caption\">Miembros de la Junta Directiva de la C\u00e1mara Santiago<\/figcaption><\/figure>\n\n\n\n<p>Este a\u00f1o, Expo Cibao tiene como lema: <em>\u201c<\/em><strong><em>Santiago, HUB de Inversi\u00f3n<\/em><\/strong><em>\u201d, <\/em>con el fin de destacar las condiciones que tiene la ciudad para atraer inversiones, gracias su competitividad, estabilidad y crecimiento econ\u00f3mico. Esta frase fue expresada por Carlos Iglesias, presidente de la C\u00e1mara de Comercio de Santiago, en el acto de apertura de la edici\u00f3n pasada.<\/p>\n\n\n\n<p>Esta edici\u00f3n de Expo Cibao busca que toda inversi\u00f3n nacional o extranjera que desee establecerse en la Rep\u00fablica Dominicana, considere a la provincia de Santiago como un enlace, gracias a su ubicaci\u00f3n estrat\u00e9gica y a las facilidades para log\u00edstica que ofrece.<\/p>\n\n\n\n<p>Expo Cibao 2023 busca reunir a m\u00e1s de 150 expositores, distribuidos en los m\u00e1s 300 stands disponibles. Adem\u00e1s de programar conferencias, almuerzos, rifas, presentaciones, entre otras actividades.<\/p>\n\n\n\n<p>Asimismo, este a\u00f1o estar\u00e1 disponible la exhibici\u00f3n en modalidad virtual, de manera simult\u00e1nea, donde los expositores podr\u00e1n mostrar, nacional e internacionalmente, todos sus productos, servicios y ofertas. Esta modalidad fue adoptada por primera vez en el 2020, debido a las condiciones de salud vividas en dicho momento, y gracias al \u00e9xito obtenido, seguir\u00e1 siendo una experiencia para quienes no puedan estar de manera presencial.<\/p>\n\n\n\n<p>La Expo, organizada por la C\u00e1mara de Comercio y Producci\u00f3n de Santiago, cada a\u00f1o, apuesta al desarrollo comercial y productivo de la regi\u00f3n, recibiendo el apoyo del p\u00fablico, que se dan cita para conocer las novedades que ofrecen las marcas, y las oportunidades de inversi\u00f3n y negociaciones.<\/p>\n\n\n\n<p>Expo Cibao 2023 tendr\u00e1 como patrocinadores PLATINO: Proindustria, Claro y El Nuevo Diario; como patrocinadores ORO: Banco Popular, Banreservas, Corporaci\u00f3n Zona Franca, Asociaci\u00f3n Cibao de Ahorros y Pr\u00e9stamos, Aeropuerto Internacional del Cibao, Asociaci\u00f3n Popular de Ahorros y Pr\u00e9stamos, Ministerio de Turismo, Magna Motors, Full 94.1, Sertelsa, Banco Santa Cruz, Audiolux, Mercado Norte y Alkifiesta; y como patrocinadores PLATA: Delta Comercial, INDOCAL, Lanco Dominicana y Banco BHD Le\u00f3n; como Colaboradores: Print Factory.<\/p>\n","protected":false},"excerpt":{"rendered":"<p>Santiago. Septiembre, 2023. La C\u00e1mara de Comercio y Producci\u00f3n de Santiago anunci\u00f3 la celebraci\u00f3n de la trig\u00e9sima sexta edici\u00f3n de EXPO CIBAO, la exhibici\u00f3n comercial multisectorial m\u00e1s grande de Santiago&hellip; <\/p>\n","protected":false},"author":2,"featured_media":32084,"comment_status":"closed","ping_status":"closed","sticky":false,"template":"","format":"standard","meta":{"fifu_image_url":"","fifu_image_alt":"","footnotes":""},"categories":[157],"tags":[],"class_list":["post-32082","post","type-post","status-publish","format-standard","has-post-thumbnail","hentry","category-marketing"],"_links":{"self":[{"href":"https:\/\/elmundodelosnegocios.com.do\/v1\/wp-json\/wp\/v2\/posts\/32082","targetHints":{"allow":["GET"]}}],"collection":[{"href":"https:\/\/elmundodelosnegocios.com.do\/v1\/wp-json\/wp\/v2\/posts"}],"about":[{"href":"https:\/\/elmundodelosnegocios.com.do\/v1\/wp-json\/wp\/v2\/types\/post"}],"author":[{"embeddable":true,"href":"https:\/\/elmundodelosnegocios.com.do\/v1\/wp-json\/wp\/v2\/users\/2"}],"replies":[{"embeddable":true,"href":"https:\/\/elmundodelosnegocios.com.do\/v1\/wp-json\/wp\/v2\/comments?post=32082"}],"version-history":[{"count":0,"href":"https:\/\/elmundodelosnegocios.com.do\/v1\/wp-json\/wp\/v2\/posts\/32082\/revisions"}],"wp:featuredmedia":[{"embeddable":true,"href":"https:\/\/elmundodelosnegocios.com.do\/v1\/wp-json\/wp\/v2\/media\/32084"}],"wp:attachment":[{"href":"https:\/\/elmundodelosnegocios.com.do\/v1\/wp-json\/wp\/v2\/media?parent=32082"}],"wp:term":[{"taxonomy":"category","embeddable":true,"href":"https:\/\/elmundodelosnegocios.com.do\/v1\/wp-json\/wp\/v2\/categories?post=32082"},{"taxonomy":"post_tag","embeddable":true,"href":"https:\/\/elmundodelosnegocios.com.do\/v1\/wp-json\/wp\/v2\/tags?post=32082"}],"curies":[{"name":"wp","href":"https:\/\/api.w.org\/{rel}","templated":true}]}}