{"id":32089,"date":"2023-09-06T08:09:03","date_gmt":"2023-09-06T12:39:03","guid":{"rendered":"https:\/\/elmundodelosnegocios.com.do\/v1\/?p=32089"},"modified":"2023-09-06T08:09:05","modified_gmt":"2023-09-06T12:39:05","slug":"destaca-sector-exportador-genera-22-empleos-poblacion-economicamente-activa","status":"publish","type":"post","link":"https:\/\/elmundodelosnegocios.com.do\/v1\/destaca-sector-exportador-genera-22-empleos-poblacion-economicamente-activa\/","title":{"rendered":"Destaca sector exportador genera 22% empleos poblaci\u00f3n econ\u00f3micamente activa"},"content":{"rendered":"\n<p><strong>Santo Domingo, R. D.\u00a0<\/strong>septiembre 2023.<strong>&#8211;\u00a0<\/strong>La presidenta de la Asociaci\u00f3n Dominicana de Exportadores (Adoexpo), Elizabeth Mena, destac\u00f3 que ese sector genera m\u00e1s de un mill\u00f3n de empleos directos, indirectos e inducidos, lo que representa el 22% de la poblaci\u00f3n econ\u00f3micamente activa del pa\u00eds, de los cuales 404 mil corresponden a mujeres.<\/p>\n\n\n<div class=\"wp-block-image\">\n<figure class=\"aligncenter size-large\"><img loading=\"lazy\" decoding=\"async\" width=\"1024\" height=\"683\" src=\"https:\/\/elmundodelosnegocios.com.do\/v1\/wp-content\/uploads\/2023\/09\/000A-4-1024x683.jpg\" alt=\"\" class=\"wp-image-32090\" srcset=\"https:\/\/elmundodelosnegocios.com.do\/v1\/wp-content\/uploads\/2023\/09\/000A-4-1024x683.jpg 1024w, https:\/\/elmundodelosnegocios.com.do\/v1\/wp-content\/uploads\/2023\/09\/000A-4-300x200.jpg 300w, https:\/\/elmundodelosnegocios.com.do\/v1\/wp-content\/uploads\/2023\/09\/000A-4-768x512.jpg 768w, https:\/\/elmundodelosnegocios.com.do\/v1\/wp-content\/uploads\/2023\/09\/000A-4.jpg 1084w\" sizes=\"auto, (max-width: 1024px) 100vw, 1024px\" \/><figcaption class=\"wp-element-caption\">Desde la izquierda, el especialista Alejandro Valerio, el ministro Administrativo de la Presidencia, Jos\u00e9 Ignacio Paliza; la presidenta de Adoexpo, Elizabeth Mena y el director general de Aduanas, Eduardo Sanz Lovat\u00f3n.<\/figcaption><\/figure>\n<\/div>\n\n\n<p>Inst\u00f3 seguir creando oportunidades para lograr una mayor inserci\u00f3n del personal t\u00e9cnico calificado, al pronunciar las palabras de apertura de un almuerzo-conferencia organizado por Adoexpo, titulado \u201cAlmuerzo Competitividad log\u00edstica 2030\u201d, que tuvo como oradores al ministro Administrativo de la Presidencia, Jos\u00e9 Ignacio Paliza y el director general de Aduanas, Eduardo Sanz Lovat\u00f3n, efectuado en el hotel El Embajador.<\/p>\n\n\n\n<figure class=\"wp-block-image size-large\"><img loading=\"lazy\" decoding=\"async\" width=\"1024\" height=\"659\" src=\"https:\/\/elmundodelosnegocios.com.do\/v1\/wp-content\/uploads\/2023\/09\/000b-1024x659.jpg\" alt=\"\" class=\"wp-image-32091\" srcset=\"https:\/\/elmundodelosnegocios.com.do\/v1\/wp-content\/uploads\/2023\/09\/000b-1024x659.jpg 1024w, https:\/\/elmundodelosnegocios.com.do\/v1\/wp-content\/uploads\/2023\/09\/000b-300x193.jpg 300w, https:\/\/elmundodelosnegocios.com.do\/v1\/wp-content\/uploads\/2023\/09\/000b-768x494.jpg 768w, https:\/\/elmundodelosnegocios.com.do\/v1\/wp-content\/uploads\/2023\/09\/000b.jpg 1048w\" sizes=\"auto, (max-width: 1024px) 100vw, 1024px\" \/><figcaption class=\"wp-element-caption\">La presidente de Adoexpo, Elizabeth Mena y los miembros de la junta directiva junto al ministro Administrativo de la Presidencia, Jos\u00e9 Ignacio Paliza y el director general de Aduanas, Eduardo Sanz Lovat\u00f3n.<\/figcaption><\/figure>\n\n\n\n<p>La dirigente empresarial resalt\u00f3 que la Rep\u00fablica Dominicana lidera en la regi\u00f3n en m\u00faltiples aspectos, entre ellas cit\u00f3 la infraestructura terrestre, a\u00e9rea, mar\u00edtima y tecnol\u00f3gica, los cuales constituyen ejemplos de avances que contribuyen a enfrentar los retos del sector exportador.<\/p>\n\n\n\n<p>No obstante, Mena se\u00f1al\u00f3 que el alto costo del transporte terrestre y mar\u00edtimo, exacerbado por los efectos de la pandemia, amenaza la posici\u00f3n competitiva de nuestros productos en mercados claves; adem\u00e1s, que los tr\u00e1mites y la complejidad burocr\u00e1tica persiste en algunas instituciones oficiales, afectando negativamente la competitividad de ese sector, a pesar de los esfuerzos de \u201cBurocracia Cero\u201d y otros programas estatales.<\/p>\n\n\n\n<p>La presidenta de Adoexpo, manifest\u00f3 que una disminuci\u00f3n en el 10% de los costos de transporte podr\u00eda aumentar las exportaciones en un 30%, \u201cesto significa por igual, que menores costos del transporte aumentan la atracci\u00f3n de inversi\u00f3n extranjera, la tasa de ahorro, las exportaciones de servicios y el empleo, lo que, a su vez, impactar\u00e1 en un aumento de la competitividad\u201d, se\u00f1al\u00f3.<\/p>\n\n\n\n<p>Mena expres\u00f3 la necesidad de crear un \u201cProtocolo de Inspecci\u00f3n Conjunta\u201d, que se convierta en una herramienta esencial para agilizar el proceso exportador y salvaguardar los productos, particularmente los perecederos y aquellos que requieren de un manejo especial para ser exportados, a trav\u00e9s de colaboraciones p\u00fablico-privadas y en el marco del Comit\u00e9 Nacional de Facilitaci\u00f3n de Comercio.<\/p>\n\n\n\n<p>Revel\u00f3 que, como aporte al sector exportador, Adoexpo desarrolla en alianza con el MICM, una herramienta para facilitar la tan anhelada diversificaci\u00f3n de mercados, la cal mostrar las oportunidades que ofrecen los sectores a todo lo largo de la cadena exportadora, para aprovechar oportunidades latentes, y que se traduzcan en ganancias para todos.<\/p>\n\n\n\n<p>\u201cLa competitividad log\u00edstica es un pilar esencial para el desarrollo econ\u00f3mico y la inserci\u00f3n exitosa del pa\u00eds en el escenario internacional, que sea orquestado con una estrategia que optimice y modernice las operaciones donde el Estado juega un rol estelar en este proceso, pues de la definici\u00f3n e implementaci\u00f3n de sus pol\u00edticas depende una mayor eficientizaci\u00f3n de procesos, acercar a los consumidores a una canasta m\u00e1s diversificada de productos y mejores costes en su obtenci\u00f3n\u201d, dijo.<\/p>\n","protected":false},"excerpt":{"rendered":"<p>Santo Domingo, R. D.\u00a0septiembre 2023.&#8211;\u00a0La presidenta de la Asociaci\u00f3n Dominicana de Exportadores (Adoexpo), Elizabeth Mena, destac\u00f3 que ese sector genera m\u00e1s de un mill\u00f3n de empleos directos, indirectos e inducidos,&hellip; <\/p>\n","protected":false},"author":2,"featured_media":32090,"comment_status":"closed","ping_status":"closed","sticky":false,"template":"","format":"standard","meta":{"fifu_image_url":"","fifu_image_alt":"","footnotes":""},"categories":[74],"tags":[],"class_list":["post-32089","post","type-post","status-publish","format-standard","has-post-thumbnail","hentry","category-comercio-internacional"],"_links":{"self":[{"href":"https:\/\/elmundodelosnegocios.com.do\/v1\/wp-json\/wp\/v2\/posts\/32089","targetHints":{"allow":["GET"]}}],"collection":[{"href":"https:\/\/elmundodelosnegocios.com.do\/v1\/wp-json\/wp\/v2\/posts"}],"about":[{"href":"https:\/\/elmundodelosnegocios.com.do\/v1\/wp-json\/wp\/v2\/types\/post"}],"author":[{"embeddable":true,"href":"https:\/\/elmundodelosnegocios.com.do\/v1\/wp-json\/wp\/v2\/users\/2"}],"replies":[{"embeddable":true,"href":"https:\/\/elmundodelosnegocios.com.do\/v1\/wp-json\/wp\/v2\/comments?post=32089"}],"version-history":[{"count":0,"href":"https:\/\/elmundodelosnegocios.com.do\/v1\/wp-json\/wp\/v2\/posts\/32089\/revisions"}],"wp:featuredmedia":[{"embeddable":true,"href":"https:\/\/elmundodelosnegocios.com.do\/v1\/wp-json\/wp\/v2\/media\/32090"}],"wp:attachment":[{"href":"https:\/\/elmundodelosnegocios.com.do\/v1\/wp-json\/wp\/v2\/media?parent=32089"}],"wp:term":[{"taxonomy":"category","embeddable":true,"href":"https:\/\/elmundodelosnegocios.com.do\/v1\/wp-json\/wp\/v2\/categories?post=32089"},{"taxonomy":"post_tag","embeddable":true,"href":"https:\/\/elmundodelosnegocios.com.do\/v1\/wp-json\/wp\/v2\/tags?post=32089"}],"curies":[{"name":"wp","href":"https:\/\/api.w.org\/{rel}","templated":true}]}}