{"id":3209,"date":"2021-01-16T10:58:24","date_gmt":"2021-01-16T15:28:24","guid":{"rendered":"http:\/\/elmundodelosnegocios.com.do\/v1\/?p=3209"},"modified":"2021-01-16T10:58:28","modified_gmt":"2021-01-16T15:28:28","slug":"infotep-reiniciara-docencia-el-primero-de-febrero-con-plataforma-virtual","status":"publish","type":"post","link":"https:\/\/elmundodelosnegocios.com.do\/v1\/infotep-reiniciara-docencia-el-primero-de-febrero-con-plataforma-virtual\/","title":{"rendered":"INFOTEP reiniciar\u00e1 docencia el primero de febrero con plataforma virtual"},"content":{"rendered":"\n<p><strong>Santo Domingo.-<\/strong>El Instituto Nacional de Formaci\u00f3n T\u00e9cnico Profesional (Infotep) reiniciar\u00e1 este primero de febrero las labores docentes en todo el pa\u00eds en beneficio de m\u00e1s de 500 mil participantes que recibir\u00e1n capacitaci\u00f3n en distintas disciplinas.<\/p>\n\n\n\n<p>El director general del INFOTEP, Rafael Santos Bad\u00eda, inform\u00f3 que la instituci\u00f3n retomar\u00e1 sus labores docentes con una potente plataforma que permitir\u00e1 la capacitaci\u00f3n virtual en la mayor\u00eda de las acciones formativas.<\/p>\n\n\n\n<p>Santos Bad\u00eda indic\u00f3 que las carreras duras, aquellas que requieren pr\u00e1cticas obligatorias en los talleres, como las de las \u00e1reas de construcci\u00f3n, mec\u00e1nica, entre otras, ser\u00e1n impartidas en modalidad semi-presencial, bajo un estricto protocolo de salud que permita el distanciamiento f\u00edsico de los participantes y el cumplimiento de las medidas de prevenci\u00f3n del COVID19.<\/p>\n\n\n\n<p>Mientras que las carreras blandas de las \u00e1reas de servicios, administrativas entre otras, ser\u00e1n impartidas en su totalidad de manera virtual.<\/p>\n\n\n\n<p>Santos Bad\u00eda adelant\u00f3 que bajo la modalidad virtual, el INFOTEP pondr\u00e1 a disposici\u00f3n de los participantes talleres simulados con realidad virtual, en los que podr\u00e1n llevar a cabo pr\u00e1cticas a distancia en las acciones formativas que as\u00ed lo permitan.<\/p>\n\n\n\n<p>En septiembre del 2020 el director general del INFOTEP dio inicio al Plan de Alineamiento de la Formaci\u00f3n T\u00e9cnico Profesional Virtual y Semipresencial frente al Covid19, el cual contemplaba beneficiar en su primera etapa Septiembre-Diciembre a unos 59,220 participantes, sin embargo esa meta fue superada y&nbsp; el alcance fue de 77,010 participantes a nivel nacional, representando en t\u00e9rminos porcentuales un avance del 114%.<\/p>\n\n\n\n<p>Para el a\u00f1o 2021, el INFOTEP ha programado impartir 30 mil 122 acciones formativas, que permitir\u00e1n atender a 544 mil 399 participantes.<\/p>\n\n\n\n<p>A trav\u00e9s del Servicio Apoyo a la Productividad, proyecta asistir a 3 mil 250 empresas en sus diferentes categor\u00edas y sectores de la producci\u00f3n nacional.<\/p>\n\n\n\n<p>Santos Bad\u00eda indic\u00f3 que el Centro de Formaci\u00f3n Virtual tendr\u00e1 un papel protag\u00f3nico y sus servicios ser\u00e1n expandidos hacia todas las Gerencias Regionales y hacia el sector empresarial, lo que representar\u00e1 una mayor cobertura, debido a que hasta hace poco s\u00f3lo cubr\u00eda a la Gerencia Regional Central, en Santo Domingo.<\/p>\n\n\n\n<p><strong>El INFOTEP formar\u00e1 a los trabajadores que construir\u00e1n viviendas del programa Familia Feliz<\/strong><\/p>\n\n\n\n<p>El director general del \u00f3rgano rector de la formaci\u00f3n t\u00e9cnica profesional, anunci\u00f3 adem\u00e1s que el INFOTEP formar\u00e1 a los trabajadores del&nbsp;el Plan Nacional de Viviendas Familia Feliz anunciado recientemente por el presidente Luis Abinader.<\/p>\n\n\n\n<p>Santos Bad\u00eda indic\u00f3 que se reunir\u00e1 con los representantes del sector construcci\u00f3n para canalizar los mecanismos de capacitaci\u00f3n del capital humano que desarrollar\u00e1 el proyecto.<\/p>\n\n\n\n<p>En la ejecuci\u00f3n del proyecto, que dar\u00e1 amplias facilidades de adquirir una vivienda propia a las familias dominicanas, laborar\u00e1n unos 27 mil trabajadores.<\/p>\n","protected":false},"excerpt":{"rendered":"<p>Santo Domingo.-El Instituto Nacional de Formaci\u00f3n T\u00e9cnico Profesional (Infotep) reiniciar\u00e1 este primero de febrero las labores docentes en todo el pa\u00eds en beneficio de m\u00e1s de 500 mil participantes que&hellip; <\/p>\n","protected":false},"author":2,"featured_media":3210,"comment_status":"open","ping_status":"open","sticky":false,"template":"","format":"standard","meta":{"fifu_image_url":"","fifu_image_alt":"","footnotes":""},"categories":[151],"tags":[],"class_list":["post-3209","post","type-post","status-publish","format-standard","has-post-thumbnail","hentry","category-gerencia"],"_links":{"self":[{"href":"https:\/\/elmundodelosnegocios.com.do\/v1\/wp-json\/wp\/v2\/posts\/3209","targetHints":{"allow":["GET"]}}],"collection":[{"href":"https:\/\/elmundodelosnegocios.com.do\/v1\/wp-json\/wp\/v2\/posts"}],"about":[{"href":"https:\/\/elmundodelosnegocios.com.do\/v1\/wp-json\/wp\/v2\/types\/post"}],"author":[{"embeddable":true,"href":"https:\/\/elmundodelosnegocios.com.do\/v1\/wp-json\/wp\/v2\/users\/2"}],"replies":[{"embeddable":true,"href":"https:\/\/elmundodelosnegocios.com.do\/v1\/wp-json\/wp\/v2\/comments?post=3209"}],"version-history":[{"count":0,"href":"https:\/\/elmundodelosnegocios.com.do\/v1\/wp-json\/wp\/v2\/posts\/3209\/revisions"}],"wp:featuredmedia":[{"embeddable":true,"href":"https:\/\/elmundodelosnegocios.com.do\/v1\/wp-json\/wp\/v2\/media\/3210"}],"wp:attachment":[{"href":"https:\/\/elmundodelosnegocios.com.do\/v1\/wp-json\/wp\/v2\/media?parent=3209"}],"wp:term":[{"taxonomy":"category","embeddable":true,"href":"https:\/\/elmundodelosnegocios.com.do\/v1\/wp-json\/wp\/v2\/categories?post=3209"},{"taxonomy":"post_tag","embeddable":true,"href":"https:\/\/elmundodelosnegocios.com.do\/v1\/wp-json\/wp\/v2\/tags?post=3209"}],"curies":[{"name":"wp","href":"https:\/\/api.w.org\/{rel}","templated":true}]}}