{"id":32121,"date":"2023-09-07T09:27:07","date_gmt":"2023-09-07T13:57:07","guid":{"rendered":"https:\/\/elmundodelosnegocios.com.do\/v1\/?p=32121"},"modified":"2023-09-07T09:27:08","modified_gmt":"2023-09-07T13:57:08","slug":"damac-capacita-a-colaboradores-en-evaluacion-de-tecnologias-en-salud-para-eficientizar-servicio-a-mas-de-16530-pacientes","status":"publish","type":"post","link":"https:\/\/elmundodelosnegocios.com.do\/v1\/damac-capacita-a-colaboradores-en-evaluacion-de-tecnologias-en-salud-para-eficientizar-servicio-a-mas-de-16530-pacientes\/","title":{"rendered":"DAMAC capacita a colaboradores en Evaluaci\u00f3n de Tecnolog\u00edas en Salud, para eficientizar servicio a m\u00e1s de 16,530 pacientes"},"content":{"rendered":"\n<p>Santo Domingo.- La&nbsp;<strong>Direcci\u00f3n de Acceso a Medicamentos de Alto Costo<\/strong>&nbsp;<strong>(DAMAC)<\/strong>, del&nbsp;<strong>Ministerio de Salud P\u00fablica (MSP)<\/strong>, realiz\u00f3 el taller Evaluaci\u00f3n de Tecnolog\u00edas en Salud, dirigido a colaboradores, con el objetivo de&nbsp;<strong>ampliar sus conocimientos<\/strong>&nbsp;sobre esa \u00e1rea, mejorar m\u00e1s los procesos, hacer&nbsp;<strong>m\u00e1s eficiente<\/strong>&nbsp;la provisi\u00f3n de f\u00e1rmacos a su m\u00e1s de&nbsp;<strong>16,530 pacientes<\/strong>&nbsp;y continuar incluyendo a otros.&nbsp;&nbsp;<\/p>\n\n\n<div class=\"wp-block-image\">\n<figure class=\"aligncenter size-large\"><img loading=\"lazy\" decoding=\"async\" width=\"1024\" height=\"576\" src=\"https:\/\/elmundodelosnegocios.com.do\/v1\/wp-content\/uploads\/2023\/09\/000A-5-1024x576.jpg\" alt=\"\" class=\"wp-image-32122\" srcset=\"https:\/\/elmundodelosnegocios.com.do\/v1\/wp-content\/uploads\/2023\/09\/000A-5-1024x576.jpg 1024w, https:\/\/elmundodelosnegocios.com.do\/v1\/wp-content\/uploads\/2023\/09\/000A-5-300x169.jpg 300w, https:\/\/elmundodelosnegocios.com.do\/v1\/wp-content\/uploads\/2023\/09\/000A-5-768x432.jpg 768w, https:\/\/elmundodelosnegocios.com.do\/v1\/wp-content\/uploads\/2023\/09\/000A-5.jpg 1300w\" sizes=\"auto, (max-width: 1024px) 100vw, 1024px\" \/><\/figure>\n<\/div>\n\n\n<p>La directora de Damac,&nbsp;<strong>doctora Karen Cepeda,<\/strong>&nbsp;consider\u00f3 que con la capacitaci\u00f3n se busca, adem\u00e1s, que los colaboradores reciban una mayor preparaci\u00f3n para&nbsp;<strong>desempe\u00f1ar una mejor labor<\/strong>&nbsp;en el organismo y emplear de una forma m\u00e1s eficaz los&nbsp;<strong>RD 8,000&nbsp;<\/strong>millones, erogados este a\u00f1o por el Gobierno del presidente&nbsp;<strong>Luis Abinader,&nbsp;<\/strong>para la adquisici\u00f3n de f\u00e1rmacos de alto costo, a trav\u00e9s de Salud P\u00fablica.&nbsp;&nbsp;<\/p>\n\n\n\n<p>En el taller, impartido por la&nbsp;<strong>Universidad del Bosque<\/strong>, de Colombia, con el auspicio de la&nbsp;<strong>Federaci\u00f3n Centroamericana y del Caribe de Laboratorios Farmac\u00e9uticos<\/strong>&nbsp;(Fedefarma), fueron tratados y analizados a profundidad, mediante conferencias de alto nivel y ejercicios, los temas: resultados cl\u00ednicos y financieros, criterios de priorizaci\u00f3n, acceso, an\u00e1lisis de costo-efectividad y tecnolog\u00edas sanitarias, as\u00ed como herramientas, t\u00e9cnicas y procesos para&nbsp;<strong>mejorar las compras de medicamentos<\/strong>.&nbsp;&nbsp;<\/p>\n\n\n\n<p>Cepeda indic\u00f3 que, con esa y otras&nbsp;<strong>capacitaciones recibidas<\/strong>&nbsp;por los colaboradores de Damac este a\u00f1o, se busca&nbsp;<strong>impactar de manera positiva<\/strong>&nbsp;a los pacientes del Programa de Medicamentos de Alto Costo y continuar con el proceso de<strong>&nbsp;inclusi\u00f3n<\/strong>&nbsp;de otros.&nbsp;&nbsp;<\/p>\n\n\n\n<p><em>\u201cAgradecemos al personal de Damac su motivaci\u00f3n de continuar en aprendizaje constante y apegado a la gesti\u00f3n de cambio\u201d, agreg\u00f3.&nbsp;&nbsp;<\/em><\/p>\n\n\n\n<figure class=\"wp-block-image\"><img decoding=\"async\" src=\"https:\/\/presidencia.gob.do\/sites\/default\/files\/inline-images\/IMG-20230830-WA0077.jpg\" alt=\"\"\/><\/figure>\n\n\n\n<p>En el taller Evaluaci\u00f3n de Tecnolog\u00edas en Salud tambi\u00e9n participaron<strong>, Leandro Villanueva<\/strong>, director general de Medicamentos, Alimentos y Productos Sanitarios (<strong>DIGEMAPS<\/strong>);&nbsp;<strong>Yesenia D\u00edaz<\/strong>, directora de Aseguramiento de la Superintendencia de Salud y Riesgos Laborales&nbsp;<strong>(SISALRIL),<\/strong>&nbsp;y otros colaboradores de esos organismos y del&nbsp;<strong>Viceministerio de Fortalecimiento y Desarrollo del Sector Salud.&nbsp;&nbsp;<\/strong><\/p>\n\n\n\n<p>Por otro lado, la representante de la Junta Directiva y la gerente Pa\u00eds de Fedefarma,&nbsp;<strong>Mar\u00eda Jos\u00e9 S\u00e1nchez<\/strong>&nbsp;y&nbsp;<strong>Meris Francisco<\/strong>, respectivamente, as\u00ed como el director de postgrado en Gerencia de Marketing de la Universidad del Bosque,&nbsp;<strong>H\u00e9ctor Hoyos<\/strong>, expresaron su satisfacci\u00f3n por&nbsp;<strong>contribuir con la capacitaci\u00f3n<\/strong>&nbsp;de colaboradores del sistema de salud de&nbsp;<strong>Rep\u00fablica Dominicana.<\/strong><\/p>\n","protected":false},"excerpt":{"rendered":"<p>Santo Domingo.- La&nbsp;Direcci\u00f3n de Acceso a Medicamentos de Alto Costo&nbsp;(DAMAC), del&nbsp;Ministerio de Salud P\u00fablica (MSP), realiz\u00f3 el taller Evaluaci\u00f3n de Tecnolog\u00edas en Salud, dirigido a colaboradores, con el objetivo de&nbsp;ampliar&hellip; <\/p>\n","protected":false},"author":2,"featured_media":32122,"comment_status":"closed","ping_status":"closed","sticky":false,"template":"","format":"standard","meta":{"fifu_image_url":"","fifu_image_alt":"","footnotes":""},"categories":[80],"tags":[],"class_list":["post-32121","post","type-post","status-publish","format-standard","has-post-thumbnail","hentry","category-salud"],"_links":{"self":[{"href":"https:\/\/elmundodelosnegocios.com.do\/v1\/wp-json\/wp\/v2\/posts\/32121","targetHints":{"allow":["GET"]}}],"collection":[{"href":"https:\/\/elmundodelosnegocios.com.do\/v1\/wp-json\/wp\/v2\/posts"}],"about":[{"href":"https:\/\/elmundodelosnegocios.com.do\/v1\/wp-json\/wp\/v2\/types\/post"}],"author":[{"embeddable":true,"href":"https:\/\/elmundodelosnegocios.com.do\/v1\/wp-json\/wp\/v2\/users\/2"}],"replies":[{"embeddable":true,"href":"https:\/\/elmundodelosnegocios.com.do\/v1\/wp-json\/wp\/v2\/comments?post=32121"}],"version-history":[{"count":0,"href":"https:\/\/elmundodelosnegocios.com.do\/v1\/wp-json\/wp\/v2\/posts\/32121\/revisions"}],"wp:featuredmedia":[{"embeddable":true,"href":"https:\/\/elmundodelosnegocios.com.do\/v1\/wp-json\/wp\/v2\/media\/32122"}],"wp:attachment":[{"href":"https:\/\/elmundodelosnegocios.com.do\/v1\/wp-json\/wp\/v2\/media?parent=32121"}],"wp:term":[{"taxonomy":"category","embeddable":true,"href":"https:\/\/elmundodelosnegocios.com.do\/v1\/wp-json\/wp\/v2\/categories?post=32121"},{"taxonomy":"post_tag","embeddable":true,"href":"https:\/\/elmundodelosnegocios.com.do\/v1\/wp-json\/wp\/v2\/tags?post=32121"}],"curies":[{"name":"wp","href":"https:\/\/api.w.org\/{rel}","templated":true}]}}