{"id":32127,"date":"2023-09-07T09:33:11","date_gmt":"2023-09-07T14:03:11","guid":{"rendered":"https:\/\/elmundodelosnegocios.com.do\/v1\/?p=32127"},"modified":"2023-09-07T09:33:12","modified_gmt":"2023-09-07T14:03:12","slug":"promovera-republica-dominicana-sus-atractivos-en-feria-turistica-en-belgica","status":"publish","type":"post","link":"https:\/\/elmundodelosnegocios.com.do\/v1\/promovera-republica-dominicana-sus-atractivos-en-feria-turistica-en-belgica\/","title":{"rendered":"Promover\u00e1 Republica Dominicana sus atractivos en feria tur\u00edstica en B\u00e9lgica"},"content":{"rendered":"\n<p>En la actividad se busca ofertar nuestro cat\u00e1logo tur\u00edstico, como el mejor destino del Caribe<\/p>\n\n\n\n<p>El c\u00f3nsul general de Rep\u00fablica Dominicana en la ciudad de Amberes, B\u00e9lgica, Carlos George, inform\u00f3 que todo est\u00e1 listo para el desarrollo de la feria tur\u00edstica Belgium Dominicana, la cual se celebrar\u00e1 del 10 al 12 de septiembre.<\/p>\n\n\n<div class=\"wp-block-image\">\n<figure class=\"aligncenter size-full\"><img loading=\"lazy\" decoding=\"async\" width=\"1024\" height=\"683\" src=\"https:\/\/elmundodelosnegocios.com.do\/v1\/wp-content\/uploads\/2023\/09\/000b-1.jpg\" alt=\"\" class=\"wp-image-32128\" srcset=\"https:\/\/elmundodelosnegocios.com.do\/v1\/wp-content\/uploads\/2023\/09\/000b-1.jpg 1024w, https:\/\/elmundodelosnegocios.com.do\/v1\/wp-content\/uploads\/2023\/09\/000b-1-300x200.jpg 300w, https:\/\/elmundodelosnegocios.com.do\/v1\/wp-content\/uploads\/2023\/09\/000b-1-768x512.jpg 768w\" sizes=\"auto, (max-width: 1024px) 100vw, 1024px\" \/><\/figure>\n<\/div>\n\n\n<p>Expres\u00f3 que el objetivo\u202fdel evento es brindar una oportunidad \u00fanica a empresarios y emprendedores para expandir su alcance\u202fen nuevos mercados y establecer contactos comerciales de calidad entre Rep\u00fablica Dominicana y\u202fB\u00e9lgica.<\/p>\n\n\n\n<p>El diplom\u00e1tico dijo adem\u00e1s que en la actividad se busca ofertar nuestro cat\u00e1logo tur\u00edstico, como el mejor destino del Caribe por los atractivos que posee el pa\u00eds, ha sido nuestra carta de presentaci\u00f3n para ser reconocido y valorado como uno de los mejores del mundo\u00bb.<\/p>\n\n\n\n<p>Indic\u00f3 que la feria abarca una amplia gama de sectores comerciales, como alimentos y bebidas, turismo, cultura, gastronom\u00eda, sector agropecuario, tecnolog\u00eda, servicios financieros, energ\u00eda renovable, industria manufacturera, moda y textiles, entre otros.<\/p>\n\n\n\n<p>\u201cEl evento est\u00e1 dirigida a empresarios, emprendedores, inversores, proveedores y compradores interesados en establecer contactos comerciales de calidad entre RD y\u202fB\u00e9lgica\u201d, se\u00f1al\u00f3 George.<\/p>\n\n\n\n<p>Sostuvo que es un evento importante para aquellos que buscan expandir su alcance a nuevos mercados, explorar nuevas oportunidades de negocios, establecer alianzas comerciales y descubrir nuevos productos y servicios.<\/p>\n\n\n\n<p>\u201cLo relevante de dicho tipo de actividades, adem\u00e1s que es una iniciativa del Consulado que no ha sido realizada por ning\u00fan otro diplom\u00e1tico del pa\u00eds en el extranjero, es que se convierte en una promoci\u00f3n de nuestra industria, la cultura y el turismo\u201d, manifest\u00f3.<\/p>\n\n\n\n<p>Recalco qu\u00e9 actividades como esta deben ser replicadas en cada uno de los consulados, pues como diplom\u00e1ticos debe ser una de las tareas m\u00e1s importantes que tiene que aplicar, a fin de promover nuestro pa\u00eds en cada naci\u00f3n que estemos representados.<\/p>\n","protected":false},"excerpt":{"rendered":"<p>En la actividad se busca ofertar nuestro cat\u00e1logo tur\u00edstico, como el mejor destino del Caribe El c\u00f3nsul general de Rep\u00fablica Dominicana en la ciudad de Amberes, B\u00e9lgica, Carlos George, inform\u00f3&hellip; <\/p>\n","protected":false},"author":2,"featured_media":32128,"comment_status":"closed","ping_status":"closed","sticky":false,"template":"","format":"standard","meta":{"fifu_image_url":"","fifu_image_alt":"","footnotes":""},"categories":[172],"tags":[],"class_list":["post-32127","post","type-post","status-publish","format-standard","has-post-thumbnail","hentry","category-turismo"],"_links":{"self":[{"href":"https:\/\/elmundodelosnegocios.com.do\/v1\/wp-json\/wp\/v2\/posts\/32127","targetHints":{"allow":["GET"]}}],"collection":[{"href":"https:\/\/elmundodelosnegocios.com.do\/v1\/wp-json\/wp\/v2\/posts"}],"about":[{"href":"https:\/\/elmundodelosnegocios.com.do\/v1\/wp-json\/wp\/v2\/types\/post"}],"author":[{"embeddable":true,"href":"https:\/\/elmundodelosnegocios.com.do\/v1\/wp-json\/wp\/v2\/users\/2"}],"replies":[{"embeddable":true,"href":"https:\/\/elmundodelosnegocios.com.do\/v1\/wp-json\/wp\/v2\/comments?post=32127"}],"version-history":[{"count":0,"href":"https:\/\/elmundodelosnegocios.com.do\/v1\/wp-json\/wp\/v2\/posts\/32127\/revisions"}],"wp:featuredmedia":[{"embeddable":true,"href":"https:\/\/elmundodelosnegocios.com.do\/v1\/wp-json\/wp\/v2\/media\/32128"}],"wp:attachment":[{"href":"https:\/\/elmundodelosnegocios.com.do\/v1\/wp-json\/wp\/v2\/media?parent=32127"}],"wp:term":[{"taxonomy":"category","embeddable":true,"href":"https:\/\/elmundodelosnegocios.com.do\/v1\/wp-json\/wp\/v2\/categories?post=32127"},{"taxonomy":"post_tag","embeddable":true,"href":"https:\/\/elmundodelosnegocios.com.do\/v1\/wp-json\/wp\/v2\/tags?post=32127"}],"curies":[{"name":"wp","href":"https:\/\/api.w.org\/{rel}","templated":true}]}}