{"id":32160,"date":"2023-09-09T03:06:12","date_gmt":"2023-09-09T07:36:12","guid":{"rendered":"https:\/\/elmundodelosnegocios.com.do\/v1\/index.php\/2023\/09\/09\/resumen-la-camara-internacional-de-dubai-inaugura-en-milan-su-segunda-oficina-de-representacion-europea\/"},"modified":"2023-09-09T03:06:12","modified_gmt":"2023-09-09T07:36:12","slug":"resumen-la-camara-internacional-de-dubai-inaugura-en-milan-su-segunda-oficina-de-representacion-europea","status":"publish","type":"post","link":"https:\/\/elmundodelosnegocios.com.do\/v1\/resumen-la-camara-internacional-de-dubai-inaugura-en-milan-su-segunda-oficina-de-representacion-europea\/","title":{"rendered":"Resumen: La C\u00e1mara Internacional de Dub\u00e1i inaugura en Mil\u00e1n su segunda oficina de representaci\u00f3n europea"},"content":{"rendered":"<p>DUBAI, Emiratos \u00c1rabes Unidos&#8211;(BUSINESS WIRE)&#8211;La C\u00e1mara Internacional de Dub\u00e1i, una de las tres c\u00e1maras que operan bajo el paraguas de Dubai Chambers, ha inaugurado una nueva oficina de representaci\u00f3n en Mil\u00e1n para impulsar el comercio y la inversi\u00f3n entre Dubai e Italia. La apertura refuerza la presencia de la c\u00e1mara en Europa tras la inauguraci\u00f3n de su oficina de Londres en junio y ampl\u00eda su creciente red de oficinas de representaci\u00f3n internacionales a 23 en todo el mundo.<br \/>\nEn la ceremonia oficial de inauguraci\u00f3n de la oficina de Mil\u00e1n participaron Naser Al Khaja, encargado de negocios de la Embajada de los EAU en Italia, y Salem Al Shamsi, vicepresidente de Mercados Globales de Dubai Chambers, en presencia de distinguidos representantes de la comunidad empresarial italiana.<br \/>\nEl comunicado en el idioma original es la versi\u00f3n oficial y autorizada del mismo. Esta traducci\u00f3n es solamente un medio de ayuda y deber\u00e1 ser comparada con el texto en idioma original, que es la \u00fanica versi\u00f3n del texto que tendr\u00e1 validez legal. Contacts<br \/>\nMohamad Mouzehem<br \/>\nTel: +97142028537<br \/>\nCorreo electr\u00f3nico: mohamad.mouzehem@dubaichamber.com<\/p>\n","protected":false},"excerpt":{"rendered":"<p>DUBAI, Emiratos \u00c1rabes Unidos&#8211;(BUSINESS WIRE)&#8211;La C\u00e1mara Internacional de Dub\u00e1i, una de las tres c\u00e1maras que operan bajo el paraguas de Dubai Chambers, ha inaugurado una nueva oficina de representaci\u00f3n en&hellip; <\/p>\n","protected":false},"author":2,"featured_media":32161,"comment_status":"closed","ping_status":"closed","sticky":false,"template":"","format":"standard","meta":{"fifu_image_url":"","fifu_image_alt":"","footnotes":""},"categories":[252],"tags":[253],"class_list":["post-32160","post","type-post","status-publish","format-standard","has-post-thumbnail","hentry","category-business-wire","tag-business-wire"],"_links":{"self":[{"href":"https:\/\/elmundodelosnegocios.com.do\/v1\/wp-json\/wp\/v2\/posts\/32160","targetHints":{"allow":["GET"]}}],"collection":[{"href":"https:\/\/elmundodelosnegocios.com.do\/v1\/wp-json\/wp\/v2\/posts"}],"about":[{"href":"https:\/\/elmundodelosnegocios.com.do\/v1\/wp-json\/wp\/v2\/types\/post"}],"author":[{"embeddable":true,"href":"https:\/\/elmundodelosnegocios.com.do\/v1\/wp-json\/wp\/v2\/users\/2"}],"replies":[{"embeddable":true,"href":"https:\/\/elmundodelosnegocios.com.do\/v1\/wp-json\/wp\/v2\/comments?post=32160"}],"version-history":[{"count":0,"href":"https:\/\/elmundodelosnegocios.com.do\/v1\/wp-json\/wp\/v2\/posts\/32160\/revisions"}],"wp:featuredmedia":[{"embeddable":true,"href":"https:\/\/elmundodelosnegocios.com.do\/v1\/wp-json\/wp\/v2\/media\/32161"}],"wp:attachment":[{"href":"https:\/\/elmundodelosnegocios.com.do\/v1\/wp-json\/wp\/v2\/media?parent=32160"}],"wp:term":[{"taxonomy":"category","embeddable":true,"href":"https:\/\/elmundodelosnegocios.com.do\/v1\/wp-json\/wp\/v2\/categories?post=32160"},{"taxonomy":"post_tag","embeddable":true,"href":"https:\/\/elmundodelosnegocios.com.do\/v1\/wp-json\/wp\/v2\/tags?post=32160"}],"curies":[{"name":"wp","href":"https:\/\/api.w.org\/{rel}","templated":true}]}}