{"id":32419,"date":"2023-09-21T09:34:23","date_gmt":"2023-09-21T14:04:23","guid":{"rendered":"https:\/\/elmundodelosnegocios.com.do\/v1\/?p=32419"},"modified":"2023-09-21T09:34:25","modified_gmt":"2023-09-21T14:04:25","slug":"dominicana-sera-sede-reunion-regional-entre-reguladores-energia","status":"publish","type":"post","link":"https:\/\/elmundodelosnegocios.com.do\/v1\/dominicana-sera-sede-reunion-regional-entre-reguladores-energia\/","title":{"rendered":"Dominicana ser\u00e1 sede reuni\u00f3n regional entre reguladores energ\u00eda"},"content":{"rendered":"\n<p>SANTO DOMINGO, R.D. Septiembre 21, 2023.- La Superintendencia de Electricidad (SIE) anunci\u00f3 que Rep\u00fablica Dominicana ser\u00e1 el anfitri\u00f3n de la XXIV reuni\u00f3n anual que lleva a cabo la Asociaci\u00f3n de Reguladores de Energ\u00eda de Iberoam\u00e9rica y el Caribe -ARIAE-, en la cual discutir\u00e1n y trazar\u00e1n la ruta regulatoria hacia la transici\u00f3n energ\u00e9tica en la regi\u00f3n.<\/p>\n\n\n<div class=\"wp-block-image\">\n<figure class=\"aligncenter size-full\"><img loading=\"lazy\" decoding=\"async\" width=\"990\" height=\"707\" src=\"https:\/\/elmundodelosnegocios.com.do\/v1\/wp-content\/uploads\/2023\/09\/Superintendencia-de-electricidad..jpg\" alt=\"\" class=\"wp-image-32420\" srcset=\"https:\/\/elmundodelosnegocios.com.do\/v1\/wp-content\/uploads\/2023\/09\/Superintendencia-de-electricidad..jpg 990w, https:\/\/elmundodelosnegocios.com.do\/v1\/wp-content\/uploads\/2023\/09\/Superintendencia-de-electricidad.-300x214.jpg 300w, https:\/\/elmundodelosnegocios.com.do\/v1\/wp-content\/uploads\/2023\/09\/Superintendencia-de-electricidad.-768x548.jpg 768w\" sizes=\"auto, (max-width: 990px) 100vw, 990px\" \/><\/figure>\n<\/div>\n\n\n<p>El evento se realizar\u00e1 del 11 al 15 de diciembre en Punta Cana, y contar\u00e1 con la asistencia de expertos en el sector de energ\u00eda, representantes de organismos internacionales que trabajan el tema y altos funcionarios gubernamentales, quienes participar\u00e1n en paneles de discusi\u00f3n, presentaciones, mesas redondas y conferencias.<\/p>\n\n\n\n<p>En el marco del evento, se realizar\u00e1 adem\u00e1s el 1er Foro Empresarial ARIAE, en el cual la industria presentar\u00e1 las tecnolog\u00edas de producci\u00f3n de energ\u00eda y su integraci\u00f3n en el sistema el\u00e9ctrico como orientaci\u00f3n principal, el cual permitir\u00e1 que se generen a\u00fan m\u00e1s oportunidades de networking para sus participantes.<\/p>\n\n\n\n<p>\u201cLa reuni\u00f3n anual de la ARIAE es un instrumento de relacionamiento valioso para la regi\u00f3n porque en \u00e9l se intercambian experiencias, se comparten conocimientos, se analizan tendencias y potenciales retos o amenazas en torno al sector energ\u00e9tico. Esto permite que los pa\u00edses cuenten con fuentes leg\u00edtimas de informaci\u00f3n para el dise\u00f1o de pol\u00edticas y planes m\u00e1s efectivos en torno al tema\u201d, expres\u00f3 al respecto Andr\u00e9s Astacio, superintendente de electricidad.<\/p>\n\n\n\n<p>El funcionario tambi\u00e9n consider\u00f3 que la elecci\u00f3n del pa\u00eds como sede de este encuentro le permite posicionarse como un actor relevante en el tema en cuesti\u00f3n y como un socio de valor para colaboraciones futuras entre pa\u00edses que beneficien al sector energ\u00e9tico nacional y a la sostenibilidad econ\u00f3mica.<\/p>\n\n\n\n<p>La XXIV reuni\u00f3n anual de la ARIAE promete abordar temas tan relevantes para el sector como la integraci\u00f3n de las fuentes renovables, la eficiencia, la seguridad, y por supuesto, buscar\u00e1 el intercambio de impresiones respecto a pr\u00e1cticas \u00f3ptimas de la regulaci\u00f3n energ\u00e9tica, entre otros.<\/p>\n\n\n\n<p>La organizaci\u00f3n del evento por parte de las autoridades energ\u00e9ticas nacionales est\u00e1 alineada con la estrategia nacional de promover a Rep\u00fablica Dominicana como destino ideal de congresos en la regi\u00f3n.<\/p>\n","protected":false},"excerpt":{"rendered":"<p>SANTO DOMINGO, R.D. Septiembre 21, 2023.- La Superintendencia de Electricidad (SIE) anunci\u00f3 que Rep\u00fablica Dominicana ser\u00e1 el anfitri\u00f3n de la XXIV reuni\u00f3n anual que lleva a cabo la Asociaci\u00f3n de&hellip; <\/p>\n","protected":false},"author":2,"featured_media":32420,"comment_status":"closed","ping_status":"closed","sticky":false,"template":"","format":"standard","meta":{"fifu_image_url":"","fifu_image_alt":"","footnotes":""},"categories":[182],"tags":[],"class_list":["post-32419","post","type-post","status-publish","format-standard","has-post-thumbnail","hentry","category-energia"],"_links":{"self":[{"href":"https:\/\/elmundodelosnegocios.com.do\/v1\/wp-json\/wp\/v2\/posts\/32419","targetHints":{"allow":["GET"]}}],"collection":[{"href":"https:\/\/elmundodelosnegocios.com.do\/v1\/wp-json\/wp\/v2\/posts"}],"about":[{"href":"https:\/\/elmundodelosnegocios.com.do\/v1\/wp-json\/wp\/v2\/types\/post"}],"author":[{"embeddable":true,"href":"https:\/\/elmundodelosnegocios.com.do\/v1\/wp-json\/wp\/v2\/users\/2"}],"replies":[{"embeddable":true,"href":"https:\/\/elmundodelosnegocios.com.do\/v1\/wp-json\/wp\/v2\/comments?post=32419"}],"version-history":[{"count":0,"href":"https:\/\/elmundodelosnegocios.com.do\/v1\/wp-json\/wp\/v2\/posts\/32419\/revisions"}],"wp:featuredmedia":[{"embeddable":true,"href":"https:\/\/elmundodelosnegocios.com.do\/v1\/wp-json\/wp\/v2\/media\/32420"}],"wp:attachment":[{"href":"https:\/\/elmundodelosnegocios.com.do\/v1\/wp-json\/wp\/v2\/media?parent=32419"}],"wp:term":[{"taxonomy":"category","embeddable":true,"href":"https:\/\/elmundodelosnegocios.com.do\/v1\/wp-json\/wp\/v2\/categories?post=32419"},{"taxonomy":"post_tag","embeddable":true,"href":"https:\/\/elmundodelosnegocios.com.do\/v1\/wp-json\/wp\/v2\/tags?post=32419"}],"curies":[{"name":"wp","href":"https:\/\/api.w.org\/{rel}","templated":true}]}}