{"id":3250,"date":"2021-01-18T17:05:38","date_gmt":"2021-01-18T21:35:38","guid":{"rendered":"http:\/\/elmundodelosnegocios.com.do\/v1\/?p=3250"},"modified":"2021-01-18T17:05:43","modified_gmt":"2021-01-18T21:35:43","slug":"celebraran-feria-virtual-sostenibilidad-turismo-gastronomia-sanidad-y-movilidad","status":"publish","type":"post","link":"https:\/\/elmundodelosnegocios.com.do\/v1\/celebraran-feria-virtual-sostenibilidad-turismo-gastronomia-sanidad-y-movilidad\/","title":{"rendered":"Celebraran Feria Virtual Sostenibilidad turismo, gastronom\u00eda, sanidad y movilidad"},"content":{"rendered":"\n<p>M\u00e1s del 86% de las empresas espa\u00f1olas reconocen estar comprometidas por las directrices que marca Naciones Unidas a trav\u00e9s de los Objetivos de Desarrollo Sostenible. Un porcentaje que sigue aumentando a\u00f1o tras a\u00f1o no solo para dar respuesta a la legislaci\u00f3n vigente sino a la responsabilidad del tejido empresarial por controlar el impacto de sus actividades en el planeta.<\/p>\n\n\n\n<p>En este contexto, Padcelona, empresa dedicada a desarrollo de productos digitales para eventos y Manat\u00eds, agencia de comunicaci\u00f3n, organizan la <a href=\"https:\/\/www.stonethrowtrade.com\/programa\/\">I Feria Virtual Sostenibilidad<\/a> que se celebrar\u00e1 entre los d\u00edas 24 y 26 de febrero.<\/p>\n\n\n\n<p>Este evento, que se celebrar\u00e1 en la plataforma ubelong, contar\u00e1 no solo con streamings en directo para las 27 ponencias agendadas sino tambi\u00e9n acceso a reuniones de networking, a los stands y al resto de contenido descargable planificado.<\/p>\n\n\n\n<p>Con esta feria pretenden centrarse en cuatro sectores: turismo, gastronom\u00eda, sanidad y movilidad. Estos, son los que m\u00e1s est\u00e1n trabajando en dar el salto a lo sostenible, reinvent\u00e1ndose, en el contexto del Pacto Verde Europeo, a trav\u00e9s de la digitalizaci\u00f3n.<\/p>\n\n\n\n<p>\u201c<em>Lo que buscamos es dar voz a estos sectores y plantear entre todos las v\u00edas de mejora necesarias. No solo est\u00e1 enfocado al p\u00fablico profesional, sino que tambi\u00e9n el p\u00fablico general podr\u00e1 participar desde Espa\u00f1a o Latinoam\u00e9rica en las citas para entender a fondo el esfuerzo y la necesidad de dar el salto hacia una nueva forma de negocio y de entender el papel de los principales sectores que mueven la econom\u00eda<\/em>\u201d explican los organizadores.<\/p>\n\n\n\n<p>El objetivo es informar, explorar y poner a prueba las ideas de sostenibilidad presentes en estos cuatro sectores, para conseguir mayores conocimientos, contactos y experiencias, poniendo una vez m\u00e1s nuestra confianza en los expertos en de las distintas \u00e1reas.<\/p>\n\n\n\n<p>Temas como el consumo \u00e9tico, la sostenibilidad como estrategia rentable, la movilidad personal sostenible, turismo y viajes sostenibles, la calidad de producto, la sanidad en urgencias o los cambios de la industria ser\u00e1n solo algunos de los temas que se tratar\u00e1n para dar a conocer cu\u00e1les son las principales tendencias y cambios que ir\u00e1n instaur\u00e1ndose en los mencionados sectores para cumplir con un reto como es el de la \u00e9tica empresarial en t\u00e9rminos de medioambiente.<\/p>\n","protected":false},"excerpt":{"rendered":"<p>M\u00e1s del 86% de las empresas espa\u00f1olas reconocen estar comprometidas por las directrices que marca Naciones Unidas a trav\u00e9s de los Objetivos de Desarrollo Sostenible. Un porcentaje que sigue aumentando&hellip; <\/p>\n","protected":false},"author":2,"featured_media":3251,"comment_status":"open","ping_status":"open","sticky":false,"template":"","format":"standard","meta":{"fifu_image_url":"","fifu_image_alt":"","footnotes":""},"categories":[32],"tags":[],"class_list":["post-3250","post","type-post","status-publish","format-standard","has-post-thumbnail","hentry","category-eventos"],"_links":{"self":[{"href":"https:\/\/elmundodelosnegocios.com.do\/v1\/wp-json\/wp\/v2\/posts\/3250","targetHints":{"allow":["GET"]}}],"collection":[{"href":"https:\/\/elmundodelosnegocios.com.do\/v1\/wp-json\/wp\/v2\/posts"}],"about":[{"href":"https:\/\/elmundodelosnegocios.com.do\/v1\/wp-json\/wp\/v2\/types\/post"}],"author":[{"embeddable":true,"href":"https:\/\/elmundodelosnegocios.com.do\/v1\/wp-json\/wp\/v2\/users\/2"}],"replies":[{"embeddable":true,"href":"https:\/\/elmundodelosnegocios.com.do\/v1\/wp-json\/wp\/v2\/comments?post=3250"}],"version-history":[{"count":0,"href":"https:\/\/elmundodelosnegocios.com.do\/v1\/wp-json\/wp\/v2\/posts\/3250\/revisions"}],"wp:featuredmedia":[{"embeddable":true,"href":"https:\/\/elmundodelosnegocios.com.do\/v1\/wp-json\/wp\/v2\/media\/3251"}],"wp:attachment":[{"href":"https:\/\/elmundodelosnegocios.com.do\/v1\/wp-json\/wp\/v2\/media?parent=3250"}],"wp:term":[{"taxonomy":"category","embeddable":true,"href":"https:\/\/elmundodelosnegocios.com.do\/v1\/wp-json\/wp\/v2\/categories?post=3250"},{"taxonomy":"post_tag","embeddable":true,"href":"https:\/\/elmundodelosnegocios.com.do\/v1\/wp-json\/wp\/v2\/tags?post=3250"}],"curies":[{"name":"wp","href":"https:\/\/api.w.org\/{rel}","templated":true}]}}