{"id":32505,"date":"2023-09-25T11:32:36","date_gmt":"2023-09-25T16:02:36","guid":{"rendered":"https:\/\/elmundodelosnegocios.com.do\/v1\/?p=32505"},"modified":"2023-09-25T11:32:38","modified_gmt":"2023-09-25T16:02:38","slug":"articulo-el-salvador-renace","status":"publish","type":"post","link":"https:\/\/elmundodelosnegocios.com.do\/v1\/articulo-el-salvador-renace\/","title":{"rendered":"ARTICULO: El Salvador Renace"},"content":{"rendered":"\n<div style=\"max-width:500px; display: flex; column-gap: 1rem;\" align-items:=\"\" center;=\"\">\n<div id=\"img-autor\">\n<img decoding=\"async\" style=\"border: 1px solid #8c8f94; border-radius: 3px; padding: 3px; max-width: 110px;\" src=\"http:\/\/elmundodelosnegocios.com.do\/v1\/wp-content\/uploads\/2023\/09\/Virgilio-Malagon-150.jpg\" alt=\"Autor\">\n<\/div>\n<div id=\"texto-autor\">\n<p style=\"margin-bottom: 0.5rem;\">Por: Dr. Virgilio M. Malag\u00f3n \u00c1lvarez, PhD<\/p>\n<p><small>virgiliomalagonalvarez@gmail.com<\/small><\/p>\n<p>Para \u00abEl Mundo de los Negocios\u00bb y dem\u00e1s Multimedios de The Ballester Business &amp; Media Group, Inc.<\/p>\n<\/div>\n<\/div>\n\n\n\n<p>Amigo Lector:<\/p>\n\n\n\n<p>El pasado 19 de Septiembre, el Presidente del Salvador, su excelencia Nayib Armando Bukele, se dirigi\u00f3 a la Septuag\u00e9sima Octava Asamblea de las Naciones Unidas en la Ciudad de Nueva York.<\/p>\n\n\n<div class=\"wp-block-image\">\n<figure class=\"aligncenter size-full\"><img loading=\"lazy\" decoding=\"async\" width=\"922\" height=\"586\" src=\"http:\/\/elmundodelosnegocios.com.do\/v1\/wp-content\/uploads\/2022\/02\/Virgilio-Malagon.jpg\" alt=\"\" class=\"wp-image-14536\" srcset=\"https:\/\/elmundodelosnegocios.com.do\/v1\/wp-content\/uploads\/2022\/02\/Virgilio-Malagon.jpg 922w, https:\/\/elmundodelosnegocios.com.do\/v1\/wp-content\/uploads\/2022\/02\/Virgilio-Malagon-300x191.jpg 300w, https:\/\/elmundodelosnegocios.com.do\/v1\/wp-content\/uploads\/2022\/02\/Virgilio-Malagon-768x488.jpg 768w\" sizes=\"auto, (max-width: 922px) 100vw, 922px\" \/><\/figure>\n<\/div>\n\n\n<p>Fue un discurso revestido de franqueza y contundencia, en lo relativo al rol de las naciones y el desarrollo interno de estas.<\/p>\n\n\n\n<p>El carisma de este Mandatario es excepcional y ha permeado en la Clase Media de muchos pa\u00edses de America Latina.<\/p>\n\n\n\n<p>Su impronta presidencial ha sido muy contundente en lo relativo a la seguridad ciudadana, bienestar p\u00fablico y garant\u00edas de libre tr\u00e1nsito, por donde antes, NI siquiera los salvadore\u00f1os, se atrev\u00edan transitar.<\/p>\n\n\n\n<p>Su discurso, ante este variopinto c\u00f3nclave, cumpli\u00f3 su prop\u00f3sito: El Salvador Renace.<\/p>\n\n\n\n<p><strong>I-Paso a presentar los aspectos m\u00e1s significativos del discurso, como meta mensajes:<\/strong><\/p>\n\n\n\n<p>1-En su introducci\u00f3n volvi\u00f3 a reafirmar sus valores de familia unida, al agradecer la presencia de su esposa Gabriel y su hija Laila.<\/p>\n\n\n\n<p>2-Enfatizo en la necesidad que tenemos de renovarnos y de reinventarnos y no se refer\u00eda solo a la ONU sino a todos los pa\u00edses, sobre todo a los que tienen circunstancias similares al Salvador.<\/p>\n\n\n\n<p>3-Luego, continu\u00f3: \u201cEl Salvador al igual que muchos pa\u00edses en v\u00edas de desarrollo, siempre ha so\u00f1ado, con ser grande. Sin embargo, para algunos pa\u00edses ese sue\u00f1o en alg\u00fan momento pudo haber sido&nbsp; posible pero para otros, como el nuestro eso siempre fue algo impensable; no cre\u00edamos que fuera posible ni siquiera acercarnos a esto, incluso creo que ninguna persona,&nbsp; que est\u00e1 escuchando este discurso, pens\u00f3 que alguna vez pod\u00eda pronunciar o escuchar el nombre del Salvador como referente mundial de algo positivo, pero a pesar de todos los obst\u00e1culos, decidimos arriesgarnos\u201d.<\/p>\n\n\n\n<p>4-En seguida agreg\u00f3: \u201cNo aceptamos el destino que otros nos hab\u00edan trazado. Hoy, a cuatro a\u00f1os de nuestro gobierno, nadie se atreve ni siquiera a negar que por primera vez, en nuestros dos a\u00f1os de historia, el pa\u00eds m\u00e1s peque\u00f1o del continente ha dado los primeros grandes pasos para lograr su sue\u00f1o de Grandeza\u201d.<\/p>\n\n\n\n<p>5-Luego: \u201cEn muy poco tiempo, El Salvador pas\u00f3 de ser la capital mundial de los homicidios a ser el pa\u00eds m\u00e1s seguro de Am\u00e9rica Latina; cualquier extranjero puede ir a comprobar por s\u00ed mismo esta realidad\u201d.<\/p>\n\n\n\n<p>6-Sigui\u00f3 enfatizando que: \u201cMuchos en el mundo est\u00e1n pendientes de lo que ocurre en nuestro pa\u00eds, sobre todo en Latinoam\u00e9rica, pero tambi\u00e9n en Estados Unidos y en otras partes ven lo que sucede en el Salvador y se preguntan: \u00bfPor qu\u00e9 no puede pasar lo mismo en nuestros pa\u00edses?\u201d.&nbsp;<\/p>\n\n\n\n<p>7-Respondiendo a esta pregunta , enfatiz\u00f3: \u201cLa respuesta es Clara y es sencilla, deben tomar sus propias decisiones y deben reafirmar su derecho a usar el sentido com\u00fan, aprobar sus propias recetas y ejecutar sus propios planes, y dise\u00f1ar sus propios sistemas\u201d.&nbsp;<\/p>\n\n\n\n<p>8-En el rengl\u00f3n siguiente defendi\u00f3 la soberan\u00eda Nacional al acentuar: \u201cNing\u00fan pa\u00eds tiene el derecho de imponer sus ideas ni de imponerle su forma de hacer las cosas a otros, menos cuando estas formas ni siquiera funcionan en nuestros pa\u00edses. En cada una de las decisiones que hemos tomado Nosotros hemos reafirmado nuestro derecho leg\u00edtimo a autogobernarnos, aunque eso hubiera significado Equivocarse. Pero no nos equivocamos tuvimos \u00e9xito un \u00e9xito rotundo. As\u00ed que no solo reafirmamos nuestro derecho a tomar nuestras propias decisiones, sino tambi\u00e9n, nuestro derecho a tener la raz\u00f3n\u201d.<\/p>\n\n\n\n<p>9-Como receta aplicable, aconcej\u00f3: \u201cNo hay ni una sola receta ni f\u00f3rmula que funcione para todos por igual, pero s\u00ed creo que hay un ingrediente que todas las recetas deber\u00edan incluir, o al menos deber\u00edan tener el derecho de incluirlo: Ese ingrediente es la valent\u00eda. Hay que tener la actitud el valor y la determinaci\u00f3n de hacer lo que se debe de hacer, aun cuando otros te cuestionen, y te critiquen\u201d.<\/p>\n\n\n\n<p><strong>II-Otros temas puntuales abordados en el Discurso:<\/strong><\/p>\n\n\n\n<p>1-Desde el punto de la geopol\u00edtica, el Presidente Bukele fue enf\u00e1tico al denunciar: \u201cDurante d\u00e9cadas probamos todos los que nos dijeron que era lo mejor para nosotros: a)-nos pusieron a luchar una guerra civil por una causa ajena a nuestra realidad y b)-llevaron el conflicto entre occidente y la uni\u00f3n sovi\u00e9tica a nuestra tierra\u201d.<\/p>\n\n\n\n<p><strong>NOTA<\/strong>: \u201cM\u00e1s de 85.000 Muertos despu\u00e9s y un pa\u00eds destruido despu\u00e9s de todo eso nos dijeron que esa ya no era la receta que ahora hab\u00eda una nueva receta. Nos hicieron firmar unos acuerdos de paz falsos, que de paz no ten\u00edan nada y que solo sirvieron para que los dos bandos de la guerra se repartieran el bot\u00edn\u201d.<\/p>\n\n\n\n<p>2-Agreg\u00f3: \u201cIntentamos con cada f\u00f3rmula que nos dieron y nada funcion\u00f3. Despu\u00e9s, amparados bajo poderes extranjeros, le entregamos el pa\u00eds a la derecha y luego, amparados tambi\u00e9n por agentes externos, le dimos el poder a la izquierda. As\u00ed nos mantuvieron durante 30 a\u00f1os de postguerra, donde hubo m\u00e1s muertes que en la guerra civil y m\u00e1s pobreza y m\u00e1s violencia que en toda nuestra vida republicana\u201d.<\/p>\n\n\n\n<p>3-Tremendo Puntillazo: \u201cNadie hizo nada por cambiar de ra\u00edz el sistema ni las instituciones ni mucho menos las leyes, todo lo que ocurri\u00f3 durante esos a\u00f1os se hizo con el respaldo, el financiamiento, la anuencia y la imposici\u00f3n de quienes siempre se han de autodenominado grandes Defensores de los derechos humanos y de la institucionalidad democr\u00e1tica. Ellos en lugar de darnos la medicina para sanar nos estaban dando un veneno al pretender que sigui\u00e9ramos haciendo lo mismo que se hizo en el pasado. Los mismos que nos hab\u00edan saqueado y que nos hab\u00edan masacrado y quer\u00edan seguir gobernando o, compartiendo el poder\u201d.<\/p>\n\n\n\n<p>4-En este segmento reafirma su vocaci\u00f3n de cristiandad: \u201cPero esta vez les dijimos que no. En primer lugar rechazamos el veneno y tomamos, por primera vez, nuestra propia medicina. Gracias a Dios funcion\u00f3 asegur\u00e1ndonos de estar del lado de Dios y del pueblo, porque ninguna transformaci\u00f3n, que valga la pena, puede ejecutarse solamente obedeciendo poderes externos. En segundo lugar, creamos nuestro propio m\u00e9todo, dise\u00f1ado para nuestra realidad, en base a lo que vivimos, en carne propia, esa realidad aberrante. Luego el pueblo salvadore\u00f1o nos dio dos votos de confianza\u201d:&nbsp;<\/p>\n\n\n\n<p>5-Aqu\u00ed resalta el apoyo del pueblo salvadore\u00f1o a su impronta presidencial: \u201cEl primer voto, fue cuando me eligieron como su presidente. El segundo, fue cuando decidieron darnos, a trav\u00e9s del \u00f3rgano legislativo, la gobernabilidad ampliada. Este apoyo nos indic\u00f3 que ten\u00edamos una obligaci\u00f3n con el pueblo. Todas las decisiones que hac\u00edan falta, para arreglar nuestro problema m\u00e1s urgente, la inseguridad, deb\u00edan ser tomadas de inmediato\u201d.<\/p>\n\n\n\n<p>6-En este segmento agrega un componente judicial que tambi\u00e9n podr\u00edamos aprender de El: \u201cDe poco hubieran servido los esfuerzos que est\u00e1bamos haciendo, para mejorar la salud y&nbsp; la econom\u00eda, si segu\u00edan matando nuestra gente y los jueces y Fiscales dejaban libres a los asesinos y ladrones corruptos; de poco serv\u00eda transformar la educaci\u00f3n si desde las mismas c\u00e1rceles, las pandillas daban \u00f3rdenes para matar, cobardemente, a nuestra ni\u00f1ez y reclutar, forzosamente, a nuestra juventud\u201d.<\/p>\n\n\n\n<p>7-La din\u00e1mica de la ejecuci\u00f3n de las medidas y el entorno que tuvo que enfrentar Bukele: cito,<\/p>\n\n\n\n<p>a)- \u201cNo pod\u00edamos dedicarnos a invertir millones de d\u00f3lares en construir una infraestructura Vial si los salvadore\u00f1os no pod\u00edan caminar libremente por esas<\/p>\n\n\n\n<p>calles.<\/p>\n\n\n\n<p>b)- \u201cTomamos la decisi\u00f3n de depurar el Ministerio P\u00fablico, la Fiscal\u00eda, el \u00d3rgano Judicial y el Sistema Carcelario.<\/p>\n\n\n\n<p>c)- \u201cAdem\u00e1s, cambiamos las leyes para asegurarnos de que los terroristas no salieran de nuevo de la c\u00e1rcel y fue en ese momento cuando comenzaron las condenas internacionales\u201d.<\/p>\n\n\n\n<p><strong>NOTA:<\/strong> \u201cAlgunos medios de comunicaci\u00f3n y algunos expertos, iniciaron un ataque&nbsp; sistem\u00e1tico contra cada una de las decisiones que tom\u00e1bamos. Personas que nunca usaron su poder y su influencia, para exigir seguridad por nuestra gente asesinada, de pronto estaban en contra de nuestras decisiones\u201d.<\/p>\n\n\n\n<p>d)-Ante esta penosa actitud PROGRE, Bukele les se\u00f1al\u00f3: \u201dPara detener la masacre, pa\u00edses que nunca condenaron al asesinato de 30 a 40 y hasta cincuenta salvadore\u00f1os por d\u00eda, de pronto nos exig\u00edan explicaciones de por qu\u00e9 cambi\u00e1bamos a los fiscales, a los magistrados o a los jueces\u201d.<\/p>\n\n\n\n<p>e)-Al ejercer su prerrogativa de Jefe de Estado. Puntualiz\u00f3:\u201d\u00bfNo les parece absurdo que nos cuestionaran de qui\u00e9n es la responsabilidad de mantener una pol\u00edtica de seguridad interna en cualquier pa\u00eds del mundo? Esa responsabilidad es del Gobierno, del \u00d3rgano Ejecutivo, a trav\u00e9s de las fuerzas de seguridad del Estado y del Sistema Penitenciario\u201d.<\/p>\n\n\n\n<p>f)-Contin\u00faa: \u201cLa cooperaci\u00f3n con el Ministerio P\u00fablico con la fiscal\u00eda y con el \u00f3rgano judicial, era una condici\u00f3n indispensable. Todos ten\u00edan que trabajar&nbsp; articulados y alineados hacia un mismo lado para que el plan funcionara\u201d.&nbsp;<\/p>\n\n\n\n<p>g)-De ah\u00ed que, enfatiz\u00f3: \u201cSi hubi\u00e9semos dejado el mismo Fiscal General anterior, si hubi\u00e9semos dejado a los magistrados de la sala anterior, si hubi\u00e9semos dejado a los jueces (que muchos protegieron y quienes hasta emitieron condenas cuando los removimos), seguir\u00edamos siendo la capital mundial de los asesinatos\u201d.<\/p>\n\n\n\n<p><strong>NOTA:<\/strong> \u201cEl Salvador compite con Canad\u00e1 por ser el pa\u00eds m\u00e1s seguro de todo el continente, no solo somos el pa\u00eds de Am\u00e9rica Latina con menos homicidios per c\u00e1pita, sino que tambi\u00e9n hemos reducido todos los delitos al m\u00ednimo. La gente ya puede caminar por las calles que, por mucho tiempo, estuvieron prohibidas por las pandillas. Los negocios ya no ya no pagan extorsiones, los ni\u00f1os ahora pueden salir a jugar a los parques sin miedo a que los recluten o los maten\u201d.<\/p>\n\n\n\n<p><strong>III-Los resultados positivos de la impronta presidencial.<\/strong><\/p>\n\n\n\n<p>1-Solo este a\u00f1o el Salvador recibi\u00f3 miles de atletas en los juegos centroamericanos y del caribe.<\/p>\n\n\n\n<p>2-Acaban de firmar un acuerdo con Google para digitalizar el estado y servicios como la educaci\u00f3n y la salud.<\/p>\n\n\n\n<p>3-Ha aumentado la cartera de inversiones en el turismo y zonas francas , reflejando un estado de derecho estable y en crecimiento.<\/p>\n\n\n\n<p>4-muchos salvadore\u00f1os en el exterior, que pasaron a\u00f1os sin poder volver a su tierra,&nbsp; ahora est\u00e1n viniendo a invertir&nbsp; en el pa\u00eds y tienen planes para regresar definitivamente.<\/p>\n\n\n\n<p>5-La econom\u00eda salvadore\u00f1a ha experimentado un despunte formidable, al crear nuevas fuentes de trabajo, de infraestructura vial, solidez de su entorno financiero y un aumento del empoderamiento ciudadano que avala el estado de derecho que hoy se vive all\u00ed.<\/p>\n\n\n\n<p>En resumen, cuando los gobernantes oyen a sus pueblos e interpretan realmente su sentir, estos gobernantes act\u00faan c\u00f3nsonamente con una visi\u00f3n de estado coherente, firme y contundente. Tan es el caso de la hermana republica del salvador, hoy d\u00eda.<\/p>\n","protected":false},"excerpt":{"rendered":"<p>Amigo Lector: El pasado 19 de Septiembre, el Presidente del Salvador, su excelencia Nayib Armando Bukele, se dirigi\u00f3 a la Septuag\u00e9sima Octava Asamblea de las Naciones Unidas en la Ciudad&hellip; <\/p>\n","protected":false},"author":2,"featured_media":14536,"comment_status":"closed","ping_status":"closed","sticky":false,"template":"","format":"standard","meta":{"fifu_image_url":"","fifu_image_alt":"","footnotes":""},"categories":[233,235],"tags":[],"class_list":["post-32505","post","type-post","status-publish","format-standard","has-post-thumbnail","hentry","category-articulo","category-politica-exterior"],"_links":{"self":[{"href":"https:\/\/elmundodelosnegocios.com.do\/v1\/wp-json\/wp\/v2\/posts\/32505","targetHints":{"allow":["GET"]}}],"collection":[{"href":"https:\/\/elmundodelosnegocios.com.do\/v1\/wp-json\/wp\/v2\/posts"}],"about":[{"href":"https:\/\/elmundodelosnegocios.com.do\/v1\/wp-json\/wp\/v2\/types\/post"}],"author":[{"embeddable":true,"href":"https:\/\/elmundodelosnegocios.com.do\/v1\/wp-json\/wp\/v2\/users\/2"}],"replies":[{"embeddable":true,"href":"https:\/\/elmundodelosnegocios.com.do\/v1\/wp-json\/wp\/v2\/comments?post=32505"}],"version-history":[{"count":0,"href":"https:\/\/elmundodelosnegocios.com.do\/v1\/wp-json\/wp\/v2\/posts\/32505\/revisions"}],"wp:featuredmedia":[{"embeddable":true,"href":"https:\/\/elmundodelosnegocios.com.do\/v1\/wp-json\/wp\/v2\/media\/14536"}],"wp:attachment":[{"href":"https:\/\/elmundodelosnegocios.com.do\/v1\/wp-json\/wp\/v2\/media?parent=32505"}],"wp:term":[{"taxonomy":"category","embeddable":true,"href":"https:\/\/elmundodelosnegocios.com.do\/v1\/wp-json\/wp\/v2\/categories?post=32505"},{"taxonomy":"post_tag","embeddable":true,"href":"https:\/\/elmundodelosnegocios.com.do\/v1\/wp-json\/wp\/v2\/tags?post=32505"}],"curies":[{"name":"wp","href":"https:\/\/api.w.org\/{rel}","templated":true}]}}