{"id":32507,"date":"2023-09-25T12:58:38","date_gmt":"2023-09-25T17:28:38","guid":{"rendered":"https:\/\/elmundodelosnegocios.com.do\/v1\/?p=32507"},"modified":"2023-09-25T12:58:41","modified_gmt":"2023-09-25T17:28:41","slug":"producciones-de-siete-paises-en-la-cartelera-del-fite-rd-2023","status":"publish","type":"post","link":"https:\/\/elmundodelosnegocios.com.do\/v1\/producciones-de-siete-paises-en-la-cartelera-del-fite-rd-2023\/","title":{"rendered":"Producciones de siete pa\u00edses en la cartelera del FITE RD 2023"},"content":{"rendered":"\n<p>Santo Domingo.-&nbsp;<strong>Siete pa\u00edses y una representaci\u00f3n de actores de Puerto Rico<\/strong>&nbsp;participar\u00e1n en el XI Festival Internacional de Teatro RD 2023&nbsp;<strong>(FITE RD 2023),<\/strong>&nbsp;que se desarrollar\u00e1 del 20 al 30 de octubre y cuya sede ser\u00e1 la ciudad de&nbsp;<strong>Santiago de los Caballeros.<\/strong><\/p>\n\n\n\n<figure class=\"wp-block-image size-large\"><img decoding=\"async\" src=\"https:\/\/presidencia.gob.do\/sites\/default\/files\/styles\/large\/public\/news\/2023-09\/FITE%202023%20se%20desarrollar%C3%A1%20del%2020%20al%2030%20de%20octubre%20y%20cuya%20sede%20ser%C3%A1%20la%20ciudad%20de%20Santiago%20de%20los%20Caballeros.JPG?itok=X5AyQ8tR\" alt=\"\"\/><\/figure>\n\n\n\n<p>As\u00ed, compa\u00f1\u00edas de&nbsp;<strong>Argentina, Cuba, Espa\u00f1a, Estados Unidos, M\u00e9xico, Per\u00fa y Colombia<\/strong>, pa\u00eds invitado de honor, presentar\u00e1n&nbsp;<strong>17 producciones&nbsp;<\/strong>con un contenido para todos los p\u00fablicos.<\/p>\n\n\n\n<p><strong>Matacandelas<\/strong>, el reconocido colectivo teatral colombiano, es el&nbsp;<strong>invitado especial<\/strong>&nbsp;del festival.<\/p>\n\n\n\n<p>La cartelera internacional del FITE RD 2023 se abre con&nbsp;<strong>\u201cAl pie del T\u00e1mesis\u201d, una<\/strong>&nbsp;<strong>obra de Mario Vargas Llosa<\/strong>, dirigida y producida por Mario Ernesto S\u00e1nchez, del Teatro Avante, de Miami, sobre quien ha reca\u00eddo la&nbsp;<strong>dedicatoria internacional de este evento cultural.<\/strong><\/p>\n\n\n\n<p>Esta pieza teatral aborda&nbsp;<strong>temas sociales como el machismo y la homofobia<\/strong>. Sustentada en personajes de la vida real, la trama gira alrededor de un imprevisible encuentro en un hotel londinense en el que los protagonistas (un hombre y una mujer) se enfrentan a los traumas del pasado.<\/p>\n\n\n\n<p>Para el p\u00fablico familiar e infantil, el reconocido Colectivo Teatral Matacandelas, de Colombia, presenta&nbsp;<strong>\u201cBlanca Nieves. El embrujo de la manzana\u201d<\/strong>. Basada en el famoso cuento de los hermanos Grimm, la compa\u00f1\u00eda mostrar\u00e1 el mundo de Blanca Nieves, una muchacha inocente y divertida que regresa a la aventura para compartir un trozo de zozobra y, entre m\u00fasica y cantos, una gran dosis de risas y alegr\u00edas. La obra est\u00e1 dirigida por Crist\u00f3bal Pel\u00e1ez y Diego S\u00e1nchez, con dramaturgia de Pel\u00e1ez junto con Juan David Toro, y producci\u00f3n de Mar\u00eda Camila Alvis.<\/p>\n\n\n\n<figure class=\"wp-block-image\"><img decoding=\"async\" src=\"https:\/\/presidencia.gob.do\/sites\/default\/files\/inline-images\/Producciones%20de%20siete%20pa%C3%ADses%20en%20la%20cartelera%20del%20FITE%20RD%202023.JPG\" alt=\"\"\/><\/figure>\n\n\n\n<p>De su lado,&nbsp;<strong>Jabr\u00fa, compa\u00f1\u00eda de t\u00edteres de Colombia, ofrecer\u00e1 \u201cClownti<\/strong>\u201d, la historia de un ni\u00f1o que, solo y un poco triste, decide abrir la maleta de sus sue\u00f1os. Su sorpresa es grande al darse cuenta de que all\u00ed est\u00e1n todas las cosas bonitas que su padre se pon\u00eda para convertirse en el mejor payaso del circo. La direcci\u00f3n y dramaturgia son de Jorge Andr\u00e9 Librero Lopera y la producci\u00f3n de Natalia Eugenia Duque.<\/p>\n\n\n\n<p>\u201c<strong>Viaje sonoro\u201d, de Jos\u00e9 Luis Guti\u00e9rrez (Capit\u00e1n Corchea), de Espa\u00f1a<\/strong>, es otra propuesta infantil. Se trata de un espect\u00e1culo en solitario que mezcla m\u00fasica y otras artes esc\u00e9nicas, con el amor como tema de fondo. El Capit\u00e1n Corchea es un explorador sonoro que recorre el mundo en busca de los secretos del sonido. La direcci\u00f3n, dramaturgia y producci\u00f3n est\u00e1n a cargo del propio Jos\u00e9 Luis Guti\u00e9rrez Jim\u00e9nez.<\/p>\n\n\n\n<p>Asimismo, elencos de&nbsp;<strong>Espa\u00f1a, Argentina, Colombia, M\u00e9xico, Per\u00fa y la Rep\u00fablica Dominicana<\/strong>, bajo la direcci\u00f3n de Gigio Giraldo, de la&nbsp;<strong>compa\u00f1\u00eda Espont\u00e1neo<\/strong>, subir\u00e1n a las tablas con&nbsp;<strong>siete producciones<\/strong>, en un despliegue de creatividad y trabajo en equipo que dar\u00e1 vida al teatro de improvisaci\u00f3n.<\/p>\n\n\n\n<p>Por su parte,&nbsp;<strong>Aguij\u00f3n Theater, de Chicago,&nbsp;<\/strong>presentar\u00e1<strong>&nbsp;\u201cCintas de seda\u201d,<\/strong>&nbsp;una pieza que explora el rol de la mujer en una sociedad agobiante y machista a trav\u00e9s de dos \u00edconos de la cultura mexicana y universal:&nbsp;<strong>Frida Kahlo y Sor Juana In\u00e9s de la Cruz. Muertas<\/strong>, estas dos figuras se unen en un di\u00e1logo imposible donde los fantasmas, alucinaciones e im\u00e1genes del pasado se hacen presentes desde la muerte, en una representaci\u00f3n po\u00e9tica de la vida.<\/p>\n\n\n\n<p>En la tragicomedia&nbsp;<strong>\u201cMe mato el 24\u201d<\/strong>, de la&nbsp;<strong>Corporaci\u00f3n Cultural y Art\u00edstica Teatriados, de Colombia,<\/strong>&nbsp;dos hermanas de avanzada edad deciden darse muerte el 24 de diciembre a las 12 de la noche, en una acci\u00f3n suicida-homicida. Marta y Noem\u00ed, encerradas en su vieja casa, ven transcurrir las horas esperando el ritual que a\u00f1o tras a\u00f1o intentan infructuosamente: darse muerte mutuamente. Diego Alexander Saldarriaga Valencia tendr\u00e1 a su cargo la direcci\u00f3n art\u00edstica, en tanto que la dramaturgia es de Gustavo Adolfo Miranda \u00c1ngel y la producci\u00f3n, de Juan Felipe Santamar\u00eda.<\/p>\n\n\n\n<p>Del mismo g\u00e9nero,&nbsp;<strong>Teatro La Luna, de Cuba,&nbsp;<\/strong>escenificar\u00e1<strong>&nbsp;\u201cMar nuestro\u201d,<\/strong>&nbsp;con la direcci\u00f3n y producci\u00f3n de Ra\u00fal Mart\u00edn R\u00edos y la dramaturgia de Alberto Pedro Torriente. En esta obra, tres mujeres naufragan en una balsa convertida en delirio. Entre anhelos, sue\u00f1os, utop\u00edas, m\u00fasica y canciones, simbolizan la di\u00e1spora sin distinci\u00f3n de razas o credos. La tragicomedia llega al paroxismo cuando se aparece la Virgen de la Caridad del Cobre.<\/p>\n\n\n\n<p>Adem\u00e1s,&nbsp;<strong>la Direcci\u00f3n de Cultura Dominicana en Nueva York&nbsp;<\/strong>presentar\u00e1 la comedia<strong>&nbsp;\u201cLa cocodrila\u201d,<\/strong>&nbsp;una pieza que trata sobre la determinaci\u00f3n.<\/p>\n\n\n\n<p>De su lado, el&nbsp;<strong>Repertorio Espa\u00f1ol, de Nueva York<\/strong>, subir\u00e1 al escenario&nbsp;<strong>\u201cLa breve y maravillosa vida de Oscar Wao\u201d,<\/strong>&nbsp;obra basada en la novela hom\u00f3nima de Junot D\u00edaz, en la cual se explora la infinita capacidad humana de perseverar y arriesgarlo todo en nombre del amor.<\/p>\n\n\n\n<p>Por su parte,&nbsp;<strong>Producciones Lastra S. L., de Espa\u00f1a<\/strong>, presentar\u00e1 el&nbsp;<strong>musical \u201cAmar<\/strong>\u201d, en el cual las palabras y la m\u00fasica invocan la alegr\u00eda de existir y, en su defensa, se\u00f1alan las fuerzas que se oponen a esa alegr\u00eda. Un viaje heterodoxo de la mano de Lorca, Santa Teresa, Benedetti, Concha Piquer, Albert Pla, Machado y Gloria Fuertes, entre otros, con composiciones ajenas y propias.<\/p>\n","protected":false},"excerpt":{"rendered":"<p>Santo Domingo.-&nbsp;Siete pa\u00edses y una representaci\u00f3n de actores de Puerto Rico&nbsp;participar\u00e1n en el XI Festival Internacional de Teatro RD 2023&nbsp;(FITE RD 2023),&nbsp;que se desarrollar\u00e1 del 20 al 30 de octubre&hellip; <\/p>\n","protected":false},"author":2,"featured_media":32509,"comment_status":"closed","ping_status":"closed","sticky":false,"template":"","format":"standard","meta":{"fifu_image_url":"https:\/\/presidencia.gob.do\/sites\/default\/files\/styles\/large\/public\/news\/2023-09\/FITE%202023%20se%20desarrollar%C3%A1%20del%2020%20al%2030%20de%20octubre%20y%20cuya%20sede%20ser%C3%A1%20la%20ciudad%20de%20Santiago%20de%20los%20Caballeros.JPG?itok=X5AyQ8tR","fifu_image_alt":"","footnotes":""},"categories":[148],"tags":[],"class_list":["post-32507","post","type-post","status-publish","format-standard","has-post-thumbnail","hentry","category-cultura"],"_links":{"self":[{"href":"https:\/\/elmundodelosnegocios.com.do\/v1\/wp-json\/wp\/v2\/posts\/32507","targetHints":{"allow":["GET"]}}],"collection":[{"href":"https:\/\/elmundodelosnegocios.com.do\/v1\/wp-json\/wp\/v2\/posts"}],"about":[{"href":"https:\/\/elmundodelosnegocios.com.do\/v1\/wp-json\/wp\/v2\/types\/post"}],"author":[{"embeddable":true,"href":"https:\/\/elmundodelosnegocios.com.do\/v1\/wp-json\/wp\/v2\/users\/2"}],"replies":[{"embeddable":true,"href":"https:\/\/elmundodelosnegocios.com.do\/v1\/wp-json\/wp\/v2\/comments?post=32507"}],"version-history":[{"count":0,"href":"https:\/\/elmundodelosnegocios.com.do\/v1\/wp-json\/wp\/v2\/posts\/32507\/revisions"}],"wp:featuredmedia":[{"embeddable":true,"href":"https:\/\/elmundodelosnegocios.com.do\/v1\/wp-json\/wp\/v2\/media\/32509"}],"wp:attachment":[{"href":"https:\/\/elmundodelosnegocios.com.do\/v1\/wp-json\/wp\/v2\/media?parent=32507"}],"wp:term":[{"taxonomy":"category","embeddable":true,"href":"https:\/\/elmundodelosnegocios.com.do\/v1\/wp-json\/wp\/v2\/categories?post=32507"},{"taxonomy":"post_tag","embeddable":true,"href":"https:\/\/elmundodelosnegocios.com.do\/v1\/wp-json\/wp\/v2\/tags?post=32507"}],"curies":[{"name":"wp","href":"https:\/\/api.w.org\/{rel}","templated":true}]}}