{"id":32564,"date":"2023-09-27T09:19:46","date_gmt":"2023-09-27T13:49:46","guid":{"rendered":"https:\/\/elmundodelosnegocios.com.do\/v1\/?p=32564"},"modified":"2023-09-27T09:19:48","modified_gmt":"2023-09-27T13:49:48","slug":"ministro-almonte-aboga-por-tecnologias-e-investigaciones-sobre-la-energia-nuclear-en-beneficio-de-la-humanidad-y-el-medio-ambiente","status":"publish","type":"post","link":"https:\/\/elmundodelosnegocios.com.do\/v1\/ministro-almonte-aboga-por-tecnologias-e-investigaciones-sobre-la-energia-nuclear-en-beneficio-de-la-humanidad-y-el-medio-ambiente\/","title":{"rendered":"Ministro Almonte aboga por tecnolog\u00edas e investigaciones sobre la energ\u00eda nuclear en beneficio de la humanidad y el medio ambiente"},"content":{"rendered":"\n<p>Santo Domingo.- El ministro de Energ\u00eda y Minas,&nbsp;<strong>Antonio Almonte,&nbsp;<\/strong>expres\u00f3 este lunes el respaldo de la Rep\u00fablica Dominicana a las&nbsp;<strong>iniciativas de la OIEA<\/strong>&nbsp;para la promoci\u00f3n de&nbsp;<strong>la paz y el di\u00e1logo en la gesti\u00f3n de conflictos y la no proliferaci\u00f3n nuclear<\/strong>, durante su intervenci\u00f3n en la&nbsp;<strong>67.\u00aa Conferencia General del Organismo Internacional de Energ\u00eda At\u00f3mica (OIEA)<\/strong>, que re\u00fane a representantes de los Estados miembros del organismo, de Estados no miembros y organizaciones invitadas.<\/p>\n\n\n<div class=\"wp-block-image\">\n<figure class=\"aligncenter size-large\"><img loading=\"lazy\" decoding=\"async\" width=\"1024\" height=\"576\" src=\"https:\/\/elmundodelosnegocios.com.do\/v1\/wp-content\/uploads\/2023\/09\/1-1-3-1024x576.jpg\" alt=\"\" class=\"wp-image-32565\" srcset=\"https:\/\/elmundodelosnegocios.com.do\/v1\/wp-content\/uploads\/2023\/09\/1-1-3-1024x576.jpg 1024w, https:\/\/elmundodelosnegocios.com.do\/v1\/wp-content\/uploads\/2023\/09\/1-1-3-300x169.jpg 300w, https:\/\/elmundodelosnegocios.com.do\/v1\/wp-content\/uploads\/2023\/09\/1-1-3-768x432.jpg 768w, https:\/\/elmundodelosnegocios.com.do\/v1\/wp-content\/uploads\/2023\/09\/1-1-3.jpg 1300w\" sizes=\"auto, (max-width: 1024px) 100vw, 1024px\" \/><\/figure>\n<\/div>\n\n\n<p>En su intervenci\u00f3n, el ministro destac\u00f3<strong>&nbsp;la importancia de salvaguardar las instalaciones, material y equipos nucleares<\/strong>, en medio de la creciente tensi\u00f3n internacional.<\/p>\n\n\n\n<p>Tambi\u00e9n resalt\u00f3 la expansi\u00f3n de la OIEA en la aplicaci\u00f3n de las&nbsp;<strong>radiaciones nucleares para la salud, la agricultura, el medio ambiente y el desarrollo energ\u00e9tico.<\/strong><\/p>\n\n\n\n<p>Al referirse a los&nbsp;<strong>beneficios para la Rep\u00fablica Dominicana&nbsp;<\/strong>que derivan de su pertenencia a esta organizaci\u00f3n, el funcionario mencion\u00f3&nbsp;<strong>la historia de cooperaci\u00f3n del OIE<\/strong>A en \u00e1reas como la radioncolog\u00eda, la medicina nuclear, la agricultura y el medioambiente. Tambi\u00e9n resalt\u00f3 el apoyo en la formaci\u00f3n de personal t\u00e9cnico y cl\u00ednico dominicano.<\/p>\n\n\n\n<p>Asimismo, agradeci\u00f3 los<strong>&nbsp;aportes al pa\u00eds<\/strong>&nbsp;para hacer frente a la crisis sanitaria provocada por el&nbsp;<strong>COVID-19<\/strong>, para controlar el brote de&nbsp;<strong>peste porcina africana<\/strong>&nbsp;y para eliminar la plaga de la mosca de las frutas o&nbsp;<strong>mosca del Mediterr\u00e1neo<\/strong>&nbsp;que da\u00f1\u00f3 seriamente la producci\u00f3n agr\u00edcola en el a\u00f1o 2017.<\/p>\n\n\n\n<p>M\u00e1s adelante, Almonte manifest\u00f3 el inter\u00e9s del pa\u00eds por las investigaciones en materia de&nbsp;<strong>nutrici\u00f3n<\/strong>, el metabolismo energ\u00e9tico para prevenir la&nbsp;<strong>obesidad<\/strong>, el desarrollo de la t\u00e9cnica para evaluar la&nbsp;<strong>digestibilidad<\/strong>&nbsp;y la utilizaci\u00f3n de las&nbsp;<strong>prote\u00ednas<\/strong>&nbsp;en la dieta de poblaciones vulnerables.<\/p>\n\n\n\n<p>Entre los temas de inter\u00e9s citados se incluy\u00f3 el desarrollo de&nbsp;<strong>nuevas tecnolog\u00edas en materia de reactores nucleares de peque\u00f1o tama\u00f1o&nbsp;<\/strong>para producir energ\u00eda. Tambi\u00e9n se refiri\u00f3 al reciente proyecto de una&nbsp;<strong>red de laboratorios de investigaci\u00f3n en Am\u00e9rica Latina y el Caribe<\/strong>&nbsp;para compartir experiencias y conocimientos en este campo.<\/p>\n\n\n\n<p><strong>El derecho a voto fue recuperado<\/strong>&nbsp;recientemente por la Rep\u00fablica Dominicana a partir de las gestiones del Gobierno y del reforzamiento de las relaciones diplom\u00e1ticas en organismos internacionales.<\/p>\n\n\n\n<p>La 67.\u00aa Conferencia General del Organismo Internacional de Energ\u00eda At\u00f3mica (OIEA) se celebra del 19 al 23 de septiembre de 2023 en Viena, Austria, para decidir sobre&nbsp;<strong>cuestiones relacionadas con la ciencia, la tecnolog\u00eda y las aplicaciones nucleares, la seguridad nuclear y radiol\u00f3gica<\/strong>, la seguridad f\u00edsica nuclear, las salvaguardas del OIEA y la cooperaci\u00f3n t\u00e9cnica. Cuenta con un foro cient\u00edfico sobre temas de actualidad en el \u00e1mbito nuclear.<\/p>\n\n\n\n<p>La Conferencia General es el \u00f3rgano supremo del OIEA y se celebra anualmente desde 1957. Su objetivo es promover el uso pac\u00edfico, seguro y responsable de la energ\u00eda nuclear en beneficio de la humanidad y el medio ambiente.<\/p>\n","protected":false},"excerpt":{"rendered":"<p>Santo Domingo.- El ministro de Energ\u00eda y Minas,&nbsp;Antonio Almonte,&nbsp;expres\u00f3 este lunes el respaldo de la Rep\u00fablica Dominicana a las&nbsp;iniciativas de la OIEA&nbsp;para la promoci\u00f3n de&nbsp;la paz y el di\u00e1logo en&hellip; <\/p>\n","protected":false},"author":2,"featured_media":32565,"comment_status":"closed","ping_status":"closed","sticky":false,"template":"","format":"standard","meta":{"fifu_image_url":"","fifu_image_alt":"","footnotes":""},"categories":[182],"tags":[],"class_list":["post-32564","post","type-post","status-publish","format-standard","has-post-thumbnail","hentry","category-energia"],"_links":{"self":[{"href":"https:\/\/elmundodelosnegocios.com.do\/v1\/wp-json\/wp\/v2\/posts\/32564","targetHints":{"allow":["GET"]}}],"collection":[{"href":"https:\/\/elmundodelosnegocios.com.do\/v1\/wp-json\/wp\/v2\/posts"}],"about":[{"href":"https:\/\/elmundodelosnegocios.com.do\/v1\/wp-json\/wp\/v2\/types\/post"}],"author":[{"embeddable":true,"href":"https:\/\/elmundodelosnegocios.com.do\/v1\/wp-json\/wp\/v2\/users\/2"}],"replies":[{"embeddable":true,"href":"https:\/\/elmundodelosnegocios.com.do\/v1\/wp-json\/wp\/v2\/comments?post=32564"}],"version-history":[{"count":0,"href":"https:\/\/elmundodelosnegocios.com.do\/v1\/wp-json\/wp\/v2\/posts\/32564\/revisions"}],"wp:featuredmedia":[{"embeddable":true,"href":"https:\/\/elmundodelosnegocios.com.do\/v1\/wp-json\/wp\/v2\/media\/32565"}],"wp:attachment":[{"href":"https:\/\/elmundodelosnegocios.com.do\/v1\/wp-json\/wp\/v2\/media?parent=32564"}],"wp:term":[{"taxonomy":"category","embeddable":true,"href":"https:\/\/elmundodelosnegocios.com.do\/v1\/wp-json\/wp\/v2\/categories?post=32564"},{"taxonomy":"post_tag","embeddable":true,"href":"https:\/\/elmundodelosnegocios.com.do\/v1\/wp-json\/wp\/v2\/tags?post=32564"}],"curies":[{"name":"wp","href":"https:\/\/api.w.org\/{rel}","templated":true}]}}