{"id":32607,"date":"2023-09-28T16:39:11","date_gmt":"2023-09-28T21:09:11","guid":{"rendered":"https:\/\/elmundodelosnegocios.com.do\/v1\/?p=32607"},"modified":"2023-09-28T16:39:12","modified_gmt":"2023-09-28T21:09:12","slug":"acuerdan-ejecucion-de-proyectos-con-el-oiea-en-materia-de-salud-agricultura-y-tecnologia","status":"publish","type":"post","link":"https:\/\/elmundodelosnegocios.com.do\/v1\/acuerdan-ejecucion-de-proyectos-con-el-oiea-en-materia-de-salud-agricultura-y-tecnologia\/","title":{"rendered":"Acuerdan ejecuci\u00f3n de proyectos con el OIEA, en materia de salud, agricultura y tecnolog\u00eda"},"content":{"rendered":"\n<p>Viena, Austria.-&nbsp;<strong>El Ministerio de Energ\u00eda y Minas de Rep\u00fablica Dominicana<\/strong>&nbsp;logr\u00f3 varios acuerdos de colaboraci\u00f3n con el&nbsp;<strong>Organismo Internacional de Energ\u00eda At\u00f3mica<\/strong>&nbsp;(OIEA), en el marco de la&nbsp;<strong>67\u00aa Conferencia General,<\/strong>&nbsp;que se celebra del 25 al 29 de este mes de septiembre,&nbsp;<strong>en Viena, Austria<\/strong>. Estos abarcan \u00e1reas de salud, agricultura y tecnolog\u00eda, y buscan&nbsp;<strong>fortalecer el desarrollo sostenible del pa\u00eds<\/strong>.<\/p>\n\n\n<div class=\"wp-block-image\">\n<figure class=\"aligncenter size-large\"><img decoding=\"async\" src=\"https:\/\/presidencia.gob.do\/sites\/default\/files\/styles\/large\/public\/news\/2023-09\/Antonio%20Almonte%20y%20Rafael%20Mariano%20Grossi%2C%20Viena.jpg?itok=snEHdiCW\" alt=\"\"\/><\/figure>\n<\/div>\n\n\n<p><strong>Alta tecnolog\u00eda contra el c\u00e1ncer, en Barahona<\/strong><\/p>\n\n\n\n<p>En la jornada, el ministro de Energ\u00eda y Minas,&nbsp;<strong>Antonio Almonte<\/strong>, sostuvo una apretada agenda de reuniones con funcionarios del organismo, incluyendo una sesi\u00f3n de trabajo, el pasado martes, con su director general, Rafael Mariano Grossi, en la que se acord\u00f3 la ampliaci\u00f3n del proyecto&nbsp;<strong>Rayos de Esperanza<\/strong>, un centro oncol\u00f3gico para la regi\u00f3n sur del pa\u00eds, que se construir\u00e1 en la provincia<strong>&nbsp;Barahona<\/strong>, con el respaldo del&nbsp;<strong>presidente Luis Abinader<\/strong>.<\/p>\n\n\n\n<p>El ministro Almonte anunci\u00f3 que el OIEA se ocupar\u00e1 de equipar el centro de salud con&nbsp;<strong>tecnolog\u00eda de \u00faltima generaci\u00f3n<\/strong>, incluyendo un acelerador lineal,;un novedoso sistema de braquiterapia ginecol\u00f3gica para el c\u00e1ncer de cuello uterino; un sistema de im\u00e1genes basado en tomograf\u00edas, y un sistema de planificaci\u00f3n computarizada para tratamientos 3D y de intensidad modulada.<\/p>\n\n\n\n<p>El OIEA tambi\u00e9n financiar\u00e1 la formaci\u00f3n especializada de los profesionales de la salud que trabajar\u00e1n en este centro, una iniciativa del ministro Antonio Almonte, quien tambi\u00e9n gestion\u00f3 el equipamiento durante una visita que realiz\u00f3 al organismo, en marzo de 2022. El proyecto tambi\u00e9n cuenta con la cooperaci\u00f3n de la&nbsp;<strong>Liga Dominicana contra el C\u00e1ncer<\/strong>, como contraparte m\u00e9dica institucional.<\/p>\n\n\n\n<p><strong>El pa\u00eds podr\u00e1 certificar equipos de radiaci\u00f3n con validez internacional<\/strong><\/p>\n\n\n\n<p>Otro de los logros obtenidos por el ministro Almonte fue la confirmaci\u00f3n del apoyo del OIEA para la creaci\u00f3n de un laboratorio secundario de dosimetr\u00eda, que permitir\u00e1 al pa\u00eds emitir certificaciones de calibraci\u00f3n de equipos de medici\u00f3n de radiaciones, con&nbsp;<strong>validez internacional<\/strong>. Este proyecto mejorar\u00e1 la calidad y seguridad de los servicios de radiaci\u00f3n que se ofrecen en el \u00e1mbito m\u00e9dico y otros sectores.<\/p>\n\n\n\n<p><strong>Beneficios para la exportaci\u00f3n agr\u00edcola<\/strong><\/p>\n\n\n\n<p>Adem\u00e1s, el director general del OIEA,&nbsp;<strong>Rafael Mariano Grossi,<\/strong>&nbsp;se comprometi\u00f3 a apoyar al Gobierno dominicano en la instalaci\u00f3n en el pa\u00eds de un&nbsp;<strong>centro de irradiaci\u00f3n multiprop\u00f3sito,<\/strong>&nbsp;para la aplicaci\u00f3n de radiaci\u00f3n ionizante a alimentos, frutas y productos perecederos, para eliminar g\u00e9rmenes y microorganismos, y prolongar la vida sana de los rubros, lo que beneficiar\u00e1 a las exportaciones agr\u00edcolas, as\u00ed como para la esterilizaci\u00f3n de equipos y materiales m\u00e9dicos usados en hospitales y cl\u00ednicas del pa\u00eds.<\/p>\n\n\n\n<p><strong>El pa\u00eds recupera el derecho a voto<\/strong><\/p>\n\n\n\n<p>Por otro lado, a partir de gestiones administrativas y diplom\u00e1ticas del Gobierno, as\u00ed como del cumplimiento de los compromisos de cuotas, la&nbsp;<strong>Rep\u00fablica Dominicana recuper\u00f3 el derecho a voto en los \u00f3rganos de decisi\u00f3n del OIEA<\/strong>. Esto permitir\u00e1 desarrollar estrategias para impulsar proyectos e iniciativas, en colaboraci\u00f3n a otros Estados miembros.<\/p>\n\n\n\n<figure class=\"wp-block-image\"><img decoding=\"async\" src=\"https:\/\/presidencia.gob.do\/sites\/default\/files\/inline-images\/Antonio%20Almonte%20y%20Rafael%20Mariano%20Grossi.jpg\" alt=\"\"\/><\/figure>\n\n\n\n<p><strong>Proyecto latinoamericano de reactores de investigaci\u00f3n<\/strong><\/p>\n\n\n\n<p>Durante las reuniones, el ministro Almonte tambi\u00e9n expres\u00f3 el inter\u00e9s de la Rep\u00fablica Dominicana en unirse al nuevo proyecto de&nbsp;<strong>Reactores de Investigaci\u00f3n de Am\u00e9rica Latina y el Caribe<\/strong>&nbsp;(RIALC), que tiene como objetivo establecer relaciones de intercambio entre los siete pa\u00edses de la regi\u00f3n que cuentan con reactores de investigaci\u00f3n capaces de producir radiof\u00e1rmacos de utilidad m\u00e9dica: Argentina, Bolivia, Brasil, Chile, Colombia, Cuba, Jamaica, M\u00e9xico y Per\u00fa. Esto fortalecer\u00eda las&nbsp;<strong>relaciones de cooperaci\u00f3n cient\u00edfica, t\u00e9cnica y gubernamental<\/strong>, permitiendo que los pa\u00edses que no producen radiof\u00e1rmacos se beneficien de esta capacidad instalada en la regi\u00f3n.<\/p>\n\n\n\n<p>Asimismo, el ministro de Energ\u00eda y Minas recalc\u00f3 la&nbsp;<strong>visi\u00f3n estrat\u00e9gica del Gobierno dominicano<\/strong>&nbsp;sobre el rol que puede desempe\u00f1ar la energ\u00eda nuclear con fines pac\u00edficos en el desarrollo sostenible de la naci\u00f3n, y que est\u00e1 dispuesto a trabajar con el OIEA para aprovechar sus beneficios en los distintos sectores. A la vez, agradeci\u00f3 el apoyo y asesoramiento t\u00e9cnico del organismo y reiter\u00f3 el compromiso del pa\u00eds con el cumplimiento de los&nbsp;<strong>est\u00e1ndares internacionales de seguridad<\/strong>&nbsp;y la no proliferaci\u00f3n nuclear.<\/p>\n\n\n\n<p><strong>Sobre la Conferencia General<\/strong><\/p>\n\n\n\n<p>La 67\u00aa conferencia general del Organismo Internacional de Energ\u00eda At\u00f3mica (OIEA) se celebra del 25 al 29 de septiembre de este mes de septiembre, en Viena, Austria, para decidir sobre cuestiones relacionadas con la ciencia, la tecnolog\u00eda y las aplicaciones nucleares; la seguridad nuclear y radiol\u00f3gica; la seguridad f\u00edsica nuclear; las salvaguardas del OIEA, y la cooperaci\u00f3n t\u00e9cnica. Cuenta con un foro cient\u00edfico sobre temas de actualidad en el \u00e1mbito nuclear.<\/p>\n\n\n\n<p>La conferencia general es el \u00f3rgano supremo del OIEA y se celebra anualmente desde 1957. Su objetivo es&nbsp;<strong>promover el uso pac\u00edfico, seguro y responsable de la energ\u00eda nuclear,<\/strong>&nbsp;en beneficio de la humanidad y el medio ambiente.<\/p>\n","protected":false},"excerpt":{"rendered":"<p>Viena, Austria.-&nbsp;El Ministerio de Energ\u00eda y Minas de Rep\u00fablica Dominicana&nbsp;logr\u00f3 varios acuerdos de colaboraci\u00f3n con el&nbsp;Organismo Internacional de Energ\u00eda At\u00f3mica&nbsp;(OIEA), en el marco de la&nbsp;67\u00aa Conferencia General,&nbsp;que se celebra del&hellip; <\/p>\n","protected":false},"author":2,"featured_media":32609,"comment_status":"closed","ping_status":"closed","sticky":false,"template":"","format":"standard","meta":{"fifu_image_url":"https:\/\/presidencia.gob.do\/sites\/default\/files\/styles\/large\/public\/news\/2023-09\/Antonio%20Almonte%20y%20Rafael%20Mariano%20Grossi%2C%20Viena.jpg?itok=snEHdiCW","fifu_image_alt":"","footnotes":""},"categories":[235],"tags":[],"class_list":["post-32607","post","type-post","status-publish","format-standard","has-post-thumbnail","hentry","category-politica-exterior"],"_links":{"self":[{"href":"https:\/\/elmundodelosnegocios.com.do\/v1\/wp-json\/wp\/v2\/posts\/32607","targetHints":{"allow":["GET"]}}],"collection":[{"href":"https:\/\/elmundodelosnegocios.com.do\/v1\/wp-json\/wp\/v2\/posts"}],"about":[{"href":"https:\/\/elmundodelosnegocios.com.do\/v1\/wp-json\/wp\/v2\/types\/post"}],"author":[{"embeddable":true,"href":"https:\/\/elmundodelosnegocios.com.do\/v1\/wp-json\/wp\/v2\/users\/2"}],"replies":[{"embeddable":true,"href":"https:\/\/elmundodelosnegocios.com.do\/v1\/wp-json\/wp\/v2\/comments?post=32607"}],"version-history":[{"count":0,"href":"https:\/\/elmundodelosnegocios.com.do\/v1\/wp-json\/wp\/v2\/posts\/32607\/revisions"}],"wp:featuredmedia":[{"embeddable":true,"href":"https:\/\/elmundodelosnegocios.com.do\/v1\/wp-json\/wp\/v2\/media\/32609"}],"wp:attachment":[{"href":"https:\/\/elmundodelosnegocios.com.do\/v1\/wp-json\/wp\/v2\/media?parent=32607"}],"wp:term":[{"taxonomy":"category","embeddable":true,"href":"https:\/\/elmundodelosnegocios.com.do\/v1\/wp-json\/wp\/v2\/categories?post=32607"},{"taxonomy":"post_tag","embeddable":true,"href":"https:\/\/elmundodelosnegocios.com.do\/v1\/wp-json\/wp\/v2\/tags?post=32607"}],"curies":[{"name":"wp","href":"https:\/\/api.w.org\/{rel}","templated":true}]}}