{"id":32610,"date":"2023-09-28T16:41:25","date_gmt":"2023-09-28T21:11:25","guid":{"rendered":"https:\/\/elmundodelosnegocios.com.do\/v1\/?p=32610"},"modified":"2023-09-28T16:41:27","modified_gmt":"2023-09-28T21:11:27","slug":"ministerio-de-trabajo-anuncia-firma-acuerdo-entre-empresa-minera-barrick-y-el-sindicato-sutrabarrick","status":"publish","type":"post","link":"https:\/\/elmundodelosnegocios.com.do\/v1\/ministerio-de-trabajo-anuncia-firma-acuerdo-entre-empresa-minera-barrick-y-el-sindicato-sutrabarrick\/","title":{"rendered":"Ministerio de Trabajo anuncia firma acuerdo entre empresa minera Barrick y el sindicato Sutrabarrick"},"content":{"rendered":"\n<p>Santo Domingo.- El ministro de Trabajo,&nbsp;<strong>Luis Miguel De Camps Garc\u00eda<\/strong>, encabez\u00f3 la firma del&nbsp;<strong>Convenio Colectivo de Condiciones de Trabajo 2023-2025<\/strong>, entre la empresa Pueblo Viejo Cotu\u00ed Barrick&nbsp;<strong>(PVC-Barrick)<\/strong>&nbsp;y el Sindicato Unido de Trabajadores de la Empresa Minera Pueblo Viejo Cotu\u00ed&nbsp;<strong>(Sutrabarrick)<\/strong>.<\/p>\n\n\n<div class=\"wp-block-image\">\n<figure class=\"aligncenter size-large\"><img decoding=\"async\" src=\"https:\/\/presidencia.gob.do\/sites\/default\/files\/styles\/large\/public\/news\/2023-09\/photo_4949937912036830014_y%20%282%29.jpg?itok=RCS2FMP8\" alt=\"\"\/><\/figure>\n<\/div>\n\n\n<p>El funcionario, en las palabras centrales, destac\u00f3 que el gobierno que lidera&nbsp;<strong>el presidente Luis Abinader&nbsp;<\/strong>ha tomado con mucha seriedad la gesti\u00f3n de la<strong>&nbsp;mediaci\u00f3n en busca de consensos<\/strong>, como el que con alegr\u00eda se concert\u00f3 hoy entre Barrick y su sindicato de trabajadores.<\/p>\n\n\n\n<p><em>\u201cCon un di\u00e1logo con claridad de criterios, tenemos mejores resultados para el crecimiento econ\u00f3mico y el desarrollo humano, que son los pilares de la Rep\u00fablica Dominicana. Felicito sinceramente a las comisiones negociadoras, por dar muestras de buena fe y compromiso para avanzar juntos hacia la creaci\u00f3n de bienestar com\u00fan para ambas partes\u201d<\/em>, agreg\u00f3 De Camps.<\/p>\n\n\n\n<p>De su lado,&nbsp;<strong>Juana Barcel\u00f3<\/strong>, presidente de PVC-Barrick, dijo que han demostrado que pueden&nbsp;<strong>trabajar junto con sus colaboradores<\/strong>&nbsp;de manera efectiva para alcanzar los objetivos comunes, haciendo&nbsp;<strong>miner\u00eda responsable y de clase mundial<\/strong>.<\/p>\n\n\n\n<p><em>\u201cLa transparencia ha sido un pilar fundamental en nuestra relaci\u00f3n y lo seguir\u00e1 siendo. Todos los pasos que nos han llevado a concluir este proceso de renegociaci\u00f3n han sido basados en un di\u00e1logo honesto, en un ambiente continuo de respeto y, sobre todo, donde cada preocupaci\u00f3n ha sido atendida\u201d,<\/em>&nbsp;a\u00f1adi\u00f3.<\/p>\n\n\n\n<figure class=\"wp-block-image\"><img decoding=\"async\" src=\"https:\/\/presidencia.gob.do\/sites\/default\/files\/inline-images\/photo_4949937912036829982_y.jpg\" alt=\"\"\/><\/figure>\n\n\n\n<p>En tanto que,&nbsp;<strong>Reynaldo Hern\u00e1ndez,<\/strong>&nbsp;secretario general de Sutrabarrick, resalt\u00f3 que&nbsp;<strong>en este segundo convenio colectivo han conquistado beneficios importantes,<\/strong>&nbsp;como el aumento de un 64 % del subsidio de alimentaci\u00f3n y transporte, la adquisici\u00f3n de un terreno de 20 tareas para construir una casa club para los trabajadores y trabajadoras y el aumento de 3 a 4 d\u00edas por paternidad.<\/p>\n\n\n\n<p>En este convenio se establecen mejoras salariales para los trabajadores, as\u00ed como en los subsidios de alimentaci\u00f3n, jornadas, periodo de descanso, prevenci\u00f3n de accidentes e higiene industrial y dem\u00e1s condiciones de trabajo que van a regular la relaci\u00f3n entre Sutrabarrick y PVC-Barrick.<\/p>\n\n\n\n<p>Con este acuerdo los trabajadores de la empresa minera recibir\u00e1n un&nbsp;<strong>aumento salarial retroactivo<\/strong>&nbsp;al mes de marzo del presente a\u00f1o de un 6 % en este a\u00f1o, un 5 % en el 2024 y un 5 % en el 2025, el cu\u00f1a puede incrementarse seg\u00fan la inflaci\u00f3n, a partir de publicaciones del Banco Central de la Rep\u00fablica Dominicana.<\/p>\n\n\n\n<p>De acuerdo con la pieza, los subsidios de alimentaci\u00f3n y transporte ser\u00e1n considerados salario ordinario, lo que impactar\u00e1 el pago de las vacaciones, salario de navidad, participaci\u00f3n individual en los beneficios de la empresa y las prestaciones laborales.<\/p>\n\n\n\n<p>Estuvieron presentes en la actividad, Megan Tibbals, gerente general de PVC-Barrick; Ariel Acevedo, secretario general de Futrametal, y por la Confederaci\u00f3n Nacional de Unidad Sindical (CNUS), Rafael -Pepe- Abreu.<\/p>\n\n\n\n<p>Por el Ministerio de Trabajo, estuvieron los viceministros Demetrio Antonio Paulino, Juli\u00e1n Mateo, Sabrina De la Cruz, Marie Laure Aristy; Andr\u00e9s Valent\u00edn Herrera, director general de Trabajo, y Francisco Regalado, director de Mediaci\u00f3n y Arbitraje.<\/p>\n","protected":false},"excerpt":{"rendered":"<p>Santo Domingo.- El ministro de Trabajo,&nbsp;Luis Miguel De Camps Garc\u00eda, encabez\u00f3 la firma del&nbsp;Convenio Colectivo de Condiciones de Trabajo 2023-2025, entre la empresa Pueblo Viejo Cotu\u00ed Barrick&nbsp;(PVC-Barrick)&nbsp;y el Sindicato Unido&hellip; <\/p>\n","protected":false},"author":2,"featured_media":32612,"comment_status":"closed","ping_status":"closed","sticky":false,"template":"","format":"standard","meta":{"fifu_image_url":"https:\/\/presidencia.gob.do\/sites\/default\/files\/styles\/large\/public\/news\/2023-09\/photo_4949937912036830014_y%20%282%29.jpg?itok=RCS2FMP8","fifu_image_alt":"","footnotes":""},"categories":[160],"tags":[],"class_list":["post-32610","post","type-post","status-publish","format-standard","has-post-thumbnail","hentry","category-mineria"],"_links":{"self":[{"href":"https:\/\/elmundodelosnegocios.com.do\/v1\/wp-json\/wp\/v2\/posts\/32610","targetHints":{"allow":["GET"]}}],"collection":[{"href":"https:\/\/elmundodelosnegocios.com.do\/v1\/wp-json\/wp\/v2\/posts"}],"about":[{"href":"https:\/\/elmundodelosnegocios.com.do\/v1\/wp-json\/wp\/v2\/types\/post"}],"author":[{"embeddable":true,"href":"https:\/\/elmundodelosnegocios.com.do\/v1\/wp-json\/wp\/v2\/users\/2"}],"replies":[{"embeddable":true,"href":"https:\/\/elmundodelosnegocios.com.do\/v1\/wp-json\/wp\/v2\/comments?post=32610"}],"version-history":[{"count":0,"href":"https:\/\/elmundodelosnegocios.com.do\/v1\/wp-json\/wp\/v2\/posts\/32610\/revisions"}],"wp:featuredmedia":[{"embeddable":true,"href":"https:\/\/elmundodelosnegocios.com.do\/v1\/wp-json\/wp\/v2\/media\/32612"}],"wp:attachment":[{"href":"https:\/\/elmundodelosnegocios.com.do\/v1\/wp-json\/wp\/v2\/media?parent=32610"}],"wp:term":[{"taxonomy":"category","embeddable":true,"href":"https:\/\/elmundodelosnegocios.com.do\/v1\/wp-json\/wp\/v2\/categories?post=32610"},{"taxonomy":"post_tag","embeddable":true,"href":"https:\/\/elmundodelosnegocios.com.do\/v1\/wp-json\/wp\/v2\/tags?post=32610"}],"curies":[{"name":"wp","href":"https:\/\/api.w.org\/{rel}","templated":true}]}}