{"id":32614,"date":"2023-09-28T18:58:46","date_gmt":"2023-09-28T23:28:46","guid":{"rendered":"https:\/\/elmundodelosnegocios.com.do\/v1\/?p=32614"},"modified":"2023-09-28T18:58:48","modified_gmt":"2023-09-28T23:28:48","slug":"reconocen-en-semana-dominicana-a-dominicanos-destacados-ee-uu","status":"publish","type":"post","link":"https:\/\/elmundodelosnegocios.com.do\/v1\/reconocen-en-semana-dominicana-a-dominicanos-destacados-ee-uu\/","title":{"rendered":"Reconocen en Semana Dominicana a dominicanos destacados EE. UU."},"content":{"rendered":"\n<p>La C\u00e1mara Americana de Comercio de la Rep\u00fablica Dominicana (AMCHAMDR) reconoci\u00f3 al Dr. Amado Alejandro B\u00e1ez, un dominicano que desde el exterior fue una pieza clave en la lucha contra el Covid 19 en el pa\u00eds, ocupando el cargo de asesor del Poder Ejecutivo en temas de salud, as\u00ed como a la distinguida dama Claritza Abreu, quien luego de m\u00e1s de 20 a\u00f1os de aportes en temas de salud y tecnolog\u00eda en el gobierno de Boston lidera un equipo que trabaja con el desarrollo de inteligencia artificial en Google.<\/p>\n\n\n\n<figure class=\"wp-block-image size-full\"><img loading=\"lazy\" decoding=\"async\" width=\"1000\" height=\"667\" src=\"https:\/\/elmundodelosnegocios.com.do\/v1\/wp-content\/uploads\/2023\/09\/1-3.jpg\" alt=\"\" class=\"wp-image-32615\" srcset=\"https:\/\/elmundodelosnegocios.com.do\/v1\/wp-content\/uploads\/2023\/09\/1-3.jpg 1000w, https:\/\/elmundodelosnegocios.com.do\/v1\/wp-content\/uploads\/2023\/09\/1-3-300x200.jpg 300w, https:\/\/elmundodelosnegocios.com.do\/v1\/wp-content\/uploads\/2023\/09\/1-3-768x512.jpg 768w\" sizes=\"auto, (max-width: 1000px) 100vw, 1000px\" \/><\/figure>\n\n\n\n<p>El evento para reconocer a la di\u00e1spora se celebr\u00f3 en los jardines de la residencia de la Embajada Dominicana en Washington y estuvo encabezado por el presidente y vicepresidente ejecutivo de AMCHAMDR, Edwin De los Santos y William Malamud respectivamente; el ministro de Relaciones Exteriores, Roberto \u00c1lvarez, la embajadora de la Rep\u00fablica Dominicana ante los Estados Unidos, Sonia Guzm\u00e1n y el viceministro del MIREX para las Comunidades Dominicanas en el Exterior, Carlos de la Mota.<\/p>\n\n\n\n<figure class=\"wp-block-image size-full\"><img loading=\"lazy\" decoding=\"async\" width=\"1000\" height=\"667\" src=\"https:\/\/elmundodelosnegocios.com.do\/v1\/wp-content\/uploads\/2023\/09\/1-4.jpg\" alt=\"\" class=\"wp-image-32616\" srcset=\"https:\/\/elmundodelosnegocios.com.do\/v1\/wp-content\/uploads\/2023\/09\/1-4.jpg 1000w, https:\/\/elmundodelosnegocios.com.do\/v1\/wp-content\/uploads\/2023\/09\/1-4-300x200.jpg 300w, https:\/\/elmundodelosnegocios.com.do\/v1\/wp-content\/uploads\/2023\/09\/1-4-768x512.jpg 768w\" sizes=\"auto, (max-width: 1000px) 100vw, 1000px\" \/><\/figure>\n\n\n\n<p>Al asegurar que los m\u00e1s de 2.5 millones de dominicanos que viven en el exterior seg\u00fan el segundo Estudio Sociodemogr\u00e1fico realizado por el Instituto de Dominicanos y Dominicanas en el Exterior (INDEX) son una fuerza vital para la econom\u00eda del pa\u00eds, el presidente de AMCHAMDR subray\u00f3 que la comunidad criolla en el extranjero contribuye significativamente al desarrollo sostenible del pa\u00eds, promoviendo la inversi\u00f3n en educaci\u00f3n, salud e infraestructura en su tierra de origen.&nbsp;&nbsp;<\/p>\n\n\n\n<p>\u201cEste grupo de dominicanos que vive en el exterior, pero sobre todo en los Estados Unidos, desempe\u00f1a un papel fundamental en el desarrollo econ\u00f3mico y social de la Rep\u00fablica Dominicana, enviando remesas que representan un porcentaje significativo del PIB del pa\u00eds. Adem\u00e1s de sus importantes inversiones en Rep\u00fablica Dominicana\u201d, De los Santos.<\/p>\n\n\n\n<p>De su lado, Sonia Guzm\u00e1n, embajadora dominicana ante los Estados Unidos, destac\u00f3 la importancia de los dominicanos residentes en ese pa\u00eds y de la Semana Dominicana que organiza AMCHAMDR.<\/p>\n\n\n\n<p>\u201cTodos estos intercambios y encuentros son una efectiva forma de estrechar alianzas entre los Estados Unidos y la Rep\u00fablica Dominicana.&nbsp; No hay dudas de la importancia trascendental de esta relaci\u00f3n pues Estados Unidos sigue siendo el principal socio comercial de la Rep\u00fablica Dominicana, y nuestro pa\u00eds es el sexto socio comercial de Estados Unidos en el hemisferio occidental\u201d, dijo la diplom\u00e1tica.<\/p>\n\n\n\n<p>En tanto, el viceministro para las Comunidades Dominicanas en el Exterior, Carlos de la Mota agradeci\u00f3 a todas las comunidades de dominicanos en el exterior y a los reconocido por AMCHAMDR por todo el apoyo, entrega y aporte de nuestras comunidades dominicanas, din\u00e1micas y pr\u00f3speras, que no se olvidan de sus ra\u00edces, y que, a pesar de las distancias, representan un enorme valor para nuestro desarrollo.<\/p>\n\n\n\n<p>Al ser reconocido, el Dr. Amado B\u00e1ez agradeci\u00f3 a la C\u00e1mara Americana de Comercio por su permanente relaci\u00f3n con los dominicanos en el exterior, destacando el sentimiento de satisfacci\u00f3n que le genera poder aportar al desarrollo del sector m\u00e9dico de la Rep\u00fablica Dominicana.<\/p>\n\n\n\n<p>En tanto, Claritza Abreu, quien se desempe\u00f1a como arquitecta profesional certificada para Cloud, en el gigante de la tecnolog\u00eda Google, valor\u00f3 la distinci\u00f3n que le hicieron y la posibilidad de poder representar a su gente en los EE. UU.<\/p>\n\n\n\n<p><strong>Los reconocidos de SemDom USA<\/strong><\/p>\n\n\n\n<p>El Doctor Amado Alejandro B\u00e1ez es egresado con honores de Medicina de la Universidad Pedro Henr\u00edquez Ure\u00f1a (UNPHU); despu\u00e9s de graduarse se traslad\u00f3 a los EE. UU, donde complet\u00f3 su residencia en medicina de emergencia en la Cl\u00ednica Mayo, en Washington DC (reconocido como el hospital #1 de EE. UU.) y la subespecialidad en cuidados cr\u00edticos y terapia intensiva en la Universidad de Harvard, as\u00ed como una subespecialidad en investigaci\u00f3n cl\u00ednica en el Albert Einstein Medical Center.<\/p>\n\n\n\n<p>B\u00e1ez es un gran luchador por la salud colectiva del pueblo dominicano, destacando en la lucha contra la pandemia del Covid-19. Desde Estados Unidos, el Dr. B\u00e1ez demostr\u00f3 un compromiso inquebrantable en apoyar a la Rep\u00fablica Dominicana en esos momentos cr\u00edticos. Su dedicaci\u00f3n y liderazgo han sido ejemplares en la lucha contra esta enfermedad, siendo designado en ese entonces como director del Comit\u00e9 de Gesti\u00f3n de Emergencia Sanitaria COVID-19.<\/p>\n\n\n\n<p>Actualmente es profesor en medicina de emergencia y epidemiolog\u00eda en el Medical College of Georgia, tambi\u00e9n es investigador y sirve como asesor para el gobierno dominicano en temas de salud p\u00fablica. B\u00e1ez es un fiel creyente en la resiliencia y en la fuerza de los dominicanos para nunca rendirse hasta lograr sus sue\u00f1os, incluso en el exterior, que ah\u00ed es donde m\u00e1s destacan.<\/p>\n\n\n\n<p>Por otra parte, la Sra. Claritza Abreu estudi\u00f3 Ingenier\u00eda en Sistemas en el Instituto Tecnol\u00f3gico de Santo Domingo (INTEC), luego, se traslad\u00f3 a los Estados Unidos en donde estudi\u00f3 System Analysis Design en el New York University, logrando estudios en Liderazgo y Manejo Gubernamental, con un m\u00e1ster en Computer Information Systems en la Universidad de Boston.<\/p>\n\n\n\n<p>Fue en los EE. UU donde Abreu form\u00f3 su familia. Trabaj\u00f3 para el \u00e1rea de Salud P\u00fablica con el gobierno de Boston, en la Oficina Ejecutiva de Salud y Servicios Humanos en Salud Mental y m\u00e1s instituciones por m\u00e1s de 20 a\u00f1os. Actualmente lidera un equipo que trabaja d\u00eda a d\u00eda con el desarrollo de la inteligencia artificial en Google; ha sido seleccionada como ciudadana distinguida en Boston por todos sus aportes en el \u00e1rea salud, social y tecnol\u00f3gica. La Sra. Abreu ha desempe\u00f1ado un papel esencial en la promoci\u00f3n de la cultura dominicana y en la construcci\u00f3n de puentes culturales entre la di\u00e1spora y la Rep\u00fablica Dominicana.<\/p>\n\n\n\n<p><strong>Sobre Semana Dominicana<\/strong><\/p>\n\n\n\n<p>Es una misi\u00f3n de la C\u00e1mara Americana de Comercio que tiene como prop\u00f3sito gestionar intereses comunes y promover decisiones gubernamentales acordes con las necesidades de diversos sectores productivos que integran nuestra membres\u00eda, en miras de alcanzar una idoneidad en el ambiente de negocios y en las relaciones bilaterales, mediante el contacto con instituciones de gobierno, organismos internacionales, cuerpo diplom\u00e1tico y los dominicanos de la di\u00e1spora. Durante SEMDOM se persigue afianzar las relaciones comerciales bilaterales y estrechar lazos con la di\u00e1spora dominicana en&nbsp;Estados&nbsp;Unidos.<\/p>\n\n\n\n<p>Como cada a\u00f1o, la Semana Dominicana ha contado con la colaboraci\u00f3n de la Embajada de los Estados Unidos en la Rep\u00fablica Dominicana y de la Embajada de la Rep\u00fablica Dominicana en los Estados Unidos.<\/p>\n\n\n\n<p>Semana Dominicana es posible gracias al apoyo de las marcas pertenecientes al C\u00edrculo de \u00c9lite de AMCHAMDR: AES Dominicana, Barrick Pueblo Viejo, Cervecer\u00eda Nacional Dominicana, Citi, HIT Puerto R\u00edo Haina, Grupo Humano, Inicia, Grupo Mart\u00ed, Altice Dominicana, Grupo Rica, Grupo SID, Grupo Punta Cana, Grupo Estrella y Squire Patton Boggs.<\/p>\n\n\n\n<p>Adem\u00e1s, agradecemos al Banco BHD, Banco Popular, Barcel\u00f3, Bandex, Bella Aldea, CEPM, Chinola, CONEP, Delta, DP World, INARU, INDEX, Jim\u00e9nez Pe\u00f1a, La Aurora, NAP del Caribe, Rizek Abogados, Schad, Seguros Reservas.<\/p>\n","protected":false},"excerpt":{"rendered":"<p>La C\u00e1mara Americana de Comercio de la Rep\u00fablica Dominicana (AMCHAMDR) reconoci\u00f3 al Dr. Amado Alejandro B\u00e1ez, un dominicano que desde el exterior fue una pieza clave en la lucha contra&hellip; <\/p>\n","protected":false},"author":2,"featured_media":32615,"comment_status":"closed","ping_status":"closed","sticky":false,"template":"","format":"standard","meta":{"fifu_image_url":"","fifu_image_alt":"","footnotes":""},"categories":[83],"tags":[],"class_list":["post-32614","post","type-post","status-publish","format-standard","has-post-thumbnail","hentry","category-empresariales-empresariales"],"_links":{"self":[{"href":"https:\/\/elmundodelosnegocios.com.do\/v1\/wp-json\/wp\/v2\/posts\/32614","targetHints":{"allow":["GET"]}}],"collection":[{"href":"https:\/\/elmundodelosnegocios.com.do\/v1\/wp-json\/wp\/v2\/posts"}],"about":[{"href":"https:\/\/elmundodelosnegocios.com.do\/v1\/wp-json\/wp\/v2\/types\/post"}],"author":[{"embeddable":true,"href":"https:\/\/elmundodelosnegocios.com.do\/v1\/wp-json\/wp\/v2\/users\/2"}],"replies":[{"embeddable":true,"href":"https:\/\/elmundodelosnegocios.com.do\/v1\/wp-json\/wp\/v2\/comments?post=32614"}],"version-history":[{"count":0,"href":"https:\/\/elmundodelosnegocios.com.do\/v1\/wp-json\/wp\/v2\/posts\/32614\/revisions"}],"wp:featuredmedia":[{"embeddable":true,"href":"https:\/\/elmundodelosnegocios.com.do\/v1\/wp-json\/wp\/v2\/media\/32615"}],"wp:attachment":[{"href":"https:\/\/elmundodelosnegocios.com.do\/v1\/wp-json\/wp\/v2\/media?parent=32614"}],"wp:term":[{"taxonomy":"category","embeddable":true,"href":"https:\/\/elmundodelosnegocios.com.do\/v1\/wp-json\/wp\/v2\/categories?post=32614"},{"taxonomy":"post_tag","embeddable":true,"href":"https:\/\/elmundodelosnegocios.com.do\/v1\/wp-json\/wp\/v2\/tags?post=32614"}],"curies":[{"name":"wp","href":"https:\/\/api.w.org\/{rel}","templated":true}]}}