{"id":32639,"date":"2023-09-29T15:29:42","date_gmt":"2023-09-29T19:59:42","guid":{"rendered":"https:\/\/elmundodelosnegocios.com.do\/v1\/?p=32639"},"modified":"2023-09-29T15:29:44","modified_gmt":"2023-09-29T19:59:44","slug":"informan-resultados-investigacion-estrategia-desarrollo-2030-avances-y-desafios-desde-vision-empresariado-joven-dominicano","status":"publish","type":"post","link":"https:\/\/elmundodelosnegocios.com.do\/v1\/informan-resultados-investigacion-estrategia-desarrollo-2030-avances-y-desafios-desde-vision-empresariado-joven-dominicano\/","title":{"rendered":"Informan resultados investigaci\u00f3n Estrategia Desarrollo 2030: Avances y Desaf\u00edos Desde Visi\u00f3n Empresariado Joven Dominicano"},"content":{"rendered":"\n<p>Santo Domingo, R.D. Septiembre 29, 2023.- La Asociaci\u00f3n Nacional de J\u00f3venes Empresarios (ANJE) y el Instituto Especializado de Investigaci\u00f3n y Formaci\u00f3n en Ciencias Jur\u00eddicas (IOMG) presentan resultados de informe sobre el dise\u00f1o e implementaci\u00f3n de la Estrategia Nacional de Desarrollo (END) donde plantean iniciativas con el objetivo de aportar e incidir de manera positiva en la Rep\u00fablica Dominicana.<\/p>\n\n\n\n<figure class=\"wp-block-image size-large\"><img loading=\"lazy\" decoding=\"async\" width=\"1024\" height=\"551\" src=\"https:\/\/elmundodelosnegocios.com.do\/v1\/wp-content\/uploads\/2023\/09\/Presentacion-de-informe-sobre-el-diseno-e-implementacion-de-la-Estrategia-Nacional-de-Desarrollo-END-1024x551.jpg\" alt=\"\" class=\"wp-image-32640\" srcset=\"https:\/\/elmundodelosnegocios.com.do\/v1\/wp-content\/uploads\/2023\/09\/Presentacion-de-informe-sobre-el-diseno-e-implementacion-de-la-Estrategia-Nacional-de-Desarrollo-END-1024x551.jpg 1024w, https:\/\/elmundodelosnegocios.com.do\/v1\/wp-content\/uploads\/2023\/09\/Presentacion-de-informe-sobre-el-diseno-e-implementacion-de-la-Estrategia-Nacional-de-Desarrollo-END-300x161.jpg 300w, https:\/\/elmundodelosnegocios.com.do\/v1\/wp-content\/uploads\/2023\/09\/Presentacion-de-informe-sobre-el-diseno-e-implementacion-de-la-Estrategia-Nacional-de-Desarrollo-END-768x413.jpg 768w, https:\/\/elmundodelosnegocios.com.do\/v1\/wp-content\/uploads\/2023\/09\/Presentacion-de-informe-sobre-el-diseno-e-implementacion-de-la-Estrategia-Nacional-de-Desarrollo-END-1536x826.jpg 1536w, https:\/\/elmundodelosnegocios.com.do\/v1\/wp-content\/uploads\/2023\/09\/Presentacion-de-informe-sobre-el-diseno-e-implementacion-de-la-Estrategia-Nacional-de-Desarrollo-END.jpg 2000w\" sizes=\"auto, (max-width: 1024px) 100vw, 1024px\" \/><\/figure>\n\n\n\n<p>El estudio abarca un an\u00e1lisis macroecon\u00f3mico pre y post pandemia, as\u00ed como un benchmarking con pa\u00edses de la regi\u00f3n latinoamericana y El Caribe, adem\u00e1s de las regiones \u00c1frica, Asia y Europa, ofreciendo una revisi\u00f3n de los cuatro ejes de la END en funci\u00f3n de objetivos priorizados por ANJE y el IOMG, de acuerdo con su misi\u00f3n.<\/p>\n\n\n\n<p>Para la elaboraci\u00f3n del informe, profesionales de ambas entidades realizaron un an\u00e1lisis de la ejecuci\u00f3n de los objetivos identificados, as\u00ed como los logros y retos por cumplir, incluyendo las siete pol\u00edticas transversales que deben hacerse presente en todas las acciones p\u00fablicas. Estas son: Derechos Humanos, Enfoque de G\u00e9nero, Sostenibilidad Ambiental, Cohesi\u00f3n Territorial, Participaci\u00f3n Social y Uso de las Tecnolog\u00edas de la Informaci\u00f3n y la Comunicaci\u00f3n.<\/p>\n\n\n\n<p>\u201cANJE se ha caracterizado por ser propositiva y de promover una visi\u00f3n a largo plazo. En este sentido, entendemos que la END es una herramienta id\u00f3nea para permitirnos, como naci\u00f3n, alcanzar las metas sociales, pol\u00edticas y econ\u00f3micas a la que aspiramos para todos. Con esta investigaci\u00f3n, apostamos a incidir en la construcci\u00f3n y consecuci\u00f3n de pol\u00edticas p\u00fablicas que impacten de manera positiva en el desarrollo de nuestra Rep\u00fablica Dominicana\u201d agreg\u00f3 Jaime Senior, presidente de ANJE.<\/p>\n\n\n\n<p>Las instituciones afirman que la investigaci\u00f3n se desarroll\u00f3 con el prop\u00f3sito de analizar el estatus de ejecuci\u00f3n de los cuatro ejes que componen la END, extrayendo objetivos priorizados con base en los temas de inter\u00e9s ANJE y del IOMG en atenci\u00f3n a sus l\u00edneas de trabajo y enfoque de contribuci\u00f3n, as\u00ed como la recomendaci\u00f3n de algunos aspectos de mejora para la continuidad de esta.<\/p>\n\n\n\n<p>\u201cLa END funge como el principal instrumento de Proyecto-Naci\u00f3n. Desde sus inicios el plan acad\u00e9mico del Instituto OMG, tanto en formaci\u00f3n como en investigaci\u00f3n, est\u00e1 alineado y se instrumenta alrededor de los ejes y objetivos de la END. Si bien el Estado es habilitador de las pol\u00edticas p\u00fablicas para cumplimiento de la END, somos los empresarios los responsables de gran parte de la ejecuci\u00f3n de dicha estrategia nacional\u201d destac\u00f3 Leonel Melo, presidente de IOMG.<\/p>\n\n\n\n<p>Dentro de los elementos que se evidencian en este informe se incluye la necesidad de ajustar varios indicadores cuya medici\u00f3n es compleja, mejorar la coordinaci\u00f3n interinstitucional, as\u00ed como la falta de continuidad en la acci\u00f3n p\u00fablica y la falta de interconexi\u00f3n digital.<\/p>\n\n\n\n<p>En conclusi\u00f3n, la investigaci\u00f3n termina con una revisi\u00f3n de la implementaci\u00f3n de la END y el logro de los objetivos de cada eje. Por cada eje estrat\u00e9gico se incluyen recomendaciones de mejora tanto para la inclusi\u00f3n de nuevas actividades u objetivos, de ejecutorias p\u00fablicas para acercarse m\u00e1s a las metas de la END, as\u00ed como la redefinici\u00f3n de indicadores para facilitar su medici\u00f3n.<\/p>\n\n\n\n<p>De igual forma, afirmaron que el logro de la visi\u00f3n de desarrollo del pa\u00eds al 2030 y las pr\u00f3ximas instrumentaciones de planificaci\u00f3n, requiere de un compromiso ciudadano que se mantenga vigilante a la ejecuci\u00f3n de la estrategia y exija pol\u00edticas p\u00fablicas robustas, encaminadas al desarrollo sostenible y sostenido en beneficio de todas las personas.<\/p>\n\n\n\n<p>Recordar que, el estudio se desprende del reci\u00e9n firmado acuerdo de cooperaci\u00f3n suscrito por IOMG y ANJE, donde las instituciones contemplaron realizar investigaciones en colaboraci\u00f3n.<\/p>\n","protected":false},"excerpt":{"rendered":"<p>Santo Domingo, R.D. Septiembre 29, 2023.- La Asociaci\u00f3n Nacional de J\u00f3venes Empresarios (ANJE) y el Instituto Especializado de Investigaci\u00f3n y Formaci\u00f3n en Ciencias Jur\u00eddicas (IOMG) presentan resultados de informe sobre&hellip; <\/p>\n","protected":false},"author":2,"featured_media":32640,"comment_status":"closed","ping_status":"closed","sticky":false,"template":"","format":"standard","meta":{"fifu_image_url":"","fifu_image_alt":"","footnotes":""},"categories":[83],"tags":[],"class_list":["post-32639","post","type-post","status-publish","format-standard","has-post-thumbnail","hentry","category-empresariales-empresariales"],"_links":{"self":[{"href":"https:\/\/elmundodelosnegocios.com.do\/v1\/wp-json\/wp\/v2\/posts\/32639","targetHints":{"allow":["GET"]}}],"collection":[{"href":"https:\/\/elmundodelosnegocios.com.do\/v1\/wp-json\/wp\/v2\/posts"}],"about":[{"href":"https:\/\/elmundodelosnegocios.com.do\/v1\/wp-json\/wp\/v2\/types\/post"}],"author":[{"embeddable":true,"href":"https:\/\/elmundodelosnegocios.com.do\/v1\/wp-json\/wp\/v2\/users\/2"}],"replies":[{"embeddable":true,"href":"https:\/\/elmundodelosnegocios.com.do\/v1\/wp-json\/wp\/v2\/comments?post=32639"}],"version-history":[{"count":0,"href":"https:\/\/elmundodelosnegocios.com.do\/v1\/wp-json\/wp\/v2\/posts\/32639\/revisions"}],"wp:featuredmedia":[{"embeddable":true,"href":"https:\/\/elmundodelosnegocios.com.do\/v1\/wp-json\/wp\/v2\/media\/32640"}],"wp:attachment":[{"href":"https:\/\/elmundodelosnegocios.com.do\/v1\/wp-json\/wp\/v2\/media?parent=32639"}],"wp:term":[{"taxonomy":"category","embeddable":true,"href":"https:\/\/elmundodelosnegocios.com.do\/v1\/wp-json\/wp\/v2\/categories?post=32639"},{"taxonomy":"post_tag","embeddable":true,"href":"https:\/\/elmundodelosnegocios.com.do\/v1\/wp-json\/wp\/v2\/tags?post=32639"}],"curies":[{"name":"wp","href":"https:\/\/api.w.org\/{rel}","templated":true}]}}