{"id":32722,"date":"2023-10-03T08:55:34","date_gmt":"2023-10-03T13:25:34","guid":{"rendered":"https:\/\/elmundodelosnegocios.com.do\/v1\/?p=32722"},"modified":"2023-10-03T08:55:35","modified_gmt":"2023-10-03T13:25:35","slug":"prodominicana-y-adme-firman-acuerdo-para-promover-la-productividad-de-las-mujeres-en-el-sector-exportador","status":"publish","type":"post","link":"https:\/\/elmundodelosnegocios.com.do\/v1\/prodominicana-y-adme-firman-acuerdo-para-promover-la-productividad-de-las-mujeres-en-el-sector-exportador\/","title":{"rendered":"ProDominicana y ADME firman acuerdo para promover la productividad de las mujeres en el sector exportador"},"content":{"rendered":"\n<p>Santo Domingo.- Con el objetivo de&nbsp;<strong>promover la productividad de las mujeres empresarias de Rep\u00fablica Dominicana<\/strong>, el Centro de Exportaci\u00f3n e Inversi\u00f3n de la Rep\u00fablica Dominicana&nbsp;<strong>(ProDominicana)<\/strong>&nbsp;y la Asociaci\u00f3n Dominicana de Mujeres Empresarias (<strong>ADME),&nbsp;<\/strong>firmaron un&nbsp;<strong>acuerdo de colaboraci\u00f3n,<\/strong>&nbsp;para desarrollar un portafolio de servicios&nbsp;<strong>en beneficio de las f\u00e9minas&nbsp;<\/strong>en el sector empresarial dominicano.<\/p>\n\n\n<div class=\"wp-block-image\">\n<figure class=\"aligncenter size-large\"><img loading=\"lazy\" decoding=\"async\" width=\"1024\" height=\"576\" src=\"https:\/\/elmundodelosnegocios.com.do\/v1\/wp-content\/uploads\/2023\/10\/1-3-3-1024x576.jpg\" alt=\"\" class=\"wp-image-32724\" srcset=\"https:\/\/elmundodelosnegocios.com.do\/v1\/wp-content\/uploads\/2023\/10\/1-3-3-1024x576.jpg 1024w, https:\/\/elmundodelosnegocios.com.do\/v1\/wp-content\/uploads\/2023\/10\/1-3-3-300x169.jpg 300w, https:\/\/elmundodelosnegocios.com.do\/v1\/wp-content\/uploads\/2023\/10\/1-3-3-768x432.jpg 768w, https:\/\/elmundodelosnegocios.com.do\/v1\/wp-content\/uploads\/2023\/10\/1-3-3.jpg 1300w\" sizes=\"auto, (max-width: 1024px) 100vw, 1024px\" \/><\/figure>\n<\/div>\n\n\n<p>En ese sentido, la directora ejecutiva de ProDominicana,&nbsp;<strong>Biviana Riveiro Disla<\/strong>, indic\u00f3 que este acuerdo se realiz\u00f3 con el prop\u00f3sito de promover la relaci\u00f3n entre el&nbsp;<strong>comercio y la igualdad de g\u00e9nero<\/strong>; fomentar la internacionalizaci\u00f3n de los productos y servicios de origen dominicano; establecer la coordinaci\u00f3n para la ejecuci\u00f3n de proyectos de empoderamiento femenino que abarquen capacitaciones, con el objetivo desarrollar los procesos y procedimientos para la exportaci\u00f3n de las&nbsp;<strong>micro, peque\u00f1as y medianas empresas lideradas por mujeres.<\/strong><\/p>\n\n\n\n<p><em>\u201cEstamos seguros de que esta alianza apoyar\u00e1 los procesos productivos de las mujeres dominicanas, debido a la gran cantidad de empleos que generan en el pa\u00eds y adem\u00e1s su flexibilidad de adaptaci\u00f3n a las nuevas tecnolog\u00edas, por lo que el Gobierno del presidente de la Rep\u00fablica Luis Abinader ha trabajado a favor de este importante sector\u201d,<\/em>&nbsp;indic\u00f3.<\/p>\n\n\n\n<p>Riveiro destac\u00f3 el compromiso de continuar desarrollando pol\u00edticas que impulsen a las mujeres empresarias de Rep\u00fablica Dominicana<em>. \u201cDesde ProDominicana trabajaremos de manera activa para continuar posicionando las mujeres en el sector empresarial\u201d,<\/em>&nbsp;acot\u00f3.<\/p>\n\n\n\n<figure class=\"wp-block-image\"><img decoding=\"async\" src=\"https:\/\/presidencia.gob.do\/sites\/default\/files\/inline-images\/Julissa%20Jim%C3%A9nez%2C%20presidente%20de%20ADME%20junto%20a%20Biviana%20Riveiro%2C%20directora%20ejecutiva%20de%20ProDominicana.jpg\" alt=\"\"\/><\/figure>\n\n\n\n<p>La presidenta de ADME,&nbsp;<strong>Julissa Jim\u00e9nez<\/strong>, resalt\u00f3 el compromiso de su organizaci\u00f3n de continuar garantizando los mecanismos necesarios para posicionar a las empresarias dominicanas, entendiendo que este sector representa&nbsp;<strong>una de las columnas principales en la econom\u00eda dominicana.<\/strong><\/p>\n\n\n\n<p>En la firma de acuerdo participaron representantes de ADME, empresarias exportadoras de bienes y servicios de diferentes provincias del pa\u00eds.<\/p>\n\n\n\n<p>Se destaca que los resultados alcanzados en el eje de apoyar la promoci\u00f3n e internacionalizaci\u00f3n de las mujeres exportadoras, desde agosto 2020 a junio 2023, ProDominicana ha gestionado la realizaci\u00f3n del&nbsp;<strong>Encuentro Nacional \u201cMujeres en Exportaci\u00f3n\u201d.&nbsp;<\/strong>Este encuentro cuenta con tres ediciones, donde se realiza la presentaci\u00f3n del estudio de las&nbsp;<strong>\u201cExportaciones de empresas lideradas por mujeres y su impacto en la econom\u00eda dominicana\u201d.<\/strong><\/p>\n\n\n\n<figure class=\"wp-block-image\"><img decoding=\"async\" src=\"https:\/\/presidencia.gob.do\/sites\/default\/files\/inline-images\/Biviana%20Riveiro%20Disla%20directora%20de%20ProDominicana_0.jpg\" alt=\"\"\/><\/figure>\n\n\n\n\n\n<p>En el marco de este evento se ha realizado una feria con la exposici\u00f3n de productos de m\u00e1s de&nbsp;<strong>23 empresas de mujeres<\/strong>&nbsp;en cada edici\u00f3n de distintos sectores: belleza y cosm\u00e9ticos, productos agroindustriales, joyer\u00eda y bisuter\u00eda, ropa, mobiliarios, artesan\u00eda, cacao, productos de bebe, moda, artesan\u00eda, productos comestibles y congelados, as\u00ed como el reconocimiento a las empresas lideradas por mujeres con destacado desempe\u00f1o en las exportaciones en cada a\u00f1o.\u202f\u202f\u202f\u202f<\/p>\n\n\n\n<p>Asimismo, Riveiro destac\u00f3 que las exportaciones de empresas lideradas por mujeres cerraron el 2022 con&nbsp;<strong>US 1,773.9 millones,<\/strong>&nbsp;los cuales fueron comercializados en 84 mercados, esto a su vez muestra el incremento que han tenido las mujeres en exportaci\u00f3n. Adem\u00e1s, durante el per\u00edodo enero-agosto 2023, este valor se posiciona en los US 998.6 millones.&nbsp; Se destaca que, estas empresas lideradas mujeres exhibieron un promedio de&nbsp;<strong>25,000 empleos formales.<\/strong><\/p>\n\n\n\n<p>En cuanto a los principales productos exportados por las empresas lideradas por mujeres en 2022 son: oro, art\u00edculos de joyer\u00eda, cacao en grano, aceite de soya, pl\u00e1tanos y bananos, entre otros. Adem\u00e1s, los mercados principales son:&nbsp;<strong>Suiza, India, Estados Unidos y Hait\u00ed.<\/strong><\/p>\n","protected":false},"excerpt":{"rendered":"<p>Santo Domingo.- Con el objetivo de&nbsp;promover la productividad de las mujeres empresarias de Rep\u00fablica Dominicana, el Centro de Exportaci\u00f3n e Inversi\u00f3n de la Rep\u00fablica Dominicana&nbsp;(ProDominicana)&nbsp;y la Asociaci\u00f3n Dominicana de Mujeres&hellip; <\/p>\n","protected":false},"author":2,"featured_media":32723,"comment_status":"closed","ping_status":"closed","sticky":false,"template":"","format":"standard","meta":{"fifu_image_url":"","fifu_image_alt":"","footnotes":""},"categories":[74],"tags":[],"class_list":["post-32722","post","type-post","status-publish","format-standard","has-post-thumbnail","hentry","category-comercio-internacional"],"_links":{"self":[{"href":"https:\/\/elmundodelosnegocios.com.do\/v1\/wp-json\/wp\/v2\/posts\/32722","targetHints":{"allow":["GET"]}}],"collection":[{"href":"https:\/\/elmundodelosnegocios.com.do\/v1\/wp-json\/wp\/v2\/posts"}],"about":[{"href":"https:\/\/elmundodelosnegocios.com.do\/v1\/wp-json\/wp\/v2\/types\/post"}],"author":[{"embeddable":true,"href":"https:\/\/elmundodelosnegocios.com.do\/v1\/wp-json\/wp\/v2\/users\/2"}],"replies":[{"embeddable":true,"href":"https:\/\/elmundodelosnegocios.com.do\/v1\/wp-json\/wp\/v2\/comments?post=32722"}],"version-history":[{"count":0,"href":"https:\/\/elmundodelosnegocios.com.do\/v1\/wp-json\/wp\/v2\/posts\/32722\/revisions"}],"wp:featuredmedia":[{"embeddable":true,"href":"https:\/\/elmundodelosnegocios.com.do\/v1\/wp-json\/wp\/v2\/media\/32723"}],"wp:attachment":[{"href":"https:\/\/elmundodelosnegocios.com.do\/v1\/wp-json\/wp\/v2\/media?parent=32722"}],"wp:term":[{"taxonomy":"category","embeddable":true,"href":"https:\/\/elmundodelosnegocios.com.do\/v1\/wp-json\/wp\/v2\/categories?post=32722"},{"taxonomy":"post_tag","embeddable":true,"href":"https:\/\/elmundodelosnegocios.com.do\/v1\/wp-json\/wp\/v2\/tags?post=32722"}],"curies":[{"name":"wp","href":"https:\/\/api.w.org\/{rel}","templated":true}]}}