{"id":32729,"date":"2023-10-03T10:58:05","date_gmt":"2023-10-03T15:28:05","guid":{"rendered":"https:\/\/elmundodelosnegocios.com.do\/v1\/?p=32729"},"modified":"2023-10-03T10:58:07","modified_gmt":"2023-10-03T15:28:07","slug":"carrera-presidencial-comienza-intensificarse-quien-ganara-la-presidencia-en-mayo-2024","status":"publish","type":"post","link":"https:\/\/elmundodelosnegocios.com.do\/v1\/carrera-presidencial-comienza-intensificarse-quien-ganara-la-presidencia-en-mayo-2024\/","title":{"rendered":"Carrera Presidencial comienza intensificarse; Quien Ganara la Presidencia en Mayo 2024?"},"content":{"rendered":"\n<p>La carrera Presidencial en la Rep\u00fablica Dominicana comienza a intensificarse tras la elecci\u00f3n de los candidato oficiales y los candidatos&nbsp; por los partidos opositores mayoritarios.<\/p>\n\n\n<div class=\"wp-block-image\">\n<figure class=\"aligncenter size-full is-resized\"><img loading=\"lazy\" decoding=\"async\" src=\"https:\/\/elmundodelosnegocios.com.do\/v1\/wp-content\/uploads\/2023\/10\/leonel-abinader-abel-1.png\" alt=\"\" class=\"wp-image-32730\" width=\"841\" height=\"473\" srcset=\"https:\/\/elmundodelosnegocios.com.do\/v1\/wp-content\/uploads\/2023\/10\/leonel-abinader-abel-1.png 640w, https:\/\/elmundodelosnegocios.com.do\/v1\/wp-content\/uploads\/2023\/10\/leonel-abinader-abel-1-300x169.png 300w\" sizes=\"auto, (max-width: 841px) 100vw, 841px\" \/><\/figure>\n<\/div>\n\n\n<p>La Pol\u00edtica dominicana presenta su primera edici\u00f3n con miras a las elecciones 2024; en el nivel presidencial busca una rese\u00f1a de perfil de los candidatos, retos y propuestas.<\/p>\n\n\n\n<p>A unos d\u00edas de que arranque oficialmente el proceso a la presidencia de la Rep\u00fablica surgen algunas interrogantes ante un eventual debate?<br>A qui\u00e9n recurren cuando buscan consejo los candidatos presidenciales?, \u00bfqu\u00e9 situaci\u00f3n tienen que enfrentar primeramente el nuevo gobernante al trabajar en su nueva propuesta presidencial ?<\/p>\n\n\n\n<p>Las preguntas y las respuestas en esta edici\u00f3n:<\/p>\n\n\n\n<p>\u00bfPor qu\u00e9 y qui\u00e9n adelant\u00f3 los tiempos electorales?, \u00bfQu\u00e9 implica para los partidos y para las autoridades?, \u00bfc\u00f3mo podr\u00eda ser en este momento el perfil de un candidato presidencial ideal para las elecciones del 2024?, \u00bfqui\u00e9nes son los aspirantes que buscan una candidatura a la Presidencia?, \u00bfqu\u00e9 piensan de sus propias trayectorias?, \u00bfqu\u00e9 los enorgullece?, \u00bfde qu\u00e9 se arrepienten?, \u00bfqu\u00e9 contestan de temas torales para el pa\u00eds?,<\/p>\n\n\n\n<p>Son algunas preguntas para ellos para un posible debate. La pol\u00edtica&nbsp;pone en manos una edici\u00f3n especial del proceso abierto oficial con miras a la elecciones de Mayo del 2024.<\/p>\n\n\n\n<p>Las proyecciones creen que hay un empate t\u00e9cnico en encuestas entre el Presidente Luis Abinader por el PRM que lleva un 39.7% seguido del ex presidente Leonel Fernandez y La Fuerza del Pueblo un 39.4%, y por \u00faltimo el candidato presidencial del PLD Abel Martinez lleva un 18.9%.<\/p>\n\n\n\n<p>*<strong>Leonel Fernandez<\/strong>*<br>Ex presidente de la Rep\u00fablica quien dirigi\u00f3 los destino de la naci\u00f3n durante tres periodo constitucionales 1996-2000, 2004-2008 y 2008-2012 es considerado el zar del vanguardia en Rep\u00fablica Dominicana, sus mandatos fueron copado de una pol\u00edtica desarrollo del progreso y la modernidad en tema de infraestructuras, transporte, tecnologia, educacion, justicia e instituciones creibles para el crecimiento econ\u00f3mico de la Rep\u00fablica Dominicana, Es tambi\u00e9n abogado de profesi\u00f3n y a su salida del PLD funda en el 2019 el nuevo Partido La Fuerza del Pueblo (LFP) con mira de atraer una nueva propuesta electoral. Sostiene que la Pol\u00edtica fiscal del Gobierno de Luis Abinader ha desbordado los exceso en pr\u00e9stamos y ha mal manejado la recesi\u00f3n econ\u00f3mica causando una inflaci\u00f3n doble fruto de la circunstancia de su pol\u00edtica econ\u00f3mica, en conjunto con el fiasco manejo al tema de la pol\u00edtica migratoria del tema haitiano. Leonel sostiene que el nivel inflacionario est\u00e1 generando intranquilidad y aumentando la brecha de pobreza que podr\u00eda causar ines. Leonel proyecta la consigna a los oficialistas \u00abNo saben gobernar\u00bb y \u00abE pa afuera que volveran\u00bb.<\/p>\n\n\n\n<p><strong>*Luis Abinader Corona* &#8211; Partido Revolucionario Moderno (PRM)<\/strong><\/p>\n\n\n\n<p>Es actual mandatario de la Rep\u00fablica Dominicana, elegido durante el periodo constitucional presidencial 2020-2024, por el Partido Revolucionario Moderno (PRM), es empresario, dirige varias empresas del portafolio familiar. Luis Rodolfo Abinader corona retoma de las lecciones de su padre la consigna del Cambio, su primer mandato ha sido copado de luces y sombras como son la Pandemia Covid19, La guerra Rusia-Ukrania y El tema migratorio del R\u00edo \u00abMasacre\u00bb en la franja de la frontera dominico-haitiano. Abinader ha acumulado una pol\u00edtica econ\u00f3mica de inflacion y el paso de dos tormentas tropicales. Unas de sus victorias fueron la recuperaci\u00f3n del turismo y la Justicia&nbsp; independiente. Enfrenta el nuevo reto de seguir llevando la Rep\u00fablica Dominicana por el sendero del camino de paz, a pesar que sus adversarios creen lo contrario.<\/p>\n\n\n\n<p><strong>*Abel Martinez* &#8211; Partido de la Liberaci\u00f3n Dominicana (PLD)<\/strong><\/p>\n\n\n\n<p>Aspirante Candidato Presidencial por el PLD, por el periodo constitucional 2024-2028, fue electo en octubre en el Congreso Electivo \u00abReinaldo Pared Perez\u00bb en octubre 2022. Ex diputado de la Provincia de Santiago 2010-2016, y actual alcalde de Santiago durante los periodos 2016-2020 y 2020-2024. Abel Martinez es la sangre nueva en este torneo electoral del 2024 con la propuesta nacionalista del tema Haitiano y con la consigna de \u00abquien cambia un Pueblo, Cambia un Pa\u00eds\u00bb. Abel Martinez sostiene que el Gobierno PRM lleva el pa\u00eds sin rumbo y no afrontan los temas esenciales. Sus consignas \u00abvan a dejar el pa\u00eds en 4 block\u00bb por las situaciones generadas en tema de transporte p\u00fablico (choque entre vagones del metro), y otras situaciones generadas en tema de inseguridad ciudadana, educaci\u00f3n y salud. Promete retomar el tim\u00f3n de la direcci\u00f3n de la cosa p\u00fablica y las arcas del estado por el bienestar se todos los dominicanos.<\/p>\n","protected":false},"excerpt":{"rendered":"<p>La carrera Presidencial en la Rep\u00fablica Dominicana comienza a intensificarse tras la elecci\u00f3n de los candidato oficiales y los candidatos&nbsp; por los partidos opositores mayoritarios. La Pol\u00edtica dominicana presenta su&hellip; <\/p>\n","protected":false},"author":2,"featured_media":32730,"comment_status":"closed","ping_status":"closed","sticky":false,"template":"","format":"standard","meta":{"fifu_image_url":"","fifu_image_alt":"","footnotes":""},"categories":[255],"tags":[],"class_list":["post-32729","post","type-post","status-publish","format-standard","has-post-thumbnail","hentry","category-elecciones"],"_links":{"self":[{"href":"https:\/\/elmundodelosnegocios.com.do\/v1\/wp-json\/wp\/v2\/posts\/32729","targetHints":{"allow":["GET"]}}],"collection":[{"href":"https:\/\/elmundodelosnegocios.com.do\/v1\/wp-json\/wp\/v2\/posts"}],"about":[{"href":"https:\/\/elmundodelosnegocios.com.do\/v1\/wp-json\/wp\/v2\/types\/post"}],"author":[{"embeddable":true,"href":"https:\/\/elmundodelosnegocios.com.do\/v1\/wp-json\/wp\/v2\/users\/2"}],"replies":[{"embeddable":true,"href":"https:\/\/elmundodelosnegocios.com.do\/v1\/wp-json\/wp\/v2\/comments?post=32729"}],"version-history":[{"count":0,"href":"https:\/\/elmundodelosnegocios.com.do\/v1\/wp-json\/wp\/v2\/posts\/32729\/revisions"}],"wp:featuredmedia":[{"embeddable":true,"href":"https:\/\/elmundodelosnegocios.com.do\/v1\/wp-json\/wp\/v2\/media\/32730"}],"wp:attachment":[{"href":"https:\/\/elmundodelosnegocios.com.do\/v1\/wp-json\/wp\/v2\/media?parent=32729"}],"wp:term":[{"taxonomy":"category","embeddable":true,"href":"https:\/\/elmundodelosnegocios.com.do\/v1\/wp-json\/wp\/v2\/categories?post=32729"},{"taxonomy":"post_tag","embeddable":true,"href":"https:\/\/elmundodelosnegocios.com.do\/v1\/wp-json\/wp\/v2\/tags?post=32729"}],"curies":[{"name":"wp","href":"https:\/\/api.w.org\/{rel}","templated":true}]}}