{"id":32740,"date":"2023-10-05T08:24:25","date_gmt":"2023-10-05T12:54:25","guid":{"rendered":"http:\/\/elmundodelosnegocios.com.do\/v1\/?p=32740"},"modified":"2023-10-05T08:24:27","modified_gmt":"2023-10-05T12:54:27","slug":"banco-popular-y-unapec-inauguran-laboratorio-de-finanzas","status":"publish","type":"post","link":"https:\/\/elmundodelosnegocios.com.do\/v1\/banco-popular-y-unapec-inauguran-laboratorio-de-finanzas\/","title":{"rendered":"Inauguran el Popular y UNAPEC laboratorio finanzas facilitar\u00e1 aprendizaje temas financieros y desarrollo competencias"},"content":{"rendered":"\n<p><strong>Inicia la Semana de las Finanzas Popular con actividades educativas<\/strong><\/p>\n\n\n\n<p>Santo Domingo, D. N. &#8211; El Banco Popular Dominicano y la Universidad (UNAPEC) inauguraron un laboratorio de finanzas para estudiantes y&nbsp;egresados de esta universidad, que facilitar\u00e1 el aprendizaje de los temas financieros y el desarrollo de competencias en esta \u00e1rea elemental para el desarrollo de las personas y las empresas.<\/p>\n\n\n<div class=\"wp-block-image\">\n<figure class=\"aligncenter size-large\"><img loading=\"lazy\" decoding=\"async\" width=\"1024\" height=\"682\" src=\"http:\/\/elmundodelosnegocios.com.do\/v1\/wp-content\/uploads\/2023\/10\/1-5-3-1024x682.jpg\" alt=\"\" class=\"wp-image-32741\" srcset=\"https:\/\/elmundodelosnegocios.com.do\/v1\/wp-content\/uploads\/2023\/10\/1-5-3-1024x682.jpg 1024w, https:\/\/elmundodelosnegocios.com.do\/v1\/wp-content\/uploads\/2023\/10\/1-5-3-300x200.jpg 300w, https:\/\/elmundodelosnegocios.com.do\/v1\/wp-content\/uploads\/2023\/10\/1-5-3-768x512.jpg 768w, https:\/\/elmundodelosnegocios.com.do\/v1\/wp-content\/uploads\/2023\/10\/1-5-3.jpg 1091w\" sizes=\"auto, (max-width: 1024px) 100vw, 1024px\" \/><\/figure>\n<\/div>\n\n\n<p>En el Laboratorio de Finanzas Popular, los estudiantes, de forma f\u00edsica y virtual, aprender\u00e1n sobre la toma de decisiones financieras, la gesti\u00f3n de riesgos en los portafolios de inversi\u00f3n, el desarrollo de investigaciones en torno al mercado financiero y la formaci\u00f3n en finanzas, en sentido general.<\/p>\n\n\n<div class=\"wp-block-image\">\n<figure class=\"aligncenter size-full\"><img loading=\"lazy\" decoding=\"async\" width=\"1000\" height=\"667\" src=\"http:\/\/elmundodelosnegocios.com.do\/v1\/wp-content\/uploads\/2023\/10\/1-6-1.jpg\" alt=\"\" class=\"wp-image-32742\" srcset=\"https:\/\/elmundodelosnegocios.com.do\/v1\/wp-content\/uploads\/2023\/10\/1-6-1.jpg 1000w, https:\/\/elmundodelosnegocios.com.do\/v1\/wp-content\/uploads\/2023\/10\/1-6-1-300x200.jpg 300w, https:\/\/elmundodelosnegocios.com.do\/v1\/wp-content\/uploads\/2023\/10\/1-6-1-768x512.jpg 768w\" sizes=\"auto, (max-width: 1000px) 100vw, 1000px\" \/><\/figure>\n<\/div>\n\n\n<p>La unidad servir\u00e1 tambi\u00e9n como un espacio de enriquecimiento multidisciplinario, donde adquirir conocimientos sobre emprendimiento y simulaciones de c\u00f3mo operan los mercados financieros. Asimismo, puede potenciar la participaci\u00f3n de los estudiantes en competiciones internacionales.<\/p>\n\n\n\n<p><strong>Mayor uni\u00f3n del mercado laboral y la acad\u00e9mica<\/strong><\/p>\n\n\n\n<p>Durante el acto de inauguraci\u00f3n, el se\u00f1or Francisco Ram\u00edrez, vicepresidente ejecutivo de Negocios Personales y Sucursales del Banco Popular, indic\u00f3 que esta iniciativa \u201cser\u00e1 tambi\u00e9n un aporte a la mejora continua del sistema educativo de la Rep\u00fablica Dominicana, desde un ejercicio pr\u00e1ctico\u201d.<\/p>\n\n\n<div class=\"wp-block-image\">\n<figure class=\"aligncenter size-large\"><img loading=\"lazy\" decoding=\"async\" width=\"1024\" height=\"576\" src=\"https:\/\/elmundodelosnegocios.com.do\/v1\/wp-content\/uploads\/2023\/10\/1-3-4-1024x576.jpg\" alt=\"\" class=\"wp-image-32789\" srcset=\"https:\/\/elmundodelosnegocios.com.do\/v1\/wp-content\/uploads\/2023\/10\/1-3-4-1024x576.jpg 1024w, https:\/\/elmundodelosnegocios.com.do\/v1\/wp-content\/uploads\/2023\/10\/1-3-4-300x169.jpg 300w, https:\/\/elmundodelosnegocios.com.do\/v1\/wp-content\/uploads\/2023\/10\/1-3-4-768x432.jpg 768w, https:\/\/elmundodelosnegocios.com.do\/v1\/wp-content\/uploads\/2023\/10\/1-3-4-1536x864.jpg 1536w, https:\/\/elmundodelosnegocios.com.do\/v1\/wp-content\/uploads\/2023\/10\/1-3-4.jpg 1920w\" sizes=\"auto, (max-width: 1024px) 100vw, 1024px\" \/><\/figure>\n<\/div>\n\n\n<p>\u201cEl laboratorio es una herramienta y a su m\u00e1xima capacidad brindar\u00e1 a los estudiantes la oportunidad de desarrollar las habilidades que necesitan para tener \u00e9xito en sus carreras\u201d, indic\u00f3 el se\u00f1or Ram\u00edrez.<\/p>\n\n\n\n<p>Agreg\u00f3 que, como parte del acuerdo que ha dado cabida a este proyecto, el Popular realizar\u00e1 clases magistrales en la universidad sobre diversos t\u00f3picos financieros. Adem\u00e1s, ejecutivos del banco participar\u00e1n en el Comit\u00e9 Consultivo de la Carrera de Finanzas, a los fines de contar con una revisi\u00f3n curricular que garantice que el plan de estudio responda a las necesidades y tendencias del sector financiero en la actualidad.<\/p>\n\n\n\n<p>En tanto, el rector de UNAPEC, Franklyn Holgu\u00edn Hach\u00e9, destac\u00f3 el camino recorrido por el Banco Popular y el Grupo APEC en los cincuenta y nueve a\u00f1os que comparten de fundaci\u00f3n, teniendo como v\u00e9rtice al ya fallecido Alejandro Grull\u00f3n, fundador de dicha entidad bancaria, y quien form\u00f3 parte de los fundadores de Acci\u00f3n Pro Educaci\u00f3n y Cultura, APEC.<\/p>\n\n\n\n<p>\u201cLa intenci\u00f3n es mancomunar esfuerzos, experiencias y conocimientos.&nbsp; Promover la educaci\u00f3n financiera en todos los segmentos de la poblaci\u00f3n es un aspecto clave para lograr una mayor inclusi\u00f3n y que \u00e9sta sea a su vez justa, informada, segura y responsable\u201d, apunt\u00f3.<\/p>\n\n\n\n<p>El evento cont\u00f3 con la asistencia del vicepresidente ejecutivo de Comunicaciones Corporativas, Reputaci\u00f3n y Banca Responsable, se\u00f1or Jos\u00e9 M\u00e1rmol y del decano de la Facultad de Ciencias Econ\u00f3micas y Empresariales de UNAPEC, se\u00f1or&nbsp;Jos\u00e9 Antonio Gil, as\u00ed como otros ejecutivos y autoridades acad\u00e9micas.<\/p>\n\n\n\n<p><strong>Semana de las Finanzas Popular<\/strong><\/p>\n\n\n\n<p>La inauguraci\u00f3n del&nbsp;Laboratorio de Finanzas Popular sirvi\u00f3 tambi\u00e9n para informar sobre el lanzamiento de la&nbsp;Semana de las Finanzas Popular, una jornada de actividades de educaci\u00f3n financiera a realizarse hasta el viernes 6 de octubre en colegios y universidades como UNAPEC, Universidad O&amp;M, UNIBE, Colegio ABC School, Instituto Superior de Estudios Especializados en Ciencias Sociales y Humanidades Luis Heredia Bonetti (IES-LHB), y&nbsp;cerrando la semana con un evento abierto a todo el p\u00fablico, el s\u00e1bado 7, en el centro comercial, \u00c1gora Mall.<\/p>\n\n\n\n<p>El evento se enmarca en la celebraci\u00f3n del D\u00eda de la Educaci\u00f3n Financiera establecida en el a\u00f1o 2015 para cada primer lunes de octubre. Seg\u00fan la Organizaci\u00f3n para la Cooperaci\u00f3n y Desarrollo Econ\u00f3mico (OCDE), la educaci\u00f3n financiera es el proceso por el cual los individuos mejoran su comprensi\u00f3n de los conceptos y los productos financieros y desarrollan habilidades y confianza para ser m\u00e1s conscientes de los riesgos y oportunidades de las diferentes opciones financieras.<\/p>\n","protected":false},"excerpt":{"rendered":"<p>Inicia la Semana de las Finanzas Popular con actividades educativas Santo Domingo, D. N. &#8211; El Banco Popular Dominicano y la Universidad (UNAPEC) inauguraron un laboratorio de finanzas para estudiantes&hellip; <\/p>\n","protected":false},"author":2,"featured_media":32741,"comment_status":"closed","ping_status":"closed","sticky":false,"template":"","format":"standard","meta":{"fifu_image_url":"","fifu_image_alt":"","footnotes":""},"categories":[151],"tags":[],"class_list":["post-32740","post","type-post","status-publish","format-standard","has-post-thumbnail","hentry","category-gerencia"],"_links":{"self":[{"href":"https:\/\/elmundodelosnegocios.com.do\/v1\/wp-json\/wp\/v2\/posts\/32740","targetHints":{"allow":["GET"]}}],"collection":[{"href":"https:\/\/elmundodelosnegocios.com.do\/v1\/wp-json\/wp\/v2\/posts"}],"about":[{"href":"https:\/\/elmundodelosnegocios.com.do\/v1\/wp-json\/wp\/v2\/types\/post"}],"author":[{"embeddable":true,"href":"https:\/\/elmundodelosnegocios.com.do\/v1\/wp-json\/wp\/v2\/users\/2"}],"replies":[{"embeddable":true,"href":"https:\/\/elmundodelosnegocios.com.do\/v1\/wp-json\/wp\/v2\/comments?post=32740"}],"version-history":[{"count":0,"href":"https:\/\/elmundodelosnegocios.com.do\/v1\/wp-json\/wp\/v2\/posts\/32740\/revisions"}],"wp:featuredmedia":[{"embeddable":true,"href":"https:\/\/elmundodelosnegocios.com.do\/v1\/wp-json\/wp\/v2\/media\/32741"}],"wp:attachment":[{"href":"https:\/\/elmundodelosnegocios.com.do\/v1\/wp-json\/wp\/v2\/media?parent=32740"}],"wp:term":[{"taxonomy":"category","embeddable":true,"href":"https:\/\/elmundodelosnegocios.com.do\/v1\/wp-json\/wp\/v2\/categories?post=32740"},{"taxonomy":"post_tag","embeddable":true,"href":"https:\/\/elmundodelosnegocios.com.do\/v1\/wp-json\/wp\/v2\/tags?post=32740"}],"curies":[{"name":"wp","href":"https:\/\/api.w.org\/{rel}","templated":true}]}}