{"id":32778,"date":"2023-10-04T20:46:00","date_gmt":"2023-10-05T01:16:00","guid":{"rendered":"https:\/\/elmundodelosnegocios.com.do\/v1\/?p=32778"},"modified":"2023-10-04T20:46:02","modified_gmt":"2023-10-05T01:16:02","slug":"lanzan-arajet-y-boeing-programa-capacitacion-pilotos-dominicanos","status":"publish","type":"post","link":"https:\/\/elmundodelosnegocios.com.do\/v1\/lanzan-arajet-y-boeing-programa-capacitacion-pilotos-dominicanos\/","title":{"rendered":"Lanzan Arajet y Boeing programa capacitaci\u00f3n pilotos dominicanos"},"content":{"rendered":"\n<p><strong>Santo Domingo, R. D. Octubre 4, 2023. \u2013&nbsp;<\/strong>Arajet, la l\u00ednea \u00e1rea de precios bajos del caribe anunci\u00f3 su programa de becas para cadetes como parte de sus acciones de responsabilidad social para impulsar&nbsp;el desarrollo del talento local en la aviaci\u00f3n entre los pilotos dominicanos.<\/p>\n\n\n<div class=\"wp-block-image\">\n<figure class=\"aligncenter size-full\"><img loading=\"lazy\" decoding=\"async\" width=\"1024\" height=\"683\" src=\"http:\/\/elmundodelosnegocios.com.do\/v1\/wp-content\/uploads\/2023\/10\/1-2-7.jpg\" alt=\"\" class=\"wp-image-32779\" srcset=\"https:\/\/elmundodelosnegocios.com.do\/v1\/wp-content\/uploads\/2023\/10\/1-2-7.jpg 1024w, https:\/\/elmundodelosnegocios.com.do\/v1\/wp-content\/uploads\/2023\/10\/1-2-7-300x200.jpg 300w, https:\/\/elmundodelosnegocios.com.do\/v1\/wp-content\/uploads\/2023\/10\/1-2-7-768x512.jpg 768w\" sizes=\"auto, (max-width: 1024px) 100vw, 1024px\" \/><\/figure>\n<\/div>\n\n\n<p>La aerol\u00ednea inform\u00f3 que&nbsp;esta es una iniciativa utilizando las herramientas y servicios de entrenamiento de Boeing&nbsp;paraofrecer oportunidades educativas con est\u00e1ndares mundiales, contribuir al crecimiento del sector de la aviaci\u00f3n en la Rep\u00fablica Dominicana y convertir al pa\u00eds en el centro preferido de conexiones en el Caribe.<\/p>\n\n\n\n<p>Indicaron que en la primera etapa estar\u00e1n ofreciendo 10 becas para el curso inicial en la Rep\u00fablica Dominicana con un m\u00f3dulo te\u00f3rico donde los dos cadetes m\u00e1s sobresalientes tendr\u00e1n la oportunidad de&nbsp;ser entrenado en el simulador de vuelo de Boeing en la ciudad de Miami y aplicar para pertenecer a la aerol\u00ednea como primeros oficiales.<\/p>\n\n\n\n<p>\u201cPara Arajet es un&nbsp;compromiso desarrollar la aviaci\u00f3n dominicana en todos los aspectos, y eso incluye tener los mejores&nbsp;pilotos nacidos en nuestra tierra con el entrenamiento necesario para ser profesionales de clase mundial\u201d afirm\u00f3 V\u00edctor Pacheco, CEO y fundador de Arajet.<\/p>\n\n\n\n<p>Pacheco expres\u00f3 que con estas acciones reafirman su compromiso con la creaci\u00f3n de empleo para el talento dominicano y el desarrollo de habilidades y conocimientos para impulsar el crecimiento del sector en el pa\u00eds.&nbsp;<\/p>\n\n\n\n<p>La l\u00ednea a\u00e9rea bandera nacional explic\u00f3&nbsp;que los candidatos interesados en aplicar deben tener contar con requisitos como ser ciudadano dominicano, mayor de edad, poseer una licencia de piloto comercial, tener un m\u00ednimo de 250 horas de experiencia de vuelo, con adici\u00f3n a aeronaves bi-motor o multi-motor, disponer de visa americana y poseer un nivel m\u00ednimo 4 de ingl\u00e9s (ICAO).<\/p>\n\n\n\n<p>Las&nbsp;solicitudes para las&nbsp;becas del Programa de Cadetes Piloto estar\u00e1n abiertas desde el 6 de octubre hasta el 13 de octubre y los criterios de elegibilidad y el proceso de&nbsp;solicitud a trav\u00e9s del sitio web oficial Arajet.com, espec\u00edficamente en la secci\u00f3n \u201cTrabaja para Arajet\u201d.<\/p>\n\n\n\n<p><strong><em>Sobre Arajet<\/em><\/strong><\/p>\n\n\n\n<p>Arajet es la primera aerol\u00ednea de bajos precios&nbsp;en la regi\u00f3n del Caribe e inici\u00f3 operaciones en septiembre de 2022 desde su base en el&nbsp;Aeropuerto de Las Am\u00e9ricas en Santo Domingo, bajo su certificado de operador a\u00e9reo (AOC) de Rep\u00fablica Dominicana. Arajet opera una nueva flota de aviones Boeing 737MAX-8&nbsp;que brindan viajes seguros y asequibles desde y hacia la Rep\u00fablica Dominicana&nbsp;a varios destinos en Am\u00e9rica del Norte, Central y del Sur y la regi\u00f3n del Caribe. Para obtener m\u00e1s informaci\u00f3n, visite&nbsp;<a href=\"http:\/\/www.arajet.com\/\" rel=\"noreferrer noopener\" target=\"_blank\">www.Arajet.com<\/a><\/p>\n","protected":false},"excerpt":{"rendered":"<p>Santo Domingo, R. D. Octubre 4, 2023. \u2013&nbsp;Arajet, la l\u00ednea \u00e1rea de precios bajos del caribe anunci\u00f3 su programa de becas para cadetes como parte de sus acciones de responsabilidad&hellip; <\/p>\n","protected":false},"author":2,"featured_media":32779,"comment_status":"closed","ping_status":"closed","sticky":false,"template":"","format":"standard","meta":{"fifu_image_url":"","fifu_image_alt":"","footnotes":""},"categories":[168],"tags":[],"class_list":["post-32778","post","type-post","status-publish","format-standard","has-post-thumbnail","hentry","category-transporte-aereo"],"_links":{"self":[{"href":"https:\/\/elmundodelosnegocios.com.do\/v1\/wp-json\/wp\/v2\/posts\/32778","targetHints":{"allow":["GET"]}}],"collection":[{"href":"https:\/\/elmundodelosnegocios.com.do\/v1\/wp-json\/wp\/v2\/posts"}],"about":[{"href":"https:\/\/elmundodelosnegocios.com.do\/v1\/wp-json\/wp\/v2\/types\/post"}],"author":[{"embeddable":true,"href":"https:\/\/elmundodelosnegocios.com.do\/v1\/wp-json\/wp\/v2\/users\/2"}],"replies":[{"embeddable":true,"href":"https:\/\/elmundodelosnegocios.com.do\/v1\/wp-json\/wp\/v2\/comments?post=32778"}],"version-history":[{"count":0,"href":"https:\/\/elmundodelosnegocios.com.do\/v1\/wp-json\/wp\/v2\/posts\/32778\/revisions"}],"wp:featuredmedia":[{"embeddable":true,"href":"https:\/\/elmundodelosnegocios.com.do\/v1\/wp-json\/wp\/v2\/media\/32779"}],"wp:attachment":[{"href":"https:\/\/elmundodelosnegocios.com.do\/v1\/wp-json\/wp\/v2\/media?parent=32778"}],"wp:term":[{"taxonomy":"category","embeddable":true,"href":"https:\/\/elmundodelosnegocios.com.do\/v1\/wp-json\/wp\/v2\/categories?post=32778"},{"taxonomy":"post_tag","embeddable":true,"href":"https:\/\/elmundodelosnegocios.com.do\/v1\/wp-json\/wp\/v2\/tags?post=32778"}],"curies":[{"name":"wp","href":"https:\/\/api.w.org\/{rel}","templated":true}]}}