{"id":32792,"date":"2023-10-05T08:37:07","date_gmt":"2023-10-05T13:07:07","guid":{"rendered":"https:\/\/elmundodelosnegocios.com.do\/v1\/?p=32792"},"modified":"2023-10-05T08:37:09","modified_gmt":"2023-10-05T13:07:09","slug":"proyecta-centro-cultural-banreservas-cinco-peliculas-clasicas-imperdibles","status":"publish","type":"post","link":"https:\/\/elmundodelosnegocios.com.do\/v1\/proyecta-centro-cultural-banreservas-cinco-peliculas-clasicas-imperdibles\/","title":{"rendered":"Proyecta Centro Cultural Banreservas cinco pel\u00edculas cl\u00e1sicas imperdibles"},"content":{"rendered":"\n<p><em>Se exhibir\u00e1n gratis \u00abLos dioses deben de estar locos\u00bb, \u00abUn rostro en la multitud\u00bb, \u00abLos ni\u00f1os del cielo\u00bb, \u00abMuerte de un ciclista\u00bb y \u00abCinema&nbsp;Paradiso\u00bb<\/em><\/p>\n\n\n\n<p>El Centro Cultural&nbsp;Banreservas&nbsp;anunci\u00f3 que exhibir\u00e1 los martes de octubre pel\u00edculas cl\u00e1sicas internacionales, consideradas por la cr\u00edtica internacional como \u201cimperdibles\u201d, por la calidad y los esquemas novedosos y creativos que establecieron.<\/p>\n\n\n\n<figure class=\"wp-block-image size-full\"><img loading=\"lazy\" decoding=\"async\" width=\"1000\" height=\"665\" src=\"http:\/\/elmundodelosnegocios.com.do\/v1\/wp-content\/uploads\/2023\/10\/centro-cultural-reservas.jpg\" alt=\"\" class=\"wp-image-32793\" srcset=\"https:\/\/elmundodelosnegocios.com.do\/v1\/wp-content\/uploads\/2023\/10\/centro-cultural-reservas.jpg 1000w, https:\/\/elmundodelosnegocios.com.do\/v1\/wp-content\/uploads\/2023\/10\/centro-cultural-reservas-300x200.jpg 300w, https:\/\/elmundodelosnegocios.com.do\/v1\/wp-content\/uploads\/2023\/10\/centro-cultural-reservas-768x511.jpg 768w\" sizes=\"auto, (max-width: 1000px) 100vw, 1000px\" \/><\/figure>\n\n\n\n<p>Las pel\u00edculas que se proyectar\u00e1n en el auditorio del centro son: \u00abLos dioses deben de estar locos\u00bb, \u00abUn rostro en la multitud\u00bb, \u00abLos ni\u00f1os del cielo\u00bb, \u00abMuerte de un ciclista\u00bb y \u00abCinema&nbsp;Paradiso\u00bb. Cada vez contar\u00e1 con la moderaci\u00f3n del asesor en cine del CCBR, Rienzie Pared P\u00e9rez.<\/p>\n\n\n\n<p>Mijail Peralta Rodr\u00edguez, gerente de Cultura de Banreservas, inform\u00f3 que las funciones inician a las siete de la noche en el auditorio (que tiene n\u00famero limitado de asientos), por lo que recomienda al p\u00fablico reservar, llamando por tel\u00e9fono 809-960-2121 o por el correo electr\u00f3nico&nbsp;centroculturalbanreservas@banreservas.com.<\/p>\n\n\n\n<figure class=\"wp-block-image size-full\"><img loading=\"lazy\" decoding=\"async\" width=\"1000\" height=\"665\" src=\"https:\/\/elmundodelosnegocios.com.do\/v1\/wp-content\/uploads\/2023\/10\/centro-cultural-reservas-1.jpg\" alt=\"\" class=\"wp-image-32794\" srcset=\"https:\/\/elmundodelosnegocios.com.do\/v1\/wp-content\/uploads\/2023\/10\/centro-cultural-reservas-1.jpg 1000w, https:\/\/elmundodelosnegocios.com.do\/v1\/wp-content\/uploads\/2023\/10\/centro-cultural-reservas-1-300x200.jpg 300w, https:\/\/elmundodelosnegocios.com.do\/v1\/wp-content\/uploads\/2023\/10\/centro-cultural-reservas-1-768x511.jpg 768w\" sizes=\"auto, (max-width: 1000px) 100vw, 1000px\" \/><\/figure>\n\n\n\n<p>Las proyecciones inician el martes 3 con&nbsp;\u00abLos dioses deben de estar locos\u00bb&nbsp;(The&nbsp;gods&nbsp;must&nbsp;be&nbsp;crazy), del director&nbsp;Jamie&nbsp;Uys, (1980) con la historia de Xi, su familia y su tribu de&nbsp;bosquimanos, que viven felices en&nbsp;el desierto del&nbsp;Kalahari, hasta que un d\u00eda una botella de vidrio cl\u00e1sica de Coca-Cola cae desde una avioneta que sobrevolaba el lugar y cree que este extra\u00f1o artefacto es otro&nbsp;\u201cregalo\u201d&nbsp;de los dioses y le dan m\u00faltiples usos. &nbsp;<\/p>\n\n\n\n<p>El martes 10 se proyecta el drama norteamericano de&nbsp;1957,&nbsp;\u00abUn rostro en la multitud\u00bb&nbsp;(A&nbsp;face&nbsp;in&nbsp;the&nbsp;crowd), del director El\u00edas&nbsp;Kaz\u00e1n, que se adelant\u00f3 a su tiempo, al plantear la transformaci\u00f3n en figura medi\u00e1tica de un vagabundo que fue entrevistado de casualidad en una radio local y se transform\u00f3 \u2013 por su estilo inusual y la singularidad de su voz- en una figura de la televisi\u00f3n de su tiempo. Fue el precedente de muchas pel\u00edculas de hoy d\u00eda, basadas en ese esquema.<\/p>\n\n\n\n<p>El&nbsp;martes 17 se proyecta&nbsp;\u00abLos ni\u00f1os del cielo\u00bb,&nbsp;del director iran\u00ed&nbsp;Majid&nbsp;Majidi, una historia cotidiana tan simple centrada en dos hermanitos, que un buen d\u00eda pierden un zapato escolar. Ese hecho es manejado como es referencia en las escuelas de cine sobre tem\u00e1tica con un grado extremo de gesti\u00f3n audiovisual.<\/p>\n\n\n\n<p>Las proyecciones siguen el martes 24, con&nbsp;\u00abMuerte de una ciclista\u00bb, producci\u00f3n espa\u00f1ola de 1955, a cargo del director Juan Antonio&nbsp;Bardem.<\/p>\n\n\n\n<p>La cr\u00edtica internacional califica este singular drama de incomunicaci\u00f3n, en el cual una joven dama de la burgues\u00eda madrile\u00f1a, y su&nbsp;amante,&nbsp;Juan, atropellan accidentalmente a un ciclista y cuando se detienen para comprobar su estado, Juan se acerca al moribundo, se agacha y dice:&nbsp;\u201cEst\u00e1 vivo\u201d, pero lo abandonan.<\/p>\n\n\n\n<p>Atormentados por el remordimiento y el miedo, que les perseguir\u00e1 a cada momento hasta que descubren que nadie sabe nada de lo sucedido. Es un reflejo del enfrentamiento entre lo \u00e9tico, los protocolos sociales y la conciencia que manda al buen actuar.<\/p>\n\n\n\n<p>Finalmente,&nbsp;el martes 31, se presenta&nbsp;\u00abCinema&nbsp;paradiso\u00bb,&nbsp;de&nbsp;Giusseppe&nbsp;Tornatore, evocaci\u00f3n po\u00e9tica y m\u00e1gica de la fuerza del cine en un ni\u00f1o.<\/p>\n\n\n\n<p>Se trata de una de las odas f\u00edlmicas mejor logradas al seducir con sonidos e im\u00e1genes en la fuerza que solo el cine puede lograr en almas sensibles y el impacto de este arte en la imaginaci\u00f3n, el recuerdo y la magia del vivir muchas vidas.<\/p>\n\n\n\n<p>El Centro Cultural Banreservas est\u00e1 ubicado en la calle Isabel La Cat\u00f3lica # 202 de Ciudad Colonial, con facilidad de parqueo gratuito al lado de la instituci\u00f3n<\/p>\n","protected":false},"excerpt":{"rendered":"<p>Se exhibir\u00e1n gratis \u00abLos dioses deben de estar locos\u00bb, \u00abUn rostro en la multitud\u00bb, \u00abLos ni\u00f1os del cielo\u00bb, \u00abMuerte de un ciclista\u00bb y \u00abCinema&nbsp;Paradiso\u00bb El Centro Cultural&nbsp;Banreservas&nbsp;anunci\u00f3 que exhibir\u00e1 los&hellip; <\/p>\n","protected":false},"author":2,"featured_media":32793,"comment_status":"closed","ping_status":"closed","sticky":false,"template":"","format":"standard","meta":{"fifu_image_url":"","fifu_image_alt":"","footnotes":""},"categories":[148],"tags":[],"class_list":["post-32792","post","type-post","status-publish","format-standard","has-post-thumbnail","hentry","category-cultura"],"_links":{"self":[{"href":"https:\/\/elmundodelosnegocios.com.do\/v1\/wp-json\/wp\/v2\/posts\/32792","targetHints":{"allow":["GET"]}}],"collection":[{"href":"https:\/\/elmundodelosnegocios.com.do\/v1\/wp-json\/wp\/v2\/posts"}],"about":[{"href":"https:\/\/elmundodelosnegocios.com.do\/v1\/wp-json\/wp\/v2\/types\/post"}],"author":[{"embeddable":true,"href":"https:\/\/elmundodelosnegocios.com.do\/v1\/wp-json\/wp\/v2\/users\/2"}],"replies":[{"embeddable":true,"href":"https:\/\/elmundodelosnegocios.com.do\/v1\/wp-json\/wp\/v2\/comments?post=32792"}],"version-history":[{"count":0,"href":"https:\/\/elmundodelosnegocios.com.do\/v1\/wp-json\/wp\/v2\/posts\/32792\/revisions"}],"wp:featuredmedia":[{"embeddable":true,"href":"https:\/\/elmundodelosnegocios.com.do\/v1\/wp-json\/wp\/v2\/media\/32793"}],"wp:attachment":[{"href":"https:\/\/elmundodelosnegocios.com.do\/v1\/wp-json\/wp\/v2\/media?parent=32792"}],"wp:term":[{"taxonomy":"category","embeddable":true,"href":"https:\/\/elmundodelosnegocios.com.do\/v1\/wp-json\/wp\/v2\/categories?post=32792"},{"taxonomy":"post_tag","embeddable":true,"href":"https:\/\/elmundodelosnegocios.com.do\/v1\/wp-json\/wp\/v2\/tags?post=32792"}],"curies":[{"name":"wp","href":"https:\/\/api.w.org\/{rel}","templated":true}]}}