{"id":32796,"date":"2023-10-05T08:40:03","date_gmt":"2023-10-05T13:10:03","guid":{"rendered":"https:\/\/elmundodelosnegocios.com.do\/v1\/?p=32796"},"modified":"2023-10-05T08:40:05","modified_gmt":"2023-10-05T13:10:05","slug":"mas-dos-mil-microempresarios-y-emprendedores-participaron-en-crece","status":"publish","type":"post","link":"https:\/\/elmundodelosnegocios.com.do\/v1\/mas-dos-mil-microempresarios-y-emprendedores-participaron-en-crece\/","title":{"rendered":"M\u00e1s dos mil microempresarios y emprendedores participaron en Crece\u00a0"},"content":{"rendered":"\n<p><strong>Distrito Nacional,<\/strong>&nbsp;R.D. Octubre 2023.- La C\u00e1mara de Comercio y Producci\u00f3n (CCPSD) cerr\u00f3 con \u00e9xito la primera versi\u00f3n de \u00abCrece C\u00e1mara Santo Domingo\u00bb con asistencia de m\u00e1s de 2 mil micro, peque\u00f1os empresarios y emprendedores, en un esfuerzo por impulsar el crecimiento econ\u00f3mico y la colaboraci\u00f3n de estos sectores.<\/p>\n\n\n\n<figure class=\"wp-block-image size-large\"><img loading=\"lazy\" decoding=\"async\" width=\"1024\" height=\"682\" src=\"https:\/\/elmundodelosnegocios.com.do\/v1\/wp-content\/uploads\/2023\/10\/1-3-5-1024x682.jpg\" alt=\"\" class=\"wp-image-32797\" srcset=\"https:\/\/elmundodelosnegocios.com.do\/v1\/wp-content\/uploads\/2023\/10\/1-3-5-1024x682.jpg 1024w, https:\/\/elmundodelosnegocios.com.do\/v1\/wp-content\/uploads\/2023\/10\/1-3-5-300x200.jpg 300w, https:\/\/elmundodelosnegocios.com.do\/v1\/wp-content\/uploads\/2023\/10\/1-3-5-768x512.jpg 768w, https:\/\/elmundodelosnegocios.com.do\/v1\/wp-content\/uploads\/2023\/10\/1-3-5-1536x1024.jpg 1536w, https:\/\/elmundodelosnegocios.com.do\/v1\/wp-content\/uploads\/2023\/10\/1-3-5.jpg 1655w\" sizes=\"auto, (max-width: 1024px) 100vw, 1024px\" \/><\/figure>\n\n\n\n<p>Durante el evento de tres d\u00edas, que tuvo lugar en un centro comercial del pa\u00eds, se llevaron a cabo, adem\u00e1s, 101 sesiones de rondas de negocios, que involucr\u00f3 a 50 empresas representantes de diversos sectores comerciales y donde las transacciones de negocios superaron m\u00e1s de 28 millones de pesos.<\/p>\n\n\n\n<p>\u201cEstos n\u00fameros destacan el compromiso de la C\u00e1mara de Comercio de Santo Domingo en fomentar la colaboraci\u00f3n entre empresas y emprendedores locales, promoviendo as\u00ed el desarrollo econ\u00f3mico sostenible\u201d, expres\u00f3 Lucile Houellemont, presidente de la junta directiva de la CCPSD.<\/p>\n\n\n\n<p>Asimismo, Houellemont destac\u00f3 la participaci\u00f3n de estos empresarios y emprendedores en el variado programa que incluy\u00f3 m\u00e1s de 20 charlas, entre estas: Transformando emprendedores y PYMES en empresas inteligentes, como separar las finanzas personales de las finanzas del negocio y herramientas para organizar financieramente tu negocio. As\u00ed como los paneles: Soluciones para ti y tu negocio y el panel de formalizaci\u00f3n.<\/p>\n\n\n\n<p>De igual manera, la presidente de la CCPSD se\u00f1al\u00f3 que esta iniciativa ha demostrado una vez m\u00e1s el compromiso de la instituci\u00f3n, con el crecimiento empresarial y su firme misi\u00f3n de facilitar hacer negocios en el pa\u00eds.<\/p>\n\n\n\n<p>Crece, est\u00e1 inspirado en el deseo de facilitar el hacer negocios, impulsando micro y peque\u00f1as empresas y a emprendedores, brind\u00e1ndoles herramientas que les permitan crecer.<\/p>\n\n\n\n<p>En su primera edici\u00f3n, Crece, facilit\u00f3 una plataforma efectiva para el&nbsp;<em>networking,<\/em>&nbsp;donde se establecieron contactos, intercambiaron ideas y se explor\u00f3 nuevas oportunidades de colaboraci\u00f3n.<\/p>\n","protected":false},"excerpt":{"rendered":"<p>Distrito Nacional,&nbsp;R.D. Octubre 2023.- La C\u00e1mara de Comercio y Producci\u00f3n (CCPSD) cerr\u00f3 con \u00e9xito la primera versi\u00f3n de \u00abCrece C\u00e1mara Santo Domingo\u00bb con asistencia de m\u00e1s de 2 mil micro,&hellip; <\/p>\n","protected":false},"author":2,"featured_media":32797,"comment_status":"closed","ping_status":"closed","sticky":false,"template":"","format":"standard","meta":{"fifu_image_url":"","fifu_image_alt":"","footnotes":""},"categories":[83],"tags":[],"class_list":["post-32796","post","type-post","status-publish","format-standard","has-post-thumbnail","hentry","category-empresariales-empresariales"],"_links":{"self":[{"href":"https:\/\/elmundodelosnegocios.com.do\/v1\/wp-json\/wp\/v2\/posts\/32796","targetHints":{"allow":["GET"]}}],"collection":[{"href":"https:\/\/elmundodelosnegocios.com.do\/v1\/wp-json\/wp\/v2\/posts"}],"about":[{"href":"https:\/\/elmundodelosnegocios.com.do\/v1\/wp-json\/wp\/v2\/types\/post"}],"author":[{"embeddable":true,"href":"https:\/\/elmundodelosnegocios.com.do\/v1\/wp-json\/wp\/v2\/users\/2"}],"replies":[{"embeddable":true,"href":"https:\/\/elmundodelosnegocios.com.do\/v1\/wp-json\/wp\/v2\/comments?post=32796"}],"version-history":[{"count":0,"href":"https:\/\/elmundodelosnegocios.com.do\/v1\/wp-json\/wp\/v2\/posts\/32796\/revisions"}],"wp:featuredmedia":[{"embeddable":true,"href":"https:\/\/elmundodelosnegocios.com.do\/v1\/wp-json\/wp\/v2\/media\/32797"}],"wp:attachment":[{"href":"https:\/\/elmundodelosnegocios.com.do\/v1\/wp-json\/wp\/v2\/media?parent=32796"}],"wp:term":[{"taxonomy":"category","embeddable":true,"href":"https:\/\/elmundodelosnegocios.com.do\/v1\/wp-json\/wp\/v2\/categories?post=32796"},{"taxonomy":"post_tag","embeddable":true,"href":"https:\/\/elmundodelosnegocios.com.do\/v1\/wp-json\/wp\/v2\/tags?post=32796"}],"curies":[{"name":"wp","href":"https:\/\/api.w.org\/{rel}","templated":true}]}}